{"id":1235,"date":"2023-05-19T10:11:29","date_gmt":"2023-05-19T08:11:29","guid":{"rendered":"https:\/\/www.carton.pl\/blog\/?p=1235"},"modified":"2023-05-22T10:14:48","modified_gmt":"2023-05-22T08:14:48","slug":"jak-ubrac-sie-na-koncert-rockowy-wskazowki-dla-fanow-muzyki-rockowej","status":"publish","type":"post","link":"https:\/\/www.carton.pl\/blog\/jak-ubrac-sie-na-koncert-rockowy-wskazowki-dla-fanow-muzyki-rockowej\/","title":{"rendered":"Jak ubra\u0107 si\u0119 na koncert rockowy? Wskaz\u00f3wki dla fan\u00f3w muzyki rockowej!"},"content":{"rendered":"\n<p>To, co najlepsze jest w koncertach rockowych, to ich ca\u0142a otoczka. Przygotowanie si\u0119 do koncertu rockowego to co\u015b wi\u0119cej ni\u017c tylko wyb\u00f3r stroju \u2013 to gotowo\u015b\u0107 do zanurzenia si\u0119 w atmosferze g\u0142o\u015bnej muzyki, niewiarygodnej energii i pasji. Twoje ubrania s\u0105 cz\u0119\u015bci\u0105 tego do\u015bwiadczenia i wyra\u017caj\u0105 Twoj\u0105 osobowo\u015b\u0107 oraz zami\u0142owanie do rocka. Je\u015bli szykujesz si\u0119 na wydarzenie muzyczne i nie do ko\u0144ca wiesz, w jaki spos\u00f3b wybra\u0107 stylizacj\u0119, to nasze rady b\u0119d\u0105 dla Ciebie wyj\u0105tkowo pomocne.<\/p>\n\n\n\n<!--more-->\n\n\n\n<h2 class=\"wp-block-heading\">Styl casual w wersji rockowej&nbsp;<\/h2>\n\n\n\n<p>Casual to bardzo bezpieczny wyb\u00f3r \u2013 wybieraj\u0105c t\u0119 opcj\u0119, mo\u017cesz czu\u0107 si\u0119 bezpiecznie. Czarne jeansy, wygodna koszulka z logo ulubionego zespo\u0142u, sk\u00f3rzana kurtka i para solidnych but\u00f3w to proste, ale sprawdzone zestawienie. Pami\u0119taj, \u017ce Tw\u00f3j str\u00f3j nie musi by\u0107 drogi, wymy\u015blny czy bogaty w akcesoria, aby by\u0142 efektowny. Koncerty rockowe maj\u0105 to do siebie, \u017ce s\u0105 fajne same w sobie i nawet najbardziej klasyczna stylizacja tego nie zmieni.&nbsp;<\/p>\n\n\n\n<p>Mo\u017cesz oczywi\u015bcie postawi\u0107 na \u201eco\u015b\u201d o wiele bardziej wyrazistego, na przyk\u0142ad w delikatnej wersji glamour. Bardzo cz\u0119sto ubrania rockowe to po\u0142\u0105czenie sk\u00f3rzanego stylu bikerowego z b\u0142yszcz\u0105cymi dodatkami. Wyobra\u017a sobie sk\u00f3rzane spodnie, czarn\u0105 koronkow\u0105 bluzk\u0119, sk\u00f3rzany gorset, srebrne naszyjniki, a do tego mocno podkre\u015blone oczy \u2013 wszystko to tworzy wyrazisty, niepowtarzalny look. To od Ciebie zale\u017cy, kt\u00f3r\u0105 drog\u0119 wybierzesz.&nbsp;<\/p>\n\n\n\n<h2 class=\"wp-block-heading\">Stylizacja rockowa \u2013 o tym pami\u0119taj&nbsp;<\/h2>\n\n\n\n<p>Bez wzgl\u0119du na styl, pami\u0119taj o jednym \u2013 koncert to zazwyczaj kilka godzin stania, ta\u0144czenia, skakania. Wybierz wi\u0119c ubrania i buty, kt\u00f3re s\u0105 wygodne i nie kr\u0119puj\u0105 ruch\u00f3w. Gwarantujemy Ci, \u017ce nie chcesz sp\u0119dzi\u0107 wieczoru, zmagaj\u0105c si\u0119 z niewygodnymi butami lub zbyt ciasnymi spodniami. Zanim wi\u0119c wybierzesz si\u0119 na zakupy lub zaczniesz przegl\u0105da\u0107 szaf\u0119, sprawd\u017a pogod\u0119 i miejsce, w kt\u00f3rym odb\u0119d\u0105 si\u0119 wyst\u0119py.&nbsp;<\/p>\n\n\n\n<p>Zawsze zwracaj uwag\u0119 na to, gdzie odb\u0119dzie si\u0119 koncert i jaka jest prognoza pogody. Na otwartym koncercie rockowym, w zale\u017cno\u015bci od pogody, mo\u017cesz potrzebowa\u0107 dodatkowych warstw ubra\u0144, kurtki przeciwdeszczowej lub kapelusza chroni\u0105cego przed s\u0142o\u0144cem. Para kaloszy r\u00f3wnie\u017c oka\u017ce si\u0119 konieczna!&nbsp;<\/p>\n\n\n\n<p>Akcesoria rockowe&nbsp;<\/p>\n\n\n\n<p>Zastanawiasz si\u0119, kt\u00f3ra bi\u017cuteria jest najbardziej charakterystyczna dla muzyki rocka? Przygotowali\u015bmy dla Ciebie ma\u0142e podpowiedzi.&nbsp;<\/p>\n\n\n\n<ul class=\"wp-block-list\">\n<li>\u0141a\u0144cuchy i naszyjniki \u2013 grube, metalowe \u0142a\u0144cuchy lub naszyjniki s\u0105 bardzo popularne w rockowym stylu. Mog\u0105 mie\u0107 r\u00f3\u017cne rozmiary i by\u0107 ozdobione zawieszkami w postaci krzy\u017cy, gwo\u017adzi, czaszek lub innych symboli rockowej estetyki.<\/li>\n\n\n\n<li>Bransoletki i opaski na nadgarstek \u2013 sk\u00f3rzane bransoletki, \u0142a\u0144cuchy lub opaski na nadgarstek s\u0105 cz\u0119sto wybierane przez fan\u00f3w rocka. Najcz\u0119\u015bciej s\u0105 one ozdobione metalowymi \u0107wiekami, kolcami lub innymi charakterystycznymi elementami.<\/li>\n\n\n\n<li>Paski ze sk\u00f3ry \u2013 najlepiej z du\u017cymi klamrami lub zdobieniami. S\u0105 one nieod\u0142\u0105cznym elementem rockowej estetyki.&nbsp;<\/li>\n\n\n\n<li><\/li>\n<\/ul>\n\n\n\n<p>&nbsp;Pami\u0119taj, \u017ce podczas koncert\u00f3w rockowych cz\u0119sto panuje du\u017ca wrzawa i ruch,&nbsp; dlatego polecamy unika\u0107 noszenia cennych bi\u017cuterii i zegark\u00f3w, kt\u00f3re mog\u0105 \u0142atwo zosta\u0107 zgubione lub skradzione. Je\u017celi nie mo\u017cesz sobie wyobrazi\u0107 swojego koncertowego looku bez ci\u0119\u017ckich naszyjnik\u00f3w, du\u017cych kolczyk\u00f3w lub spinki do w\u0142os\u00f3w, upewnij si\u0119, \u017ce s\u0105 one dobrze przymocowane i nie stanowi\u0105 zagro\u017cenia dla ciebie lub innych uczestnik\u00f3w koncertu.<\/p>\n\n\n\n<h2 class=\"wp-block-heading\">Torba na koncert, a mo\u017ce plecak \u2013 co wybra\u0107?<\/h2>\n\n\n\n<p>Przemy\u015bl, co chcesz ze sob\u0105 zabra\u0107. Telefon, portfel, klucze, by\u0107 mo\u017ce woda \u2013 wszystko to musi znale\u017a\u0107 swoje miejsce. Idealnym rozwi\u0105zaniem b\u0119dzie ma\u0142a, sk\u00f3rzana torba przez rami\u0119 lub nerka. Tego typu torebki s\u0105 nie tylko stylowe i wygodne, ale tak\u017ce praktyczne \u2013 zapewniaj\u0105 \u0142atwy dost\u0119p do najwa\u017cniejszych rzeczy i pozwalaj\u0105 cieszy\u0107 si\u0119 koncertem bez zmartwie\u0144.<\/p>\n\n\n\n<p>Czy plecak to dobre rozwi\u0105zanie? Z pewno\u015bci\u0105 jest on pojemny, ale nie do ko\u0144ca masz kontrol\u0119 nad jego dost\u0119pem, kiedy jest on na plecach. Lepiej zainwestuj w nerk\u0119, a plecak zostaw na inn\u0105 okazj\u0119.<\/p>\n\n\n\n<div style=\"height:50px\" aria-hidden=\"true\" class=\"wp-block-spacer\"><\/div>\n\n\n\n<p class=\"has-text-align-center\"><strong>Zobacz nasze <a href=\"https:\/\/www.carton.pl\/produkty\/koszulki\">koszulki rockowe<\/a>. Idealne na muzyczne festiwale!<\/strong><\/p>\n\n\n\n<figure class=\"wp-block-gallery has-nested-images columns-5 is-cropped wp-block-gallery-1 is-layout-flex wp-block-gallery-is-layout-flex\">\n<figure class=\"wp-block-image size-full\"><img loading=\"lazy\" decoding=\"async\" width=\"360\" height=\"539\" data-id=\"644\" src=\"https:\/\/www.carton.pl\/blog\/wp-content\/uploads\/2022\/08\/mm_1_1_K_828-01.jpg\" alt=\"\" class=\"wp-image-644\" srcset=\"https:\/\/www.carton.pl\/blog\/wp-content\/uploads\/2022\/08\/mm_1_1_K_828-01.jpg 360w, https:\/\/www.carton.pl\/blog\/wp-content\/uploads\/2022\/08\/mm_1_1_K_828-01-200x300.jpg 200w\" sizes=\"auto, (max-width: 360px) 100vw, 360px\" \/><\/figure>\n\n\n\n<figure class=\"wp-block-image size-full\"><img loading=\"lazy\" decoding=\"async\" width=\"360\" height=\"539\" data-id=\"865\" src=\"https:\/\/www.carton.pl\/blog\/wp-content\/uploads\/2023\/03\/mm_1_1_K_234-01.jpg\" alt=\"\" class=\"wp-image-865\" srcset=\"https:\/\/www.carton.pl\/blog\/wp-content\/uploads\/2023\/03\/mm_1_1_K_234-01.jpg 360w, https:\/\/www.carton.pl\/blog\/wp-content\/uploads\/2023\/03\/mm_1_1_K_234-01-200x300.jpg 200w\" sizes=\"auto, (max-width: 360px) 100vw, 360px\" \/><\/figure>\n\n\n\n<figure class=\"wp-block-image size-full\"><img loading=\"lazy\" decoding=\"async\" width=\"360\" height=\"539\" data-id=\"645\" src=\"https:\/\/www.carton.pl\/blog\/wp-content\/uploads\/2022\/08\/mm_1_1_KD_357A-01.jpg\" alt=\"\" class=\"wp-image-645\" srcset=\"https:\/\/www.carton.pl\/blog\/wp-content\/uploads\/2022\/08\/mm_1_1_KD_357A-01.jpg 360w, https:\/\/www.carton.pl\/blog\/wp-content\/uploads\/2022\/08\/mm_1_1_KD_357A-01-200x300.jpg 200w\" sizes=\"auto, (max-width: 360px) 100vw, 360px\" \/><\/figure>\n\n\n\n<figure class=\"wp-block-image size-full\"><img loading=\"lazy\" decoding=\"async\" width=\"360\" height=\"539\" data-id=\"868\" src=\"https:\/\/www.carton.pl\/blog\/wp-content\/uploads\/2023\/03\/mm_1_1_K_995-01.jpg\" alt=\"\" class=\"wp-image-868\" srcset=\"https:\/\/www.carton.pl\/blog\/wp-content\/uploads\/2023\/03\/mm_1_1_K_995-01.jpg 360w, https:\/\/www.carton.pl\/blog\/wp-content\/uploads\/2023\/03\/mm_1_1_K_995-01-200x300.jpg 200w\" sizes=\"auto, (max-width: 360px) 100vw, 360px\" \/><\/figure>\n\n\n\n<figure class=\"wp-block-image size-full\"><img loading=\"lazy\" decoding=\"async\" width=\"360\" height=\"539\" data-id=\"434\" src=\"https:\/\/www.carton.pl\/blog\/wp-content\/uploads\/2022\/02\/mm_1_1_K_293-01.jpg\" alt=\"\" class=\"wp-image-434\" srcset=\"https:\/\/www.carton.pl\/blog\/wp-content\/uploads\/2022\/02\/mm_1_1_K_293-01.jpg 360w, https:\/\/www.carton.pl\/blog\/wp-content\/uploads\/2022\/02\/mm_1_1_K_293-01-200x300.jpg 200w\" sizes=\"auto, (max-width: 360px) 100vw, 360px\" \/><\/figure>\n<\/figure>\n\n\n\n<div class=\"wp-block-buttons is-horizontal is-content-justification-center is-layout-flex wp-container-core-buttons-is-layout-499968f5 wp-block-buttons-is-layout-flex\">\n<div class=\"wp-block-button has-custom-font-size has-medium-font-size\"><a class=\"wp-block-button__link has-background wp-element-button\" href=\"https:\/\/www.carton.pl\/produkty\/koszulki\" style=\"background-color:#c20e0e\">Zobacz wszystko<\/a><\/div>\n<\/div>\n\n\n\n<p><strong>Powi\u0105zane artyku\u0142y:<\/strong><\/p>\n\n\n\n<p><a href=\"https:\/\/www.carton.pl\/blog\/5-najwiekszych-festiwali-rockowych-na-swiecie-na-ktore-warto-pojechac\/\">5 najwi\u0119kszych festiwali rockowych na \u015bwiecie, na kt\u00f3re warto pojecha\u0107<\/a><\/p>\n\n\n\n<p><a href=\"https:\/\/www.carton.pl\/blog\/jakie-sa-najwieksze-i-najlepsze-festiwale-muzyczne-w-polsce-na-ktore-warto-sie-wybrac-w-2022-roku\/\">Jakie s\u0105 najwi\u0119ksze i najlepsze festiwale muzyczne w Polsce? Na kt\u00f3re warto si\u0119 wybra\u0107 w 2023 roku?<\/a><\/p>\n\n\n\n<p><a href=\"https:\/\/www.carton.pl\/blog\/najciekawsze-miejsca-zwiazane-z-historia-rocka\/\">Najciekawsze miejsca zwi\u0105zane z histori\u0105 rocka<\/a><\/p>\n","protected":false},"excerpt":{"rendered":"<p>To, co najlepsze jest w koncertach rockowych, to ich ca\u0142a otoczka. Przygotowanie si\u0119 do koncertu rockowego to co\u015b wi\u0119cej ni\u017c tylko wyb\u00f3r stroju \u2013 to gotowo\u015b\u0107 do zanurzenia si\u0119 w atmosferze g\u0142o\u015bnej muzyki, niewiarygodnej energii i pasji. Twoje ubrania s\u0105 cz\u0119\u015bci\u0105 tego do\u015bwiadczenia i wyra\u017caj\u0105 Twoj\u0105 osobowo\u015b\u0107 oraz zami\u0142owanie do rocka. Je\u015bli szykujesz si\u0119 na wydarzenie muzyczne i nie do ko\u0144ca wiesz, w jaki spos\u00f3b wybra\u0107 stylizacj\u0119, to nasze rady b\u0119d\u0105 dla Ciebie wyj\u0105tkowo pomocne.<\/p>\n","protected":false},"author":2,"featured_media":1236,"comment_status":"closed","ping_status":"open","sticky":false,"template":"","format":"standard","meta":{"footnotes":""},"categories":[3,7],"tags":[],"class_list":["post-1235","post","type-post","status-publish","format-standard","has-post-thumbnail","hentry","category-ciuchy","category-festiwale"],"yoast_head":"<!-- This site is optimized with the Yoast SEO plugin v26.9 - https:\/\/yoast.com\/product\/yoast-seo-wordpress\/ -->\n<title>Ubi\u00f3r rockowy \u2013 jak ubra\u0107 si\u0119 na koncert? | Carton.pl<\/title>\n<meta name=\"description\" content=\"Zobacz, jak powinien wygl\u0105da\u0107 ubi\u00f3r w stylu rocka. Przeczytaj nasz artyku\u0142 i wybierz rockow\u0105 stylizacj\u0119.\" \/>\n<meta name=\"robots\" content=\"index, follow, max-snippet:-1, max-image-preview:large, max-video-preview:-1\" \/>\n<link rel=\"canonical\" href=\"https:\/\/www.carton.pl\/blog\/jak-ubrac-sie-na-koncert-rockowy-wskazowki-dla-fanow-muzyki-rockowej\/\" \/>\n<meta property=\"og:locale\" content=\"pl_PL\" \/>\n<meta property=\"og:type\" content=\"article\" \/>\n<meta property=\"og:title\" content=\"Ubi\u00f3r rockowy \u2013 jak ubra\u0107 si\u0119 na koncert? | Carton.pl\" \/>\n<meta property=\"og:description\" content=\"Zobacz, jak powinien wygl\u0105da\u0107 ubi\u00f3r w stylu rocka. Przeczytaj nasz artyku\u0142 i wybierz rockow\u0105 stylizacj\u0119.\" \/>\n<meta property=\"og:url\" content=\"https:\/\/www.carton.pl\/blog\/jak-ubrac-sie-na-koncert-rockowy-wskazowki-dla-fanow-muzyki-rockowej\/\" \/>\n<meta property=\"og:site_name\" content=\"BLOG carton.pl\" \/>\n<meta property=\"article:published_time\" content=\"2023-05-19T08:11:29+00:00\" \/>\n<meta property=\"article:modified_time\" content=\"2023-05-22T08:14:48+00:00\" \/>\n<meta property=\"og:image\" content=\"https:\/\/www.carton.pl\/blog\/wp-content\/uploads\/2023\/05\/ROCK-BLOG.jpg\" \/>\n\t<meta property=\"og:image:width\" content=\"900\" \/>\n\t<meta property=\"og:image:height\" content=\"600\" \/>\n\t<meta property=\"og:image:type\" content=\"image\/jpeg\" \/>\n<meta name=\"author\" content=\"Tomek\" \/>\n<meta name=\"twitter:card\" content=\"summary_large_image\" \/>\n<meta name=\"twitter:label1\" content=\"Napisane przez\" \/>\n\t<meta name=\"twitter:data1\" content=\"Tomek\" \/>\n\t<meta name=\"twitter:label2\" content=\"Szacowany czas czytania\" \/>\n\t<meta name=\"twitter:data2\" content=\"4 minuty\" \/>\n<script type=\"application\/ld+json\" class=\"yoast-schema-graph\">{\"@context\":\"https:\/\/schema.org\",\"@graph\":[{\"@type\":\"Article\",\"@id\":\"https:\/\/www.carton.pl\/blog\/jak-ubrac-sie-na-koncert-rockowy-wskazowki-dla-fanow-muzyki-rockowej\/#article\",\"isPartOf\":{\"@id\":\"https:\/\/www.carton.pl\/blog\/jak-ubrac-sie-na-koncert-rockowy-wskazowki-dla-fanow-muzyki-rockowej\/\"},\"author\":{\"name\":\"Tomek\",\"@id\":\"https:\/\/www.carton.pl\/blog\/#\/schema\/person\/de344cca6ded145c31c54b7017bb2d1d\"},\"headline\":\"Jak ubra\u0107 si\u0119 na koncert rockowy? Wskaz\u00f3wki dla fan\u00f3w muzyki rockowej!\",\"datePublished\":\"2023-05-19T08:11:29+00:00\",\"dateModified\":\"2023-05-22T08:14:48+00:00\",\"mainEntityOfPage\":{\"@id\":\"https:\/\/www.carton.pl\/blog\/jak-ubrac-sie-na-koncert-rockowy-wskazowki-dla-fanow-muzyki-rockowej\/\"},\"wordCount\":741,\"publisher\":{\"@id\":\"https:\/\/www.carton.pl\/blog\/#organization\"},\"image\":{\"@id\":\"https:\/\/www.carton.pl\/blog\/jak-ubrac-sie-na-koncert-rockowy-wskazowki-dla-fanow-muzyki-rockowej\/#primaryimage\"},\"thumbnailUrl\":\"https:\/\/www.carton.pl\/blog\/wp-content\/uploads\/2023\/05\/ROCK-BLOG.jpg\",\"articleSection\":[\"Ciuchy\",\"Festiwale\"],\"inLanguage\":\"pl-PL\"},{\"@type\":\"WebPage\",\"@id\":\"https:\/\/www.carton.pl\/blog\/jak-ubrac-sie-na-koncert-rockowy-wskazowki-dla-fanow-muzyki-rockowej\/\",\"url\":\"https:\/\/www.carton.pl\/blog\/jak-ubrac-sie-na-koncert-rockowy-wskazowki-dla-fanow-muzyki-rockowej\/\",\"name\":\"Ubi\u00f3r rockowy \u2013 jak ubra\u0107 si\u0119 na koncert? | Carton.pl\",\"isPartOf\":{\"@id\":\"https:\/\/www.carton.pl\/blog\/#website\"},\"primaryImageOfPage\":{\"@id\":\"https:\/\/www.carton.pl\/blog\/jak-ubrac-sie-na-koncert-rockowy-wskazowki-dla-fanow-muzyki-rockowej\/#primaryimage\"},\"image\":{\"@id\":\"https:\/\/www.carton.pl\/blog\/jak-ubrac-sie-na-koncert-rockowy-wskazowki-dla-fanow-muzyki-rockowej\/#primaryimage\"},\"thumbnailUrl\":\"https:\/\/www.carton.pl\/blog\/wp-content\/uploads\/2023\/05\/ROCK-BLOG.jpg\",\"datePublished\":\"2023-05-19T08:11:29+00:00\",\"dateModified\":\"2023-05-22T08:14:48+00:00\",\"description\":\"Zobacz, jak powinien wygl\u0105da\u0107 ubi\u00f3r w stylu rocka. Przeczytaj nasz artyku\u0142 i wybierz rockow\u0105 stylizacj\u0119.\",\"breadcrumb\":{\"@id\":\"https:\/\/www.carton.pl\/blog\/jak-ubrac-sie-na-koncert-rockowy-wskazowki-dla-fanow-muzyki-rockowej\/#breadcrumb\"},\"inLanguage\":\"pl-PL\",\"potentialAction\":[{\"@type\":\"ReadAction\",\"target\":[\"https:\/\/www.carton.pl\/blog\/jak-ubrac-sie-na-koncert-rockowy-wskazowki-dla-fanow-muzyki-rockowej\/\"]}]},{\"@type\":\"ImageObject\",\"inLanguage\":\"pl-PL\",\"@id\":\"https:\/\/www.carton.pl\/blog\/jak-ubrac-sie-na-koncert-rockowy-wskazowki-dla-fanow-muzyki-rockowej\/#primaryimage\",\"url\":\"https:\/\/www.carton.pl\/blog\/wp-content\/uploads\/2023\/05\/ROCK-BLOG.jpg\",\"contentUrl\":\"https:\/\/www.carton.pl\/blog\/wp-content\/uploads\/2023\/05\/ROCK-BLOG.jpg\",\"width\":900,\"height\":600,\"caption\":\"Jak ubra\u0107 si\u0119 na koncert rockowy? Wskaz\u00f3wki dla fan\u00f3w muzyki rockowej!\"},{\"@type\":\"BreadcrumbList\",\"@id\":\"https:\/\/www.carton.pl\/blog\/jak-ubrac-sie-na-koncert-rockowy-wskazowki-dla-fanow-muzyki-rockowej\/#breadcrumb\",\"itemListElement\":[{\"@type\":\"ListItem\",\"position\":1,\"name\":\"Strona g\u0142\u00f3wna\",\"item\":\"https:\/\/www.carton.pl\/blog\/\"},{\"@type\":\"ListItem\",\"position\":2,\"name\":\"Jak ubra\u0107 si\u0119 na koncert rockowy? Wskaz\u00f3wki dla fan\u00f3w muzyki rockowej!\"}]},{\"@type\":\"WebSite\",\"@id\":\"https:\/\/www.carton.pl\/blog\/#website\",\"url\":\"https:\/\/www.carton.pl\/blog\/\",\"name\":\"BLOG carton.pl\",\"description\":\"Zespo\u0142y, ciuchy, muzyka - o tym piszemy\",\"publisher\":{\"@id\":\"https:\/\/www.carton.pl\/blog\/#organization\"},\"potentialAction\":[{\"@type\":\"SearchAction\",\"target\":{\"@type\":\"EntryPoint\",\"urlTemplate\":\"https:\/\/www.carton.pl\/blog\/?s={search_term_string}\"},\"query-input\":{\"@type\":\"PropertyValueSpecification\",\"valueRequired\":true,\"valueName\":\"search_term_string\"}}],\"inLanguage\":\"pl-PL\"},{\"@type\":\"Organization\",\"@id\":\"https:\/\/www.carton.pl\/blog\/#organization\",\"name\":\"CARTON Tomasz Kowalski\",\"url\":\"https:\/\/www.carton.pl\/blog\/\",\"logo\":{\"@type\":\"ImageObject\",\"inLanguage\":\"pl-PL\",\"@id\":\"https:\/\/www.carton.pl\/blog\/#\/schema\/logo\/image\/\",\"url\":\"https:\/\/carton.pl\/blog\/wp-content\/uploads\/2021\/12\/carton_merch_logo.png\",\"contentUrl\":\"https:\/\/carton.pl\/blog\/wp-content\/uploads\/2021\/12\/carton_merch_logo.png\",\"width\":205,\"height\":56,\"caption\":\"CARTON Tomasz Kowalski\"},\"image\":{\"@id\":\"https:\/\/www.carton.pl\/blog\/#\/schema\/logo\/image\/\"}},{\"@type\":\"Person\",\"@id\":\"https:\/\/www.carton.pl\/blog\/#\/schema\/person\/de344cca6ded145c31c54b7017bb2d1d\",\"name\":\"Tomek\",\"image\":{\"@type\":\"ImageObject\",\"inLanguage\":\"pl-PL\",\"@id\":\"https:\/\/www.carton.pl\/blog\/#\/schema\/person\/image\/\",\"url\":\"https:\/\/secure.gravatar.com\/avatar\/c2a11a2e6f85d610387f5fc3605cf6b2b1af61f0ffb9fa4669a13a3e4c0e1281?s=96&d=mm&r=g\",\"contentUrl\":\"https:\/\/secure.gravatar.com\/avatar\/c2a11a2e6f85d610387f5fc3605cf6b2b1af61f0ffb9fa4669a13a3e4c0e1281?s=96&d=mm&r=g\",\"caption\":\"Tomek\"},\"url\":\"https:\/\/www.carton.pl\/blog\/author\/carton\/\"}]}<\/script>\n<!-- \/ Yoast SEO plugin. -->","yoast_head_json":{"title":"Ubi\u00f3r rockowy \u2013 jak ubra\u0107 si\u0119 na koncert? | Carton.pl","description":"Zobacz, jak powinien wygl\u0105da\u0107 ubi\u00f3r w stylu rocka. Przeczytaj nasz artyku\u0142 i wybierz rockow\u0105 stylizacj\u0119.","robots":{"index":"index","follow":"follow","max-snippet":"max-snippet:-1","max-image-preview":"max-image-preview:large","max-video-preview":"max-video-preview:-1"},"canonical":"https:\/\/www.carton.pl\/blog\/jak-ubrac-sie-na-koncert-rockowy-wskazowki-dla-fanow-muzyki-rockowej\/","og_locale":"pl_PL","og_type":"article","og_title":"Ubi\u00f3r rockowy \u2013 jak ubra\u0107 si\u0119 na koncert? | Carton.pl","og_description":"Zobacz, jak powinien wygl\u0105da\u0107 ubi\u00f3r w stylu rocka. Przeczytaj nasz artyku\u0142 i wybierz rockow\u0105 stylizacj\u0119.","og_url":"https:\/\/www.carton.pl\/blog\/jak-ubrac-sie-na-koncert-rockowy-wskazowki-dla-fanow-muzyki-rockowej\/","og_site_name":"BLOG carton.pl","article_published_time":"2023-05-19T08:11:29+00:00","article_modified_time":"2023-05-22T08:14:48+00:00","og_image":[{"width":900,"height":600,"url":"https:\/\/www.carton.pl\/blog\/wp-content\/uploads\/2023\/05\/ROCK-BLOG.jpg","type":"image\/jpeg"}],"author":"Tomek","twitter_card":"summary_large_image","twitter_misc":{"Napisane przez":"Tomek","Szacowany czas czytania":"4 minuty"},"schema":{"@context":"https:\/\/schema.org","@graph":[{"@type":"Article","@id":"https:\/\/www.carton.pl\/blog\/jak-ubrac-sie-na-koncert-rockowy-wskazowki-dla-fanow-muzyki-rockowej\/#article","isPartOf":{"@id":"https:\/\/www.carton.pl\/blog\/jak-ubrac-sie-na-koncert-rockowy-wskazowki-dla-fanow-muzyki-rockowej\/"},"author":{"name":"Tomek","@id":"https:\/\/www.carton.pl\/blog\/#\/schema\/person\/de344cca6ded145c31c54b7017bb2d1d"},"headline":"Jak ubra\u0107 si\u0119 na koncert rockowy? Wskaz\u00f3wki dla fan\u00f3w muzyki rockowej!","datePublished":"2023-05-19T08:11:29+00:00","dateModified":"2023-05-22T08:14:48+00:00","mainEntityOfPage":{"@id":"https:\/\/www.carton.pl\/blog\/jak-ubrac-sie-na-koncert-rockowy-wskazowki-dla-fanow-muzyki-rockowej\/"},"wordCount":741,"publisher":{"@id":"https:\/\/www.carton.pl\/blog\/#organization"},"image":{"@id":"https:\/\/www.carton.pl\/blog\/jak-ubrac-sie-na-koncert-rockowy-wskazowki-dla-fanow-muzyki-rockowej\/#primaryimage"},"thumbnailUrl":"https:\/\/www.carton.pl\/blog\/wp-content\/uploads\/2023\/05\/ROCK-BLOG.jpg","articleSection":["Ciuchy","Festiwale"],"inLanguage":"pl-PL"},{"@type":"WebPage","@id":"https:\/\/www.carton.pl\/blog\/jak-ubrac-sie-na-koncert-rockowy-wskazowki-dla-fanow-muzyki-rockowej\/","url":"https:\/\/www.carton.pl\/blog\/jak-ubrac-sie-na-koncert-rockowy-wskazowki-dla-fanow-muzyki-rockowej\/","name":"Ubi\u00f3r rockowy \u2013 jak ubra\u0107 si\u0119 na koncert? | Carton.pl","isPartOf":{"@id":"https:\/\/www.carton.pl\/blog\/#website"},"primaryImageOfPage":{"@id":"https:\/\/www.carton.pl\/blog\/jak-ubrac-sie-na-koncert-rockowy-wskazowki-dla-fanow-muzyki-rockowej\/#primaryimage"},"image":{"@id":"https:\/\/www.carton.pl\/blog\/jak-ubrac-sie-na-koncert-rockowy-wskazowki-dla-fanow-muzyki-rockowej\/#primaryimage"},"thumbnailUrl":"https:\/\/www.carton.pl\/blog\/wp-content\/uploads\/2023\/05\/ROCK-BLOG.jpg","datePublished":"2023-05-19T08:11:29+00:00","dateModified":"2023-05-22T08:14:48+00:00","description":"Zobacz, jak powinien wygl\u0105da\u0107 ubi\u00f3r w stylu rocka. Przeczytaj nasz artyku\u0142 i wybierz rockow\u0105 stylizacj\u0119.","breadcrumb":{"@id":"https:\/\/www.carton.pl\/blog\/jak-ubrac-sie-na-koncert-rockowy-wskazowki-dla-fanow-muzyki-rockowej\/#breadcrumb"},"inLanguage":"pl-PL","potentialAction":[{"@type":"ReadAction","target":["https:\/\/www.carton.pl\/blog\/jak-ubrac-sie-na-koncert-rockowy-wskazowki-dla-fanow-muzyki-rockowej\/"]}]},{"@type":"ImageObject","inLanguage":"pl-PL","@id":"https:\/\/www.carton.pl\/blog\/jak-ubrac-sie-na-koncert-rockowy-wskazowki-dla-fanow-muzyki-rockowej\/#primaryimage","url":"https:\/\/www.carton.pl\/blog\/wp-content\/uploads\/2023\/05\/ROCK-BLOG.jpg","contentUrl":"https:\/\/www.carton.pl\/blog\/wp-content\/uploads\/2023\/05\/ROCK-BLOG.jpg","width":900,"height":600,"caption":"Jak ubra\u0107 si\u0119 na koncert rockowy? Wskaz\u00f3wki dla fan\u00f3w muzyki rockowej!"},{"@type":"BreadcrumbList","@id":"https:\/\/www.carton.pl\/blog\/jak-ubrac-sie-na-koncert-rockowy-wskazowki-dla-fanow-muzyki-rockowej\/#breadcrumb","itemListElement":[{"@type":"ListItem","position":1,"name":"Strona g\u0142\u00f3wna","item":"https:\/\/www.carton.pl\/blog\/"},{"@type":"ListItem","position":2,"name":"Jak ubra\u0107 si\u0119 na koncert rockowy? Wskaz\u00f3wki dla fan\u00f3w muzyki rockowej!"}]},{"@type":"WebSite","@id":"https:\/\/www.carton.pl\/blog\/#website","url":"https:\/\/www.carton.pl\/blog\/","name":"BLOG carton.pl","description":"Zespo\u0142y, ciuchy, muzyka - o tym piszemy","publisher":{"@id":"https:\/\/www.carton.pl\/blog\/#organization"},"potentialAction":[{"@type":"SearchAction","target":{"@type":"EntryPoint","urlTemplate":"https:\/\/www.carton.pl\/blog\/?s={search_term_string}"},"query-input":{"@type":"PropertyValueSpecification","valueRequired":true,"valueName":"search_term_string"}}],"inLanguage":"pl-PL"},{"@type":"Organization","@id":"https:\/\/www.carton.pl\/blog\/#organization","name":"CARTON Tomasz Kowalski","url":"https:\/\/www.carton.pl\/blog\/","logo":{"@type":"ImageObject","inLanguage":"pl-PL","@id":"https:\/\/www.carton.pl\/blog\/#\/schema\/logo\/image\/","url":"https:\/\/carton.pl\/blog\/wp-content\/uploads\/2021\/12\/carton_merch_logo.png","contentUrl":"https:\/\/carton.pl\/blog\/wp-content\/uploads\/2021\/12\/carton_merch_logo.png","width":205,"height":56,"caption":"CARTON Tomasz Kowalski"},"image":{"@id":"https:\/\/www.carton.pl\/blog\/#\/schema\/logo\/image\/"}},{"@type":"Person","@id":"https:\/\/www.carton.pl\/blog\/#\/schema\/person\/de344cca6ded145c31c54b7017bb2d1d","name":"Tomek","image":{"@type":"ImageObject","inLanguage":"pl-PL","@id":"https:\/\/www.carton.pl\/blog\/#\/schema\/person\/image\/","url":"https:\/\/secure.gravatar.com\/avatar\/c2a11a2e6f85d610387f5fc3605cf6b2b1af61f0ffb9fa4669a13a3e4c0e1281?s=96&d=mm&r=g","contentUrl":"https:\/\/secure.gravatar.com\/avatar\/c2a11a2e6f85d610387f5fc3605cf6b2b1af61f0ffb9fa4669a13a3e4c0e1281?s=96&d=mm&r=g","caption":"Tomek"},"url":"https:\/\/www.carton.pl\/blog\/author\/carton\/"}]}},"_links":{"self":[{"href":"https:\/\/www.carton.pl\/blog\/wp-json\/wp\/v2\/posts\/1235","targetHints":{"allow":["GET"]}}],"collection":[{"href":"https:\/\/www.carton.pl\/blog\/wp-json\/wp\/v2\/posts"}],"about":[{"href":"https:\/\/www.carton.pl\/blog\/wp-json\/wp\/v2\/types\/post"}],"author":[{"embeddable":true,"href":"https:\/\/www.carton.pl\/blog\/wp-json\/wp\/v2\/users\/2"}],"replies":[{"embeddable":true,"href":"https:\/\/www.carton.pl\/blog\/wp-json\/wp\/v2\/comments?post=1235"}],"version-history":[{"count":1,"href":"https:\/\/www.carton.pl\/blog\/wp-json\/wp\/v2\/posts\/1235\/revisions"}],"predecessor-version":[{"id":1237,"href":"https:\/\/www.carton.pl\/blog\/wp-json\/wp\/v2\/posts\/1235\/revisions\/1237"}],"wp:featuredmedia":[{"embeddable":true,"href":"https:\/\/www.carton.pl\/blog\/wp-json\/wp\/v2\/media\/1236"}],"wp:attachment":[{"href":"https:\/\/www.carton.pl\/blog\/wp-json\/wp\/v2\/media?parent=1235"}],"wp:term":[{"taxonomy":"category","embeddable":true,"href":"https:\/\/www.carton.pl\/blog\/wp-json\/wp\/v2\/categories?post=1235"},{"taxonomy":"post_tag","embeddable":true,"href":"https:\/\/www.carton.pl\/blog\/wp-json\/wp\/v2\/tags?post=1235"}],"curies":[{"name":"wp","href":"https:\/\/api.w.org\/{rel}","templated":true}]}}