{"id":1248,"date":"2024-03-10T12:48:51","date_gmt":"2024-03-10T11:48:51","guid":{"rendered":"https:\/\/www.carton.pl\/blog\/?p=1248"},"modified":"2025-05-20T18:15:53","modified_gmt":"2025-05-20T16:15:53","slug":"najlepsze-koszulki-na-festiwale-2023-w-carton-pl","status":"publish","type":"post","link":"https:\/\/www.carton.pl\/blog\/najlepsze-koszulki-na-festiwale-2023-w-carton-pl\/","title":{"rendered":"Najlepsze koszulki na festiwale 2025 w CARTON.pl"},"content":{"rendered":"\n<p>Jarocin, Rockowizna, Pol\u2019And\u2019Rock\u2026 a Ty na kt\u00f3ry festiwal wybierasz si\u0119 w 2025 roku? My lecimy w tym roku na Jarocin Festiwal, Rockowizn\u0119 w Krakowie i Poznaniu, no i CieszFan\u00f3w. Te\u017c si\u0119 wybierasz? A mo\u017ce lecisz na inne muzyczne wydarzenie, na kt\u00f3rym b\u0119d\u0105 gra\u0142y zespo\u0142y z naszego merchu? Sprawd\u017a najgor\u0119tsze koszulki, w kt\u00f3rych mo\u017cesz \u015bmia\u0142o si\u0119 bawi\u0107 w tym roku!<\/p>\n\n\n\n<h2 class=\"wp-block-heading\">Jarocin Festiwal w 2025 r.<\/h2>\n\n\n\n<p>Zaczynamy od prawdziwej petardy. Tegoroczny festiwal w Jarocinie ma i\u015bcie mocarny line-up. Trzy dni, dwie sceny i ponad 30 artyst\u00f3w, w tym m.in. Coma, KSU, Kobranocka i Variete.<\/p>\n\n\n\n<p>Dlaczego wspominamy w\u0142a\u015bnie te zespo\u0142y?<\/p>\n\n\n\n<p>Bo robimy dla nich mercha! Kupisz je zar\u00f3wno w trakcie festiwalu, na kt\u00f3rym b\u0119dziemy, jak i w naszym muzycznym sklepie online. Zobacz propozycje najlepszych koszulek na Jarocin Festiwal 2025 z naszej oferty:<\/p>\n\n\n\n<figure class=\"wp-block-gallery has-nested-images columns-5 is-cropped wp-block-gallery-1 is-layout-flex wp-block-gallery-is-layout-flex\">\n<figure class=\"wp-block-image size-large\"><img loading=\"lazy\" decoding=\"async\" width=\"360\" height=\"539\" data-id=\"1823\" src=\"https:\/\/www.carton.pl\/blog\/wp-content\/uploads\/2024\/03\/image-1.png\" alt=\"image\" class=\"wp-image-1823\" srcset=\"https:\/\/www.carton.pl\/blog\/wp-content\/uploads\/2024\/03\/image-1.png 360w, https:\/\/www.carton.pl\/blog\/wp-content\/uploads\/2024\/03\/image-1-200x300.png 200w\" sizes=\"auto, (max-width: 360px) 100vw, 360px\" \/><\/figure>\n\n\n\n<figure class=\"wp-block-image size-large\"><img loading=\"lazy\" decoding=\"async\" width=\"360\" height=\"539\" data-id=\"1832\" src=\"https:\/\/www.carton.pl\/blog\/wp-content\/uploads\/2024\/03\/image-10.png\" alt=\"image\" class=\"wp-image-1832\" srcset=\"https:\/\/www.carton.pl\/blog\/wp-content\/uploads\/2024\/03\/image-10.png 360w, https:\/\/www.carton.pl\/blog\/wp-content\/uploads\/2024\/03\/image-10-200x300.png 200w\" sizes=\"auto, (max-width: 360px) 100vw, 360px\" \/><\/figure>\n\n\n\n<figure class=\"wp-block-image size-large\"><img loading=\"lazy\" decoding=\"async\" width=\"360\" height=\"539\" data-id=\"1825\" src=\"https:\/\/www.carton.pl\/blog\/wp-content\/uploads\/2024\/03\/image-3.png\" alt=\"image\" class=\"wp-image-1825\" srcset=\"https:\/\/www.carton.pl\/blog\/wp-content\/uploads\/2024\/03\/image-3.png 360w, https:\/\/www.carton.pl\/blog\/wp-content\/uploads\/2024\/03\/image-3-200x300.png 200w\" sizes=\"auto, (max-width: 360px) 100vw, 360px\" \/><\/figure>\n\n\n\n<figure class=\"wp-block-image size-large\"><img loading=\"lazy\" decoding=\"async\" width=\"360\" height=\"539\" data-id=\"1826\" src=\"https:\/\/www.carton.pl\/blog\/wp-content\/uploads\/2024\/03\/image-4.png\" alt=\"image\" class=\"wp-image-1826\" srcset=\"https:\/\/www.carton.pl\/blog\/wp-content\/uploads\/2024\/03\/image-4.png 360w, https:\/\/www.carton.pl\/blog\/wp-content\/uploads\/2024\/03\/image-4-200x300.png 200w\" sizes=\"auto, (max-width: 360px) 100vw, 360px\" \/><\/figure>\n\n\n\n<figure class=\"wp-block-image size-large\"><img loading=\"lazy\" decoding=\"async\" width=\"360\" height=\"539\" data-id=\"1822\" src=\"https:\/\/www.carton.pl\/blog\/wp-content\/uploads\/2024\/03\/image.png\" alt=\"image\" class=\"wp-image-1822\" srcset=\"https:\/\/www.carton.pl\/blog\/wp-content\/uploads\/2024\/03\/image.png 360w, https:\/\/www.carton.pl\/blog\/wp-content\/uploads\/2024\/03\/image-200x300.png 200w\" sizes=\"auto, (max-width: 360px) 100vw, 360px\" \/><\/figure>\n<\/figure>\n\n\n\n<p>Informacja z line upem:<\/p>\n\n\n\n<figure class=\"wp-block-image size-large\"><img loading=\"lazy\" decoding=\"async\" width=\"1024\" height=\"380\" src=\"https:\/\/www.carton.pl\/blog\/wp-content\/uploads\/2024\/03\/image-5-1024x380.png\" alt=\"image\" class=\"wp-image-1827\" srcset=\"https:\/\/www.carton.pl\/blog\/wp-content\/uploads\/2024\/03\/image-5-1024x380.png 1024w, https:\/\/www.carton.pl\/blog\/wp-content\/uploads\/2024\/03\/image-5-300x111.png 300w, https:\/\/www.carton.pl\/blog\/wp-content\/uploads\/2024\/03\/image-5-768x285.png 768w, https:\/\/www.carton.pl\/blog\/wp-content\/uploads\/2024\/03\/image-5-1140x423.png 1140w, https:\/\/www.carton.pl\/blog\/wp-content\/uploads\/2024\/03\/image-5.png 1200w\" sizes=\"auto, (max-width: 1024px) 100vw, 1024px\" \/><figcaption class=\"wp-element-caption\">image<\/figcaption><\/figure>\n\n\n\n<p><strong>Kiedy?<\/strong> Od 17 do 20 lipca<\/p>\n\n\n\n<p><strong>Gdzie?<\/strong> Jarocin<\/p>\n\n\n\n<p><strong>Bilety:<\/strong> <a href=\"https:\/\/www.eventim.pl\/artist\/jarocin-festiwal\/\">https:\/\/www.eventim.pl\/artist\/jarocin-festiwal\/<\/a><\/p>\n\n\n\n<h2 class=\"wp-block-heading\">Rockowizna 2025 w Gda\u0144sku, Krakowie i Poznaniu<\/h2>\n\n\n\n<p>Kolejny festiwal, kt\u00f3rego line-up obfituje w najwi\u0119ksze gwiazdy polskiej sceny muzycznej. W tym roku odb\u0119dzie si\u0119 w Gda\u0144sku, Krakowie i w Poznaniu. Wyst\u0105pi\u0105 m.in. KSU, Happysad, Farben Lehre i Big Cyc, z czego ostatnie dwa tylko w Poznaniu.<\/p>\n\n\n\n<p>No i zgadnijcie, czemu wspominamy akurat o tych zespo\u0142ach.<\/p>\n\n\n\n<p>Dok\u0142adnie. Robimy dla nich mercha, kt\u00f3ry kupisz w naszym muzycznym sklepie online.&nbsp;<\/p>\n\n\n\n<p>Co wi\u0119cej, b\u0119dziemy r\u00f3wnie\u017c obecni na Rockowi\u017anie, wi\u0119c mo\u017cesz podbi\u0107, zbi\u0107 pion\u0119 i zabra\u0107 koszulk\u0119 festiwalow\u0105 wprost pod scen\u0119.<\/p>\n\n\n\n<p>Zobacz propozycje najlepszych koszulek na Rockowizna 2025 z naszej oferty:<\/p>\n\n\n\n<figure class=\"wp-block-gallery has-nested-images columns-5 is-cropped wp-block-gallery-2 is-layout-flex wp-block-gallery-is-layout-flex\">\n<figure class=\"wp-block-image size-large\"><img loading=\"lazy\" decoding=\"async\" width=\"360\" height=\"539\" data-id=\"1828\" src=\"https:\/\/www.carton.pl\/blog\/wp-content\/uploads\/2024\/03\/image-6.png\" alt=\"image\" class=\"wp-image-1828\" srcset=\"https:\/\/www.carton.pl\/blog\/wp-content\/uploads\/2024\/03\/image-6.png 360w, https:\/\/www.carton.pl\/blog\/wp-content\/uploads\/2024\/03\/image-6-200x300.png 200w\" sizes=\"auto, (max-width: 360px) 100vw, 360px\" \/><\/figure>\n\n\n\n<figure class=\"wp-block-image size-large\"><img loading=\"lazy\" decoding=\"async\" width=\"360\" height=\"539\" data-id=\"1831\" src=\"https:\/\/www.carton.pl\/blog\/wp-content\/uploads\/2024\/03\/image-9.png\" alt=\"image\" class=\"wp-image-1831\" srcset=\"https:\/\/www.carton.pl\/blog\/wp-content\/uploads\/2024\/03\/image-9.png 360w, https:\/\/www.carton.pl\/blog\/wp-content\/uploads\/2024\/03\/image-9-200x300.png 200w\" sizes=\"auto, (max-width: 360px) 100vw, 360px\" \/><\/figure>\n\n\n\n<figure class=\"wp-block-image size-large\"><img loading=\"lazy\" decoding=\"async\" width=\"360\" height=\"539\" data-id=\"1833\" src=\"https:\/\/www.carton.pl\/blog\/wp-content\/uploads\/2024\/03\/image-11.png\" alt=\"image\" class=\"wp-image-1833\" srcset=\"https:\/\/www.carton.pl\/blog\/wp-content\/uploads\/2024\/03\/image-11.png 360w, https:\/\/www.carton.pl\/blog\/wp-content\/uploads\/2024\/03\/image-11-200x300.png 200w\" sizes=\"auto, (max-width: 360px) 100vw, 360px\" \/><\/figure>\n\n\n\n<figure class=\"wp-block-image size-large\"><img loading=\"lazy\" decoding=\"async\" width=\"360\" height=\"539\" data-id=\"1834\" src=\"https:\/\/www.carton.pl\/blog\/wp-content\/uploads\/2024\/03\/image-12.png\" alt=\"image\" class=\"wp-image-1834\" srcset=\"https:\/\/www.carton.pl\/blog\/wp-content\/uploads\/2024\/03\/image-12.png 360w, https:\/\/www.carton.pl\/blog\/wp-content\/uploads\/2024\/03\/image-12-200x300.png 200w\" sizes=\"auto, (max-width: 360px) 100vw, 360px\" \/><\/figure>\n\n\n\n<figure class=\"wp-block-image size-large\"><img loading=\"lazy\" decoding=\"async\" width=\"360\" height=\"539\" data-id=\"1835\" src=\"https:\/\/www.carton.pl\/blog\/wp-content\/uploads\/2024\/03\/image-13.png\" alt=\"image\" class=\"wp-image-1835\" srcset=\"https:\/\/www.carton.pl\/blog\/wp-content\/uploads\/2024\/03\/image-13.png 360w, https:\/\/www.carton.pl\/blog\/wp-content\/uploads\/2024\/03\/image-13-200x300.png 200w\" sizes=\"auto, (max-width: 360px) 100vw, 360px\" \/><\/figure>\n<\/figure>\n\n\n\n<p>Informacja z line upem:<\/p>\n\n\n\n<figure class=\"wp-block-image size-large\"><img loading=\"lazy\" decoding=\"async\" width=\"1024\" height=\"389\" src=\"https:\/\/www.carton.pl\/blog\/wp-content\/uploads\/2024\/03\/image-16-1024x389.png\" alt=\"image\" class=\"wp-image-1838\" srcset=\"https:\/\/www.carton.pl\/blog\/wp-content\/uploads\/2024\/03\/image-16-1024x389.png 1024w, https:\/\/www.carton.pl\/blog\/wp-content\/uploads\/2024\/03\/image-16-300x114.png 300w, https:\/\/www.carton.pl\/blog\/wp-content\/uploads\/2024\/03\/image-16-768x292.png 768w, https:\/\/www.carton.pl\/blog\/wp-content\/uploads\/2024\/03\/image-16-1536x584.png 1536w, https:\/\/www.carton.pl\/blog\/wp-content\/uploads\/2024\/03\/image-16-1140x433.png 1140w, https:\/\/www.carton.pl\/blog\/wp-content\/uploads\/2024\/03\/image-16.png 1920w\" sizes=\"auto, (max-width: 1024px) 100vw, 1024px\" \/><figcaption class=\"wp-element-caption\">image<\/figcaption><\/figure>\n\n\n\n<p><strong>Kiedy?<\/strong> 8-9 sierpnia 2024 (Gda\u0144sk), 21-23 sierpnia (Pozna\u0144) i 29-30 sierpnia (Krak\u00f3w)<\/p>\n\n\n\n<p><strong>Gdzie?<\/strong> Gda\u0144sk, Krak\u00f3w i Pozna\u0144<\/p>\n\n\n\n<p><strong>Bilety:<\/strong> <a href=\"https:\/\/www.ebilet.pl\/muzyka\/festiwale\/rockowizna\">https:\/\/www.ebilet.pl\/muzyka\/festiwale\/rockowizna<\/a><\/p>\n\n\n\n<h2 class=\"wp-block-heading\">Cieszan\u00f3w Festiwal 2025<\/h2>\n\n\n\n<p>Teraz czas na trzeci festiwal, na kt\u00f3rym si\u0119 spotkamy. Z naszej stajni merchu zagra mi\u0119dzy innymi Pid\u017cama Porno, Turbo, The Bill czy \u2013 znowu \u2013 Farben Lehre. Co nie oznacza, \u017ce nie ma tam wi\u0119cej ciekawych zespo\u0142\u00f3w i wykonawc\u00f3w \u2013 nie zabraknie tam cho\u0107by legendarnego Kultu.<\/p>\n\n\n\n<p>B\u0119dzie grubo!<\/p>\n\n\n\n<p>Zobacz propozycje najlepszych koszulek na CieszFan\u00f3w 2025 z naszej oferty:<\/p>\n\n\n\n<figure class=\"wp-block-gallery has-nested-images columns-5 is-cropped wp-block-gallery-3 is-layout-flex wp-block-gallery-is-layout-flex\">\n<figure class=\"wp-block-image size-large\"><img loading=\"lazy\" decoding=\"async\" width=\"360\" height=\"539\" data-id=\"1839\" src=\"https:\/\/www.carton.pl\/blog\/wp-content\/uploads\/2024\/03\/image-17.png\" alt=\"image\" class=\"wp-image-1839\" srcset=\"https:\/\/www.carton.pl\/blog\/wp-content\/uploads\/2024\/03\/image-17.png 360w, https:\/\/www.carton.pl\/blog\/wp-content\/uploads\/2024\/03\/image-17-200x300.png 200w\" sizes=\"auto, (max-width: 360px) 100vw, 360px\" \/><\/figure>\n\n\n\n<figure class=\"wp-block-image size-large\"><img loading=\"lazy\" decoding=\"async\" width=\"360\" height=\"539\" data-id=\"1840\" src=\"https:\/\/www.carton.pl\/blog\/wp-content\/uploads\/2024\/03\/image-18.png\" alt=\"image\" class=\"wp-image-1840\" srcset=\"https:\/\/www.carton.pl\/blog\/wp-content\/uploads\/2024\/03\/image-18.png 360w, https:\/\/www.carton.pl\/blog\/wp-content\/uploads\/2024\/03\/image-18-200x300.png 200w\" sizes=\"auto, (max-width: 360px) 100vw, 360px\" \/><\/figure>\n\n\n\n<figure class=\"wp-block-image size-large\"><img loading=\"lazy\" decoding=\"async\" width=\"360\" height=\"539\" data-id=\"1841\" src=\"https:\/\/www.carton.pl\/blog\/wp-content\/uploads\/2024\/03\/image-19.png\" alt=\"image\" class=\"wp-image-1841\" srcset=\"https:\/\/www.carton.pl\/blog\/wp-content\/uploads\/2024\/03\/image-19.png 360w, https:\/\/www.carton.pl\/blog\/wp-content\/uploads\/2024\/03\/image-19-200x300.png 200w\" sizes=\"auto, (max-width: 360px) 100vw, 360px\" \/><\/figure>\n\n\n\n<figure class=\"wp-block-image size-large\"><img loading=\"lazy\" decoding=\"async\" width=\"360\" height=\"540\" data-id=\"1842\" src=\"https:\/\/www.carton.pl\/blog\/wp-content\/uploads\/2024\/03\/image-20.png\" alt=\"image\" class=\"wp-image-1842\" srcset=\"https:\/\/www.carton.pl\/blog\/wp-content\/uploads\/2024\/03\/image-20.png 360w, https:\/\/www.carton.pl\/blog\/wp-content\/uploads\/2024\/03\/image-20-200x300.png 200w\" sizes=\"auto, (max-width: 360px) 100vw, 360px\" \/><\/figure>\n\n\n\n<figure class=\"wp-block-image size-large\"><img loading=\"lazy\" decoding=\"async\" width=\"360\" height=\"539\" data-id=\"1843\" src=\"https:\/\/www.carton.pl\/blog\/wp-content\/uploads\/2024\/03\/image-21.png\" alt=\"image\" class=\"wp-image-1843\" srcset=\"https:\/\/www.carton.pl\/blog\/wp-content\/uploads\/2024\/03\/image-21.png 360w, https:\/\/www.carton.pl\/blog\/wp-content\/uploads\/2024\/03\/image-21-200x300.png 200w\" sizes=\"auto, (max-width: 360px) 100vw, 360px\" \/><\/figure>\n<\/figure>\n\n\n\n<p><strong>Kiedy? <\/strong>14-16 sierpnia<\/p>\n\n\n\n<p><strong>Gdzie?<\/strong> Cieszan\u00f3w<\/p>\n\n\n\n<p><strong>Bilety:<\/strong><a href=\"https:\/\/www.bilety24.pl\/koncert\/1127-cieszanow-rock-festiwal-2024-98164?id=537482\"> <\/a><a href=\"https:\/\/www.bilety24.pl\/koncert\/1127-cieszanow-rock-festiwal-2025-116174?id=664911\">https:\/\/www.bilety24.pl\/koncert\/1127-cieszanow-rock-festiwal-2024-98164?id=537482<\/a><\/p>\n\n\n\n<h2 class=\"wp-block-heading\">Punky Reggae Live 2025<\/h2>\n\n\n\n<p>Na koniec kilka s\u0142\u00f3w nie tyle o festiwalu, ile ca\u0142ej trasie koncertowej. Od 2004 roku Farben Lehre robi objazd\u00f3wk\u0119 po ca\u0142ej Polsce. I nie graj\u0105 sami! W tym roku pojawi\u0105 si\u0119 m.in. z The Bill i De \u0141indows.<\/p>\n\n\n\n<p>Pewnie ju\u017c si\u0119 domy\u015blasz, co \u0142\u0105czy te zespo\u0142y. Tak, dobrze. Robimy dla nich merch.<\/p>\n\n\n\n<figure class=\"wp-block-gallery has-nested-images columns-5 is-cropped wp-block-gallery-4 is-layout-flex wp-block-gallery-is-layout-flex\">\n<figure class=\"wp-block-image size-full\"><img loading=\"lazy\" decoding=\"async\" width=\"360\" height=\"540\" data-id=\"1520\" src=\"https:\/\/www.carton.pl\/blog\/wp-content\/uploads\/2024\/03\/mm_1_1_K_760-01-1.jpg\" alt=\"mm 1 1 K 760 01 1\" class=\"wp-image-1520\" srcset=\"https:\/\/www.carton.pl\/blog\/wp-content\/uploads\/2024\/03\/mm_1_1_K_760-01-1.jpg 360w, https:\/\/www.carton.pl\/blog\/wp-content\/uploads\/2024\/03\/mm_1_1_K_760-01-1-200x300.jpg 200w\" sizes=\"auto, (max-width: 360px) 100vw, 360px\" \/><\/figure>\n\n\n\n<figure class=\"wp-block-image size-large\"><img loading=\"lazy\" decoding=\"async\" width=\"360\" height=\"539\" data-id=\"1848\" src=\"https:\/\/www.carton.pl\/blog\/wp-content\/uploads\/2024\/03\/image-26.png\" alt=\"image\" class=\"wp-image-1848\" srcset=\"https:\/\/www.carton.pl\/blog\/wp-content\/uploads\/2024\/03\/image-26.png 360w, https:\/\/www.carton.pl\/blog\/wp-content\/uploads\/2024\/03\/image-26-200x300.png 200w\" sizes=\"auto, (max-width: 360px) 100vw, 360px\" \/><\/figure>\n\n\n\n<figure class=\"wp-block-image size-full\"><a href=\"https:\/\/www.carton.pl\/koszulka-farben-lehre-20-fl-prl-K_067\"><img loading=\"lazy\" decoding=\"async\" width=\"360\" height=\"539\" data-id=\"1265\" src=\"https:\/\/www.carton.pl\/blog\/wp-content\/uploads\/2023\/06\/mm_1_1_K_067-01.jpg\" alt=\"mm 1 1 K 067 01\" class=\"wp-image-1265\" srcset=\"https:\/\/www.carton.pl\/blog\/wp-content\/uploads\/2023\/06\/mm_1_1_K_067-01.jpg 360w, https:\/\/www.carton.pl\/blog\/wp-content\/uploads\/2023\/06\/mm_1_1_K_067-01-200x300.jpg 200w\" sizes=\"auto, (max-width: 360px) 100vw, 360px\" \/><\/a><\/figure>\n\n\n\n<figure class=\"wp-block-image size-large\"><img loading=\"lazy\" decoding=\"async\" width=\"360\" height=\"539\" data-id=\"1847\" src=\"https:\/\/www.carton.pl\/blog\/wp-content\/uploads\/2024\/03\/image-25.png\" alt=\"image\" class=\"wp-image-1847\" srcset=\"https:\/\/www.carton.pl\/blog\/wp-content\/uploads\/2024\/03\/image-25.png 360w, https:\/\/www.carton.pl\/blog\/wp-content\/uploads\/2024\/03\/image-25-200x300.png 200w\" sizes=\"auto, (max-width: 360px) 100vw, 360px\" \/><\/figure>\n\n\n\n<figure class=\"wp-block-image size-full\"><img loading=\"lazy\" decoding=\"async\" width=\"360\" height=\"539\" data-id=\"1521\" src=\"https:\/\/www.carton.pl\/blog\/wp-content\/uploads\/2024\/03\/mm_1_1_K_759-01.jpg\" alt=\"mm 1 1 K 759 01\" class=\"wp-image-1521\" srcset=\"https:\/\/www.carton.pl\/blog\/wp-content\/uploads\/2024\/03\/mm_1_1_K_759-01.jpg 360w, https:\/\/www.carton.pl\/blog\/wp-content\/uploads\/2024\/03\/mm_1_1_K_759-01-200x300.jpg 200w\" sizes=\"auto, (max-width: 360px) 100vw, 360px\" \/><\/figure>\n<\/figure>\n\n\n\n<p>Daty trasy:<\/p>\n\n\n\n<figure class=\"wp-block-image size-large\"><img loading=\"lazy\" decoding=\"async\" width=\"1024\" height=\"393\" src=\"https:\/\/www.carton.pl\/blog\/wp-content\/uploads\/2024\/03\/image-23-1024x393.png\" alt=\"image\" class=\"wp-image-1845\" srcset=\"https:\/\/www.carton.pl\/blog\/wp-content\/uploads\/2024\/03\/image-23-1024x393.png 1024w, https:\/\/www.carton.pl\/blog\/wp-content\/uploads\/2024\/03\/image-23-300x115.png 300w, https:\/\/www.carton.pl\/blog\/wp-content\/uploads\/2024\/03\/image-23-768x294.png 768w, https:\/\/www.carton.pl\/blog\/wp-content\/uploads\/2024\/03\/image-23-1140x437.png 1140w, https:\/\/www.carton.pl\/blog\/wp-content\/uploads\/2024\/03\/image-23.png 1200w\" sizes=\"auto, (max-width: 1024px) 100vw, 1024px\" \/><figcaption class=\"wp-element-caption\">image<\/figcaption><\/figure>\n\n\n\n<h2 class=\"wp-block-heading\">Najwi\u0119ksze festiwale w Polsce 2025 r.<\/h2>\n\n\n\n<p>Gdzie si\u0119 wybierasz w tym roku? Nie jeste\u015b jeszcze pewien? Sprawd\u017a nasz\u0105 propozycj\u0119 najwi\u0119kszych festiwale w Polsce w 2025 roku. Klikaj i czytaj:<\/p>\n\n\n\n<p><a href=\"https:\/\/www.carton.pl\/blog\/jakie-sa-najwieksze-i-najlepsze-festiwale-muzyczne-w-polsce-na-ktore-warto-sie-wybrac-w-2022-roku\/\">Jakie s\u0105 najwi\u0119ksze i najlepsze festiwale muzyczne w Polsce? Na kt\u00f3re warto si\u0119 wybra\u0107 w 2024 roku?<\/a><\/p>\n","protected":false},"excerpt":{"rendered":"<p>Jarocin, Rockowizna, Pol\u2019And\u2019Rock\u2026 a Ty na kt\u00f3ry festiwal wybierasz si\u0119 w 2025 roku? My lecimy w tym roku na Jarocin Festiwal, Rockowizn\u0119 w Krakowie i Poznaniu, no i CieszFan\u00f3w. Te\u017c si\u0119 wybierasz? A mo\u017ce lecisz na inne muzyczne wydarzenie, na kt\u00f3rym b\u0119d\u0105 gra\u0142y zespo\u0142y z naszego merchu? Sprawd\u017a najgor\u0119tsze koszulki, w kt\u00f3rych mo\u017cesz \u015bmia\u0142o si\u0119 bawi\u0107 w tym roku! Jarocin Festiwal w 2025 r. Zaczynamy od prawdziwej petardy. Tegoroczny festiwal w Jarocinie ma i\u015bcie mocarny line-up. Trzy dni, dwie sceny i ponad 30 artyst\u00f3w, w tym m.in. Coma, KSU, Kobranocka i Variete. Dlaczego wspominamy w\u0142a\u015bnie te zespo\u0142y? Bo robimy dla nich mercha! Kupisz je zar\u00f3wno w trakcie festiwalu, na kt\u00f3rym b\u0119dziemy, jak i w naszym muzycznym sklepie online. Zobacz propozycje najlepszych koszulek na Jarocin Festiwal 2025 z naszej oferty: Informacja z line upem: Kiedy? Od 17 do 20 lipca Gdzie? Jarocin Bilety: https:\/\/www.eventim.pl\/artist\/jarocin-festiwal\/ Rockowizna 2025 w Gda\u0144sku, Krakowie i Poznaniu Kolejny festiwal, kt\u00f3rego line-up obfituje w najwi\u0119ksze gwiazdy polskiej sceny muzycznej. W tym roku odb\u0119dzie si\u0119 w Gda\u0144sku, Krakowie i w Poznaniu. Wyst\u0105pi\u0105 m.in. KSU, Happysad, Farben Lehre i Big Cyc, z czego ostatnie dwa tylko w Poznaniu. No i zgadnijcie, czemu wspominamy akurat o tych zespo\u0142ach. Dok\u0142adnie. Robimy dla nich mercha, kt\u00f3ry kupisz w naszym muzycznym sklepie online.&nbsp; Co wi\u0119cej, b\u0119dziemy r\u00f3wnie\u017c obecni na Rockowi\u017anie, wi\u0119c mo\u017cesz podbi\u0107, zbi\u0107 pion\u0119 i zabra\u0107 koszulk\u0119 festiwalow\u0105 wprost pod scen\u0119. Zobacz propozycje najlepszych koszulek na Rockowizna 2025 z naszej oferty: Informacja z line upem: Kiedy? 8-9 sierpnia 2024 (Gda\u0144sk), 21-23 sierpnia (Pozna\u0144) i 29-30 sierpnia (Krak\u00f3w) Gdzie? Gda\u0144sk, Krak\u00f3w i Pozna\u0144 Bilety: https:\/\/www.ebilet.pl\/muzyka\/festiwale\/rockowizna Cieszan\u00f3w Festiwal 2025 Teraz czas na trzeci festiwal, na kt\u00f3rym si\u0119 spotkamy. Z naszej stajni merchu zagra mi\u0119dzy innymi Pid\u017cama Porno, Turbo, The Bill czy \u2013 znowu \u2013 Farben Lehre. Co nie oznacza, \u017ce nie ma tam wi\u0119cej ciekawych zespo\u0142\u00f3w i wykonawc\u00f3w \u2013 nie zabraknie tam cho\u0107by legendarnego Kultu. B\u0119dzie grubo! Zobacz propozycje najlepszych koszulek na CieszFan\u00f3w 2025 z naszej oferty: Kiedy? 14-16 sierpnia Gdzie? Cieszan\u00f3w Bilety: https:\/\/www.bilety24.pl\/koncert\/1127-cieszanow-rock-festiwal-2024-98164?id=537482 Punky Reggae Live 2025 Na koniec kilka s\u0142\u00f3w nie tyle o festiwalu, ile ca\u0142ej trasie koncertowej. Od 2004 roku Farben Lehre robi objazd\u00f3wk\u0119 po ca\u0142ej Polsce. I nie graj\u0105 sami! W tym roku pojawi\u0105 si\u0119 m.in. z The Bill i De \u0141indows. Pewnie ju\u017c si\u0119 domy\u015blasz, co \u0142\u0105czy te zespo\u0142y. Tak, dobrze. Robimy dla nich merch. Daty trasy: Najwi\u0119ksze festiwale w Polsce 2025 r. Gdzie si\u0119 wybierasz w tym roku? Nie jeste\u015b jeszcze pewien? Sprawd\u017a nasz\u0105 propozycj\u0119 najwi\u0119kszych festiwale w Polsce w 2025 roku. Klikaj i czytaj: Jakie s\u0105 najwi\u0119ksze i najlepsze festiwale muzyczne w Polsce? Na kt\u00f3re warto si\u0119 wybra\u0107 w 2024 roku?<\/p>\n","protected":false},"author":2,"featured_media":1524,"comment_status":"closed","ping_status":"open","sticky":false,"template":"","format":"standard","meta":{"footnotes":""},"categories":[3,7],"tags":[],"class_list":["post-1248","post","type-post","status-publish","format-standard","has-post-thumbnail","hentry","category-ciuchy","category-festiwale"],"yoast_head":"<!-- This site is optimized with the Yoast SEO plugin v26.9 - https:\/\/yoast.com\/product\/yoast-seo-wordpress\/ -->\n<title>Najlepsze koszulki na festiwale 2025 w CARTON.pl - BLOG carton.pl<\/title>\n<meta name=\"description\" content=\"Jarocin, Rockowizna, Cieszan\u00f3w \u2013 festiwalowy przewodnik 2025! Sprawd\u017a gdzie wyst\u0105pi\u0105 zespo\u0142y z naszego merchu i kup koszulk\u0119!\" \/>\n<meta name=\"robots\" content=\"index, follow, max-snippet:-1, max-image-preview:large, max-video-preview:-1\" \/>\n<link rel=\"canonical\" href=\"https:\/\/www.carton.pl\/blog\/najlepsze-koszulki-na-festiwale-2023-w-carton-pl\/\" \/>\n<meta property=\"og:locale\" content=\"pl_PL\" \/>\n<meta property=\"og:type\" content=\"article\" \/>\n<meta property=\"og:title\" content=\"Najlepsze koszulki na festiwale 2025 w CARTON.pl - BLOG carton.pl\" \/>\n<meta property=\"og:description\" content=\"Jarocin, Rockowizna, Cieszan\u00f3w \u2013 festiwalowy przewodnik 2025! Sprawd\u017a gdzie wyst\u0105pi\u0105 zespo\u0142y z naszego merchu i kup koszulk\u0119!\" \/>\n<meta property=\"og:url\" content=\"https:\/\/www.carton.pl\/blog\/najlepsze-koszulki-na-festiwale-2023-w-carton-pl\/\" \/>\n<meta property=\"og:site_name\" content=\"BLOG carton.pl\" \/>\n<meta property=\"article:published_time\" content=\"2024-03-10T11:48:51+00:00\" \/>\n<meta property=\"article:modified_time\" content=\"2025-05-20T16:15:53+00:00\" \/>\n<meta property=\"og:image\" content=\"https:\/\/www.carton.pl\/blog\/wp-content\/uploads\/2023\/06\/FESTIWALE-CARTON-24-BLOG.jpg\" \/>\n\t<meta property=\"og:image:width\" content=\"900\" \/>\n\t<meta property=\"og:image:height\" content=\"600\" \/>\n\t<meta property=\"og:image:type\" content=\"image\/jpeg\" \/>\n<meta name=\"author\" content=\"Tomek\" \/>\n<meta name=\"twitter:card\" content=\"summary_large_image\" \/>\n<meta name=\"twitter:label1\" content=\"Napisane przez\" \/>\n\t<meta name=\"twitter:data1\" content=\"Tomek\" \/>\n\t<meta name=\"twitter:label2\" content=\"Szacowany czas czytania\" \/>\n\t<meta name=\"twitter:data2\" content=\"8 minut\" \/>\n<script type=\"application\/ld+json\" class=\"yoast-schema-graph\">{\"@context\":\"https:\/\/schema.org\",\"@graph\":[{\"@type\":\"Article\",\"@id\":\"https:\/\/www.carton.pl\/blog\/najlepsze-koszulki-na-festiwale-2023-w-carton-pl\/#article\",\"isPartOf\":{\"@id\":\"https:\/\/www.carton.pl\/blog\/najlepsze-koszulki-na-festiwale-2023-w-carton-pl\/\"},\"author\":{\"name\":\"Tomek\",\"@id\":\"https:\/\/www.carton.pl\/blog\/#\/schema\/person\/de344cca6ded145c31c54b7017bb2d1d\"},\"headline\":\"Najlepsze koszulki na festiwale 2025 w CARTON.pl\",\"datePublished\":\"2024-03-10T11:48:51+00:00\",\"dateModified\":\"2025-05-20T16:15:53+00:00\",\"mainEntityOfPage\":{\"@id\":\"https:\/\/www.carton.pl\/blog\/najlepsze-koszulki-na-festiwale-2023-w-carton-pl\/\"},\"wordCount\":507,\"publisher\":{\"@id\":\"https:\/\/www.carton.pl\/blog\/#organization\"},\"image\":{\"@id\":\"https:\/\/www.carton.pl\/blog\/najlepsze-koszulki-na-festiwale-2023-w-carton-pl\/#primaryimage\"},\"thumbnailUrl\":\"https:\/\/www.carton.pl\/blog\/wp-content\/uploads\/2023\/06\/FESTIWALE-CARTON-24-BLOG.jpg\",\"articleSection\":[\"Ciuchy\",\"Festiwale\"],\"inLanguage\":\"pl-PL\"},{\"@type\":\"WebPage\",\"@id\":\"https:\/\/www.carton.pl\/blog\/najlepsze-koszulki-na-festiwale-2023-w-carton-pl\/\",\"url\":\"https:\/\/www.carton.pl\/blog\/najlepsze-koszulki-na-festiwale-2023-w-carton-pl\/\",\"name\":\"Najlepsze koszulki na festiwale 2025 w CARTON.pl - BLOG carton.pl\",\"isPartOf\":{\"@id\":\"https:\/\/www.carton.pl\/blog\/#website\"},\"primaryImageOfPage\":{\"@id\":\"https:\/\/www.carton.pl\/blog\/najlepsze-koszulki-na-festiwale-2023-w-carton-pl\/#primaryimage\"},\"image\":{\"@id\":\"https:\/\/www.carton.pl\/blog\/najlepsze-koszulki-na-festiwale-2023-w-carton-pl\/#primaryimage\"},\"thumbnailUrl\":\"https:\/\/www.carton.pl\/blog\/wp-content\/uploads\/2023\/06\/FESTIWALE-CARTON-24-BLOG.jpg\",\"datePublished\":\"2024-03-10T11:48:51+00:00\",\"dateModified\":\"2025-05-20T16:15:53+00:00\",\"description\":\"Jarocin, Rockowizna, Cieszan\u00f3w \u2013 festiwalowy przewodnik 2025! Sprawd\u017a gdzie wyst\u0105pi\u0105 zespo\u0142y z naszego merchu i kup koszulk\u0119!\",\"breadcrumb\":{\"@id\":\"https:\/\/www.carton.pl\/blog\/najlepsze-koszulki-na-festiwale-2023-w-carton-pl\/#breadcrumb\"},\"inLanguage\":\"pl-PL\",\"potentialAction\":[{\"@type\":\"ReadAction\",\"target\":[\"https:\/\/www.carton.pl\/blog\/najlepsze-koszulki-na-festiwale-2023-w-carton-pl\/\"]}]},{\"@type\":\"ImageObject\",\"inLanguage\":\"pl-PL\",\"@id\":\"https:\/\/www.carton.pl\/blog\/najlepsze-koszulki-na-festiwale-2023-w-carton-pl\/#primaryimage\",\"url\":\"https:\/\/www.carton.pl\/blog\/wp-content\/uploads\/2023\/06\/FESTIWALE-CARTON-24-BLOG.jpg\",\"contentUrl\":\"https:\/\/www.carton.pl\/blog\/wp-content\/uploads\/2023\/06\/FESTIWALE-CARTON-24-BLOG.jpg\",\"width\":900,\"height\":600,\"caption\":\"FESTIWALE CARTON 24 BLOG\"},{\"@type\":\"BreadcrumbList\",\"@id\":\"https:\/\/www.carton.pl\/blog\/najlepsze-koszulki-na-festiwale-2023-w-carton-pl\/#breadcrumb\",\"itemListElement\":[{\"@type\":\"ListItem\",\"position\":1,\"name\":\"Strona g\u0142\u00f3wna\",\"item\":\"https:\/\/www.carton.pl\/blog\/\"},{\"@type\":\"ListItem\",\"position\":2,\"name\":\"Najlepsze koszulki na festiwale 2025 w CARTON.pl\"}]},{\"@type\":\"WebSite\",\"@id\":\"https:\/\/www.carton.pl\/blog\/#website\",\"url\":\"https:\/\/www.carton.pl\/blog\/\",\"name\":\"BLOG carton.pl\",\"description\":\"Zespo\u0142y, ciuchy, muzyka - o tym piszemy\",\"publisher\":{\"@id\":\"https:\/\/www.carton.pl\/blog\/#organization\"},\"potentialAction\":[{\"@type\":\"SearchAction\",\"target\":{\"@type\":\"EntryPoint\",\"urlTemplate\":\"https:\/\/www.carton.pl\/blog\/?s={search_term_string}\"},\"query-input\":{\"@type\":\"PropertyValueSpecification\",\"valueRequired\":true,\"valueName\":\"search_term_string\"}}],\"inLanguage\":\"pl-PL\"},{\"@type\":\"Organization\",\"@id\":\"https:\/\/www.carton.pl\/blog\/#organization\",\"name\":\"CARTON Tomasz Kowalski\",\"url\":\"https:\/\/www.carton.pl\/blog\/\",\"logo\":{\"@type\":\"ImageObject\",\"inLanguage\":\"pl-PL\",\"@id\":\"https:\/\/www.carton.pl\/blog\/#\/schema\/logo\/image\/\",\"url\":\"https:\/\/carton.pl\/blog\/wp-content\/uploads\/2021\/12\/carton_merch_logo.png\",\"contentUrl\":\"https:\/\/carton.pl\/blog\/wp-content\/uploads\/2021\/12\/carton_merch_logo.png\",\"width\":205,\"height\":56,\"caption\":\"CARTON Tomasz Kowalski\"},\"image\":{\"@id\":\"https:\/\/www.carton.pl\/blog\/#\/schema\/logo\/image\/\"}},{\"@type\":\"Person\",\"@id\":\"https:\/\/www.carton.pl\/blog\/#\/schema\/person\/de344cca6ded145c31c54b7017bb2d1d\",\"name\":\"Tomek\",\"image\":{\"@type\":\"ImageObject\",\"inLanguage\":\"pl-PL\",\"@id\":\"https:\/\/www.carton.pl\/blog\/#\/schema\/person\/image\/\",\"url\":\"https:\/\/secure.gravatar.com\/avatar\/c2a11a2e6f85d610387f5fc3605cf6b2b1af61f0ffb9fa4669a13a3e4c0e1281?s=96&d=mm&r=g\",\"contentUrl\":\"https:\/\/secure.gravatar.com\/avatar\/c2a11a2e6f85d610387f5fc3605cf6b2b1af61f0ffb9fa4669a13a3e4c0e1281?s=96&d=mm&r=g\",\"caption\":\"Tomek\"},\"url\":\"https:\/\/www.carton.pl\/blog\/author\/carton\/\"}]}<\/script>\n<!-- \/ Yoast SEO plugin. -->","yoast_head_json":{"title":"Najlepsze koszulki na festiwale 2025 w CARTON.pl - BLOG carton.pl","description":"Jarocin, Rockowizna, Cieszan\u00f3w \u2013 festiwalowy przewodnik 2025! Sprawd\u017a gdzie wyst\u0105pi\u0105 zespo\u0142y z naszego merchu i kup koszulk\u0119!","robots":{"index":"index","follow":"follow","max-snippet":"max-snippet:-1","max-image-preview":"max-image-preview:large","max-video-preview":"max-video-preview:-1"},"canonical":"https:\/\/www.carton.pl\/blog\/najlepsze-koszulki-na-festiwale-2023-w-carton-pl\/","og_locale":"pl_PL","og_type":"article","og_title":"Najlepsze koszulki na festiwale 2025 w CARTON.pl - BLOG carton.pl","og_description":"Jarocin, Rockowizna, Cieszan\u00f3w \u2013 festiwalowy przewodnik 2025! Sprawd\u017a gdzie wyst\u0105pi\u0105 zespo\u0142y z naszego merchu i kup koszulk\u0119!","og_url":"https:\/\/www.carton.pl\/blog\/najlepsze-koszulki-na-festiwale-2023-w-carton-pl\/","og_site_name":"BLOG carton.pl","article_published_time":"2024-03-10T11:48:51+00:00","article_modified_time":"2025-05-20T16:15:53+00:00","og_image":[{"width":900,"height":600,"url":"https:\/\/www.carton.pl\/blog\/wp-content\/uploads\/2023\/06\/FESTIWALE-CARTON-24-BLOG.jpg","type":"image\/jpeg"}],"author":"Tomek","twitter_card":"summary_large_image","twitter_misc":{"Napisane przez":"Tomek","Szacowany czas czytania":"8 minut"},"schema":{"@context":"https:\/\/schema.org","@graph":[{"@type":"Article","@id":"https:\/\/www.carton.pl\/blog\/najlepsze-koszulki-na-festiwale-2023-w-carton-pl\/#article","isPartOf":{"@id":"https:\/\/www.carton.pl\/blog\/najlepsze-koszulki-na-festiwale-2023-w-carton-pl\/"},"author":{"name":"Tomek","@id":"https:\/\/www.carton.pl\/blog\/#\/schema\/person\/de344cca6ded145c31c54b7017bb2d1d"},"headline":"Najlepsze koszulki na festiwale 2025 w CARTON.pl","datePublished":"2024-03-10T11:48:51+00:00","dateModified":"2025-05-20T16:15:53+00:00","mainEntityOfPage":{"@id":"https:\/\/www.carton.pl\/blog\/najlepsze-koszulki-na-festiwale-2023-w-carton-pl\/"},"wordCount":507,"publisher":{"@id":"https:\/\/www.carton.pl\/blog\/#organization"},"image":{"@id":"https:\/\/www.carton.pl\/blog\/najlepsze-koszulki-na-festiwale-2023-w-carton-pl\/#primaryimage"},"thumbnailUrl":"https:\/\/www.carton.pl\/blog\/wp-content\/uploads\/2023\/06\/FESTIWALE-CARTON-24-BLOG.jpg","articleSection":["Ciuchy","Festiwale"],"inLanguage":"pl-PL"},{"@type":"WebPage","@id":"https:\/\/www.carton.pl\/blog\/najlepsze-koszulki-na-festiwale-2023-w-carton-pl\/","url":"https:\/\/www.carton.pl\/blog\/najlepsze-koszulki-na-festiwale-2023-w-carton-pl\/","name":"Najlepsze koszulki na festiwale 2025 w CARTON.pl - BLOG carton.pl","isPartOf":{"@id":"https:\/\/www.carton.pl\/blog\/#website"},"primaryImageOfPage":{"@id":"https:\/\/www.carton.pl\/blog\/najlepsze-koszulki-na-festiwale-2023-w-carton-pl\/#primaryimage"},"image":{"@id":"https:\/\/www.carton.pl\/blog\/najlepsze-koszulki-na-festiwale-2023-w-carton-pl\/#primaryimage"},"thumbnailUrl":"https:\/\/www.carton.pl\/blog\/wp-content\/uploads\/2023\/06\/FESTIWALE-CARTON-24-BLOG.jpg","datePublished":"2024-03-10T11:48:51+00:00","dateModified":"2025-05-20T16:15:53+00:00","description":"Jarocin, Rockowizna, Cieszan\u00f3w \u2013 festiwalowy przewodnik 2025! Sprawd\u017a gdzie wyst\u0105pi\u0105 zespo\u0142y z naszego merchu i kup koszulk\u0119!","breadcrumb":{"@id":"https:\/\/www.carton.pl\/blog\/najlepsze-koszulki-na-festiwale-2023-w-carton-pl\/#breadcrumb"},"inLanguage":"pl-PL","potentialAction":[{"@type":"ReadAction","target":["https:\/\/www.carton.pl\/blog\/najlepsze-koszulki-na-festiwale-2023-w-carton-pl\/"]}]},{"@type":"ImageObject","inLanguage":"pl-PL","@id":"https:\/\/www.carton.pl\/blog\/najlepsze-koszulki-na-festiwale-2023-w-carton-pl\/#primaryimage","url":"https:\/\/www.carton.pl\/blog\/wp-content\/uploads\/2023\/06\/FESTIWALE-CARTON-24-BLOG.jpg","contentUrl":"https:\/\/www.carton.pl\/blog\/wp-content\/uploads\/2023\/06\/FESTIWALE-CARTON-24-BLOG.jpg","width":900,"height":600,"caption":"FESTIWALE CARTON 24 BLOG"},{"@type":"BreadcrumbList","@id":"https:\/\/www.carton.pl\/blog\/najlepsze-koszulki-na-festiwale-2023-w-carton-pl\/#breadcrumb","itemListElement":[{"@type":"ListItem","position":1,"name":"Strona g\u0142\u00f3wna","item":"https:\/\/www.carton.pl\/blog\/"},{"@type":"ListItem","position":2,"name":"Najlepsze koszulki na festiwale 2025 w CARTON.pl"}]},{"@type":"WebSite","@id":"https:\/\/www.carton.pl\/blog\/#website","url":"https:\/\/www.carton.pl\/blog\/","name":"BLOG carton.pl","description":"Zespo\u0142y, ciuchy, muzyka - o tym piszemy","publisher":{"@id":"https:\/\/www.carton.pl\/blog\/#organization"},"potentialAction":[{"@type":"SearchAction","target":{"@type":"EntryPoint","urlTemplate":"https:\/\/www.carton.pl\/blog\/?s={search_term_string}"},"query-input":{"@type":"PropertyValueSpecification","valueRequired":true,"valueName":"search_term_string"}}],"inLanguage":"pl-PL"},{"@type":"Organization","@id":"https:\/\/www.carton.pl\/blog\/#organization","name":"CARTON Tomasz Kowalski","url":"https:\/\/www.carton.pl\/blog\/","logo":{"@type":"ImageObject","inLanguage":"pl-PL","@id":"https:\/\/www.carton.pl\/blog\/#\/schema\/logo\/image\/","url":"https:\/\/carton.pl\/blog\/wp-content\/uploads\/2021\/12\/carton_merch_logo.png","contentUrl":"https:\/\/carton.pl\/blog\/wp-content\/uploads\/2021\/12\/carton_merch_logo.png","width":205,"height":56,"caption":"CARTON Tomasz Kowalski"},"image":{"@id":"https:\/\/www.carton.pl\/blog\/#\/schema\/logo\/image\/"}},{"@type":"Person","@id":"https:\/\/www.carton.pl\/blog\/#\/schema\/person\/de344cca6ded145c31c54b7017bb2d1d","name":"Tomek","image":{"@type":"ImageObject","inLanguage":"pl-PL","@id":"https:\/\/www.carton.pl\/blog\/#\/schema\/person\/image\/","url":"https:\/\/secure.gravatar.com\/avatar\/c2a11a2e6f85d610387f5fc3605cf6b2b1af61f0ffb9fa4669a13a3e4c0e1281?s=96&d=mm&r=g","contentUrl":"https:\/\/secure.gravatar.com\/avatar\/c2a11a2e6f85d610387f5fc3605cf6b2b1af61f0ffb9fa4669a13a3e4c0e1281?s=96&d=mm&r=g","caption":"Tomek"},"url":"https:\/\/www.carton.pl\/blog\/author\/carton\/"}]}},"_links":{"self":[{"href":"https:\/\/www.carton.pl\/blog\/wp-json\/wp\/v2\/posts\/1248","targetHints":{"allow":["GET"]}}],"collection":[{"href":"https:\/\/www.carton.pl\/blog\/wp-json\/wp\/v2\/posts"}],"about":[{"href":"https:\/\/www.carton.pl\/blog\/wp-json\/wp\/v2\/types\/post"}],"author":[{"embeddable":true,"href":"https:\/\/www.carton.pl\/blog\/wp-json\/wp\/v2\/users\/2"}],"replies":[{"embeddable":true,"href":"https:\/\/www.carton.pl\/blog\/wp-json\/wp\/v2\/comments?post=1248"}],"version-history":[{"count":11,"href":"https:\/\/www.carton.pl\/blog\/wp-json\/wp\/v2\/posts\/1248\/revisions"}],"predecessor-version":[{"id":1853,"href":"https:\/\/www.carton.pl\/blog\/wp-json\/wp\/v2\/posts\/1248\/revisions\/1853"}],"wp:featuredmedia":[{"embeddable":true,"href":"https:\/\/www.carton.pl\/blog\/wp-json\/wp\/v2\/media\/1524"}],"wp:attachment":[{"href":"https:\/\/www.carton.pl\/blog\/wp-json\/wp\/v2\/media?parent=1248"}],"wp:term":[{"taxonomy":"category","embeddable":true,"href":"https:\/\/www.carton.pl\/blog\/wp-json\/wp\/v2\/categories?post=1248"},{"taxonomy":"post_tag","embeddable":true,"href":"https:\/\/www.carton.pl\/blog\/wp-json\/wp\/v2\/tags?post=1248"}],"curies":[{"name":"wp","href":"https:\/\/api.w.org\/{rel}","templated":true}]}}