{"id":1634,"date":"2024-09-15T17:09:04","date_gmt":"2024-09-15T15:09:04","guid":{"rendered":"https:\/\/www.carton.pl\/blog\/?p=1634"},"modified":"2024-10-07T17:28:30","modified_gmt":"2024-10-07T15:28:30","slug":"zespol-coma-powraca-te-ich-albumy-nigdy-sie-nie-znudza","status":"publish","type":"post","link":"https:\/\/www.carton.pl\/blog\/zespol-coma-powraca-te-ich-albumy-nigdy-sie-nie-znudza\/","title":{"rendered":"Zesp\u00f3\u0142 Coma powraca! Te ich albumy nigdy si\u0119 nie znudz\u0105"},"content":{"rendered":"\n<p><strong>Pami\u0119tasz jeszcze ten moment, gdy po raz pierwszy us\u0142ysza\u0142e\u015b d\u017awi\u0119ki \u201ePierwsze wyj\u015bcie z mroku\u201d? Albo gdy na Przystanku Woodstock w 2006 roku Coma porwa\u0142a t\u0142umy swoj\u0105 energi\u0105? Teraz zesp\u00f3\u0142 Piotra Roguckiego wr\u00f3ci\u0142 na scene i koncertuje w ca\u0142ej Polsce.&nbsp;Pora od\u015bwie\u017cy\u0107 sobie ich najwi\u0119ksze hity!<\/strong><\/p>\n\n\n\n<h2 class=\"wp-block-heading\">Coma \u2013 od gara\u017cu do gwiazd rocka \u2013 1998<\/h2>\n\n\n\n<p><strong>Historia Comy zaczyna si\u0119 w 1998 roku w \u0141odzi<\/strong>. Tam z inicjatywy <strong>gitarzysty Dominika Witczaka i perkusisty Tomasza Stasiaka<\/strong>, wcze\u015bniej wyst\u0119puj\u0105cych razem w zespole Ozoz, powsta\u0142a nowa rockowa formacja. Wkr\u00f3tce do\u0142\u0105czy\u0142 do nich <strong>basista Rafa\u0142 Matuszak, gitarzysta Wojciech Grenda i charyzmatyczny wokalista Piotr Rogucki.<\/strong><\/p>\n\n\n\n<p>Zanim Coma zadebiutowa\u0142a oficjalnym albumem, zyska\u0142a ju\u017c spor\u0105 popularno\u015b\u0107, koncertuj\u0105c u boku s\u0142aw takich jak<strong> Kazik, Sweet Noise czy T.Love. <\/strong>Wszystko za spraw\u0105 porywaj\u0105cych wyst\u0119p\u00f3w na \u017cywo i niesamowitej energii, jak\u0105 muzycy roztaczali na scenie. Ten wyj\u0105tkowy styl, \u0142\u0105cz\u0105cy gara\u017cow\u0105 moc z poetyck\u0105 wra\u017cliwo\u015bci\u0105 tekst\u00f3w Roguckiego, szybko znalaz\u0142 uznanie w\u015br\u00f3d fan\u00f3w.<\/p>\n\n\n\n<h2 class=\"wp-block-heading\">\u201ePierwsze wyj\u015bcie z mroku\u201d &#8211; prze\u0142omowy debiut \u2013 2004 &#8211; 2005<\/h2>\n\n\n\n<p>Prze\u0142omem okaza\u0142 si\u0119 rok 2004, gdy Coma podpisa\u0142a kontrakt z BMG Poland i wyda\u0142a sw\u00f3j debiutancki kr\u0105\u017cek &#8211; \u201e<strong>Pierwsze wyj\u015bcie z mroku\u201d<\/strong>. P\u0142yta zachwyci\u0142a zar\u00f3wno fan\u00f3w, jak i krytyk\u00f3w, kt\u00f3rzy docenili niebanalne rockowe brzmienie i poruszaj\u0105ce teksty. Utwory takie jak <strong>\u201eLeszek \u017bukowski\u201d, \u201eSto tysi\u0119cy jednakowych miast\u201d czy \u201eSpadam\u201d<\/strong> sta\u0142y si\u0119 niemal natychmiast hitami i wizyt\u00f3wkami zespo\u0142u.<\/p>\n\n\n\n<p>Kr\u0105\u017cek zdoby\u0142 status z\u0142otej p\u0142yty i&nbsp;<strong>nagrod\u0119 Fryderyka w kategorii \u201eAlbum Roku \u2013 Rock\u201d<\/strong>.&nbsp; A to by\u0142 dopiero pocz\u0105tek sukces\u00f3w, jakie Coma osi\u0105gn\u0119\u0142a w kolejnych latach. Zesp\u00f3\u0142 ruszy\u0142 w tras\u0119 koncertow\u0105, gra\u0142 na najwi\u0119kszych festiwalach takich jak Przystanek Woodstock i zyskiwa\u0142 coraz szersze grono oddanych fan\u00f3w.<\/p>\n\n\n\n<h2 class=\"wp-block-heading\">Hipertrofia \u2013 kolejne albumy, kolejne nagrody \u2013 2006-2019<\/h2>\n\n\n\n<p>Dwa lata po debiucie Coma wyda\u0142a kolejny album &#8211;&nbsp;<strong>\u201eZaprzepaszczone si\u0142y wielkiej armii \u015bwi\u0119tych znak\u00f3w\u201d<\/strong>, kt\u00f3ry pokaza\u0142, \u017ce muzycy nie powiedzieli jeszcze ostatniego s\u0142owa. P\u0142yta zachwyci\u0142a jeszcze bardziej dojrza\u0142ym brzmieniem i intryguj\u0105cymi tekstami. Promuj\u0105cy j\u0105 singiel <strong>\u201eSystem\u201d<\/strong> sta\u0142 si\u0119 jednym z najwi\u0119kszych przeboj\u00f3w zespo\u0142u.<\/p>\n\n\n\n<p>W 2008 roku ukaza\u0142a si\u0119 podw\u00f3jna p\u0142yta <strong>\u201eHipertrofia\u201d<\/strong>, kt\u00f3ra przynios\u0142a grupie dwa Fryderyki \u2013 za album roku i dla wokalisty roku. Rogucki wtedy pokaza\u0142, \u017ce by\u0142 nie tylko \u015bwietnym tek\u015bciarzem, ale te\u017c jednym z najlepszych rockowych wokalist\u00f3w w kraju. Kawa\u0142ki<strong> \u201eZero osiem wojna\u201d czy \u201eTransfuzja\u201d <\/strong>na d\u0142ugo zapad\u0142y w pami\u0119\u0107 s\u0142uchaczy.<\/p>\n\n\n\n<p>Kolejne lata to by\u0142o pasmo sukces\u00f3w \u2013 trasy koncertowe, wyst\u0119py na najwi\u0119kszych festiwalach, kolejne \u015bwietnie przyj\u0119te p\u0142yty. W 2010 roku ukaza\u0142 si\u0119 pierwszy angloj\u0119zyczny album Comy \u2013 <strong>\u201eExcess\u201d<\/strong>, a rok p\u00f3\u017aniej prze\u0142omowy \u201eCzerwony Album\u201d. Zesp\u00f3\u0142 zdobywa\u0142 kolejne Fryderyki, nagrod\u0119 publiczno\u015bci na Przystanku Woodstock, a jego koncerty przyci\u0105ga\u0142y t\u0142umy fan\u00f3w.<\/p>\n\n\n\n<h2 class=\"wp-block-heading\">Czas na wielki powr\u00f3t \u2013 2024<\/h2>\n\n\n\n<p>Po 20 latach na scenie i wydaniu 8 studyjnych album\u00f3w, w 2019 roku Coma zdecydowa\u0142a si\u0119 zawiesi\u0107 dzia\u0142alno\u015b\u0107. Dla fan\u00f3w by\u0142a to smutna wiadomo\u015b\u0107, ale zesp\u00f3\u0142 zapowiedzia\u0142, \u017ce to nie koniec, tylko chwila przerwy. I rzeczywi\u015bcie \u2013 <strong>w 2024 roku Coma wr\u00f3ci\u0142a, by da\u0107 seri\u0119 niesamowitych koncert\u00f3w<\/strong>!<\/p>\n\n\n\n<p>To niepowtarzalna okazja, by us\u0142ysze\u0107 na \u017cywo wszystkie najwi\u0119ksze przeboje grupy \u2013 <strong>od <em>Pierwsze wyj\u015bcie z mroku<\/em>, przez <em>Hipertrofi\u0119<\/em> a\u017c po ostatni album <em>Metal Ballads vol. 1<\/em>. <\/strong>Je\u015bli jakim\u015b cudem jeszcze nie znasz tw\u00f3rczo\u015bci Comy, koniecznie nadr\u00f3b zaleg\u0142o\u015bci przed koncertami. A je\u017celi jeste\u015b fanem od lat \u2013 szykuj si\u0119 na sentymentaln\u0105 podr\u00f3\u017c w czasie!<\/p>\n\n\n\n<h2 class=\"wp-block-heading\">Muzyka, kt\u00f3ra si\u0119 nie starzeje<\/h2>\n\n\n\n<p>Fenomen Comy polega\u0142 na tym, \u017ce ich muzyka, cho\u0107 mocno osadzona w rockowej tradycji, wci\u0105\u017c brzmia\u0142a \u015bwie\u017co i porywaj\u0105co. Utwory sprzed 20 lat wcale si\u0119 nie zestarza\u0142y, a m\u0142odsze pokolenia s\u0142uchaczy wci\u0105\u017c odkrywa\u0142y je na nowo. Wszystko dzi\u0119ki temu wyj\u0105tkowemu po\u0142\u0105czeniu gara\u017cowej energii, melodyjnych refren\u00f3w i poetyckich tekst\u00f3w, kt\u00f3re od pocz\u0105tku wyr\u00f3\u017cnia\u0142o zesp\u00f3\u0142 na tle innych rockowych kapel.<\/p>\n\n\n\n<p>Je\u015bli doda\u0107 do tego niesamowity sceniczny chayzmat Piotra Roguckiego i \u015bwietne brzmienie ca\u0142ego zespo\u0142u, otrzymujemy recept\u0119 na sukces, kt\u00f3ra sprawdza\u0142a si\u0119 przez ponad dwie dekady. Nic dziwnego, \u017ce powr\u00f3t Comy budzi takie emocje w\u015br\u00f3d fan\u00f3w. To b\u0119dzie uczta dla wszystkich zmys\u0142\u00f3w i powr\u00f3t do najlepszych rockowych tradycji.<\/p>\n\n\n\n<p>Nie przegap tej okazji i ju\u017c dzi\u015b zarezerwuj sobie czas na koncerty Comy w 2024 roku. <strong>Te utwory z \u201ePierwsze wyj\u015bcie z mroku\u201d, \u201eHipertrofii\u201d czy \u201eCzerwonego Albumu\u201d nigdy si\u0119 nie znudz\u0105<\/strong>. Coma wraca i udowodni, \u017ce wci\u0105\u017c jest jednym z najwa\u017cniejszych rockowych zespo\u0142\u00f3w w Polsce. Do zobaczenia pod scen\u0105!<\/p>\n\n\n\n<p class=\"has-text-align-center\"><strong>Zobacz <a href=\"https:\/\/www.carton.pl\/zespol\/coma?srsltid=AfmBOoqnncZq3Mg4aY-k_JHmAE2hMOvHUoWJeiVe2P8jo_XLUZrNhJZa\">sklep COMA!<\/a><\/strong><\/p>\n\n\n\n<figure class=\"wp-block-gallery has-nested-images columns-5 is-cropped wp-block-gallery-1 is-layout-flex wp-block-gallery-is-layout-flex\">\n<figure class=\"wp-block-image size-large\"><img loading=\"lazy\" decoding=\"async\" width=\"360\" height=\"539\" data-id=\"1636\" src=\"https:\/\/www.carton.pl\/blog\/wp-content\/uploads\/2024\/10\/image.png\" alt=\"image\" class=\"wp-image-1636\" srcset=\"https:\/\/www.carton.pl\/blog\/wp-content\/uploads\/2024\/10\/image.png 360w, https:\/\/www.carton.pl\/blog\/wp-content\/uploads\/2024\/10\/image-200x300.png 200w\" sizes=\"auto, (max-width: 360px) 100vw, 360px\" \/><\/figure>\n\n\n\n<figure class=\"wp-block-image size-large\"><img loading=\"lazy\" decoding=\"async\" width=\"360\" height=\"539\" data-id=\"1647\" src=\"https:\/\/www.carton.pl\/blog\/wp-content\/uploads\/2024\/10\/mm_1_1_K_1257A-01.jpg\" alt=\"mm 1 1 K 1257A 01\" class=\"wp-image-1647\" srcset=\"https:\/\/www.carton.pl\/blog\/wp-content\/uploads\/2024\/10\/mm_1_1_K_1257A-01.jpg 360w, https:\/\/www.carton.pl\/blog\/wp-content\/uploads\/2024\/10\/mm_1_1_K_1257A-01-200x300.jpg 200w\" sizes=\"auto, (max-width: 360px) 100vw, 360px\" \/><\/figure>\n\n\n\n<figure class=\"wp-block-image size-large\"><img loading=\"lazy\" decoding=\"async\" width=\"360\" height=\"539\" data-id=\"1651\" src=\"https:\/\/www.carton.pl\/blog\/wp-content\/uploads\/2024\/10\/mm_1_1_BKZ_209-01-3.jpg\" alt=\"mm 1 1 BKZ 209 01 3\" class=\"wp-image-1651\" srcset=\"https:\/\/www.carton.pl\/blog\/wp-content\/uploads\/2024\/10\/mm_1_1_BKZ_209-01-3.jpg 360w, https:\/\/www.carton.pl\/blog\/wp-content\/uploads\/2024\/10\/mm_1_1_BKZ_209-01-3-200x300.jpg 200w\" sizes=\"auto, (max-width: 360px) 100vw, 360px\" \/><\/figure>\n\n\n\n<figure class=\"wp-block-image size-large\"><img loading=\"lazy\" decoding=\"async\" width=\"620\" height=\"929\" data-id=\"1649\" src=\"https:\/\/www.carton.pl\/blog\/wp-content\/uploads\/2024\/10\/m_1_1_B25_260-3.jpg\" alt=\"m 1 1 B25 260 3\" class=\"wp-image-1649\" srcset=\"https:\/\/www.carton.pl\/blog\/wp-content\/uploads\/2024\/10\/m_1_1_B25_260-3.jpg 620w, https:\/\/www.carton.pl\/blog\/wp-content\/uploads\/2024\/10\/m_1_1_B25_260-3-200x300.jpg 200w\" sizes=\"auto, (max-width: 620px) 100vw, 620px\" \/><\/figure>\n\n\n\n<figure class=\"wp-block-image size-large\"><img loading=\"lazy\" decoding=\"async\" width=\"620\" height=\"929\" data-id=\"1650\" src=\"https:\/\/www.carton.pl\/blog\/wp-content\/uploads\/2024\/10\/m_1_1_B25_018.jpg\" alt=\"m 1 1 B25 018\" class=\"wp-image-1650\" srcset=\"https:\/\/www.carton.pl\/blog\/wp-content\/uploads\/2024\/10\/m_1_1_B25_018.jpg 620w, https:\/\/www.carton.pl\/blog\/wp-content\/uploads\/2024\/10\/m_1_1_B25_018-200x300.jpg 200w\" sizes=\"auto, (max-width: 620px) 100vw, 620px\" \/><\/figure>\n<\/figure>\n\n\n\n<p><strong>Czytaj r\u00f3wnie\u017c:<\/strong><\/p>\n\n\n\n<p><a href=\"https:\/\/www.carton.pl\/blog\/znasz-oprocz-blekitnego-nieba-oto-kilka-faktow-o-golden-life\/\">Znasz \u201eOpr\u00f3cz b\u0142\u0119kitnego nieba\u201d? Oto kilka fakt\u00f3w o Golden Life!<\/a><\/p>\n\n\n\n<p><a href=\"https:\/\/www.carton.pl\/blog\/tides-from-nebula-poznaj-krolow-polskiego-post-rocka\/\">Tides From Nebula \u2013 poznaj kr\u00f3l\u00f3w polskiego post-rocka<\/a><\/p>\n\n\n\n<p><a href=\"https:\/\/www.carton.pl\/blog\/najlepsze-gitarowe-riffy-wszech-czasow-top-10\/\">Najlepsze gitarowe riffy wszech czas\u00f3w \u2013 Top 10<\/a><\/p>\n\n\n\n<p><\/p>\n","protected":false},"excerpt":{"rendered":"<p>Pami\u0119tasz jeszcze ten moment, gdy po raz pierwszy us\u0142ysza\u0142e\u015b d\u017awi\u0119ki \u201ePierwsze wyj\u015bcie z mroku\u201d? Albo gdy na Przystanku Woodstock w 2006 roku Coma porwa\u0142a t\u0142umy swoj\u0105 energi\u0105? Teraz zesp\u00f3\u0142 Piotra Roguckiego wr\u00f3ci\u0142 na scene i koncertuje w ca\u0142ej Polsce.&nbsp;Pora od\u015bwie\u017cy\u0107 sobie ich najwi\u0119ksze hity! Coma \u2013 od gara\u017cu do gwiazd rocka \u2013 1998 Historia Comy zaczyna si\u0119 w 1998 roku w \u0141odzi. Tam z inicjatywy gitarzysty Dominika Witczaka i perkusisty Tomasza Stasiaka, wcze\u015bniej wyst\u0119puj\u0105cych razem w zespole Ozoz, powsta\u0142a nowa rockowa formacja. Wkr\u00f3tce do\u0142\u0105czy\u0142 do nich basista Rafa\u0142 Matuszak, gitarzysta Wojciech Grenda i charyzmatyczny wokalista Piotr Rogucki. Zanim Coma zadebiutowa\u0142a oficjalnym albumem, zyska\u0142a ju\u017c spor\u0105 popularno\u015b\u0107, koncertuj\u0105c u boku s\u0142aw takich jak Kazik, Sweet Noise czy T.Love. Wszystko za spraw\u0105 porywaj\u0105cych wyst\u0119p\u00f3w na \u017cywo i niesamowitej energii, jak\u0105 muzycy roztaczali na scenie. Ten wyj\u0105tkowy styl, \u0142\u0105cz\u0105cy gara\u017cow\u0105 moc z poetyck\u0105 wra\u017cliwo\u015bci\u0105 tekst\u00f3w Roguckiego, szybko znalaz\u0142 uznanie w\u015br\u00f3d fan\u00f3w. \u201ePierwsze wyj\u015bcie z mroku\u201d &#8211; prze\u0142omowy debiut \u2013 2004 &#8211; 2005 Prze\u0142omem okaza\u0142 si\u0119 rok 2004, gdy Coma podpisa\u0142a kontrakt z BMG Poland i wyda\u0142a sw\u00f3j debiutancki kr\u0105\u017cek &#8211; \u201ePierwsze wyj\u015bcie z mroku\u201d. P\u0142yta zachwyci\u0142a zar\u00f3wno fan\u00f3w, jak i krytyk\u00f3w, kt\u00f3rzy docenili niebanalne rockowe brzmienie i poruszaj\u0105ce teksty. Utwory takie jak \u201eLeszek \u017bukowski\u201d, \u201eSto tysi\u0119cy jednakowych miast\u201d czy \u201eSpadam\u201d sta\u0142y si\u0119 niemal natychmiast hitami i wizyt\u00f3wkami zespo\u0142u. Kr\u0105\u017cek zdoby\u0142 status z\u0142otej p\u0142yty i&nbsp;nagrod\u0119 Fryderyka w kategorii \u201eAlbum Roku \u2013 Rock\u201d.&nbsp; A to by\u0142 dopiero pocz\u0105tek sukces\u00f3w, jakie Coma osi\u0105gn\u0119\u0142a w kolejnych latach. Zesp\u00f3\u0142 ruszy\u0142 w tras\u0119 koncertow\u0105, gra\u0142 na najwi\u0119kszych festiwalach takich jak Przystanek Woodstock i zyskiwa\u0142 coraz szersze grono oddanych fan\u00f3w. Hipertrofia \u2013 kolejne albumy, kolejne nagrody \u2013 2006-2019 Dwa lata po debiucie Coma wyda\u0142a kolejny album &#8211;&nbsp;\u201eZaprzepaszczone si\u0142y wielkiej armii \u015bwi\u0119tych znak\u00f3w\u201d, kt\u00f3ry pokaza\u0142, \u017ce muzycy nie powiedzieli jeszcze ostatniego s\u0142owa. P\u0142yta zachwyci\u0142a jeszcze bardziej dojrza\u0142ym brzmieniem i intryguj\u0105cymi tekstami. Promuj\u0105cy j\u0105 singiel \u201eSystem\u201d sta\u0142 si\u0119 jednym z najwi\u0119kszych przeboj\u00f3w zespo\u0142u. W 2008 roku ukaza\u0142a si\u0119 podw\u00f3jna p\u0142yta \u201eHipertrofia\u201d, kt\u00f3ra przynios\u0142a grupie dwa Fryderyki \u2013 za album roku i dla wokalisty roku. Rogucki wtedy pokaza\u0142, \u017ce by\u0142 nie tylko \u015bwietnym tek\u015bciarzem, ale te\u017c jednym z najlepszych rockowych wokalist\u00f3w w kraju. Kawa\u0142ki \u201eZero osiem wojna\u201d czy \u201eTransfuzja\u201d na d\u0142ugo zapad\u0142y w pami\u0119\u0107 s\u0142uchaczy. Kolejne lata to by\u0142o pasmo sukces\u00f3w \u2013 trasy koncertowe, wyst\u0119py na najwi\u0119kszych festiwalach, kolejne \u015bwietnie przyj\u0119te p\u0142yty. W 2010 roku ukaza\u0142 si\u0119 pierwszy angloj\u0119zyczny album Comy \u2013 \u201eExcess\u201d, a rok p\u00f3\u017aniej prze\u0142omowy \u201eCzerwony Album\u201d. Zesp\u00f3\u0142 zdobywa\u0142 kolejne Fryderyki, nagrod\u0119 publiczno\u015bci na Przystanku Woodstock, a jego koncerty przyci\u0105ga\u0142y t\u0142umy fan\u00f3w. Czas na wielki powr\u00f3t \u2013 2024 Po 20 latach na scenie i wydaniu 8 studyjnych album\u00f3w, w 2019 roku Coma zdecydowa\u0142a si\u0119 zawiesi\u0107 dzia\u0142alno\u015b\u0107. Dla fan\u00f3w by\u0142a to smutna wiadomo\u015b\u0107, ale zesp\u00f3\u0142 zapowiedzia\u0142, \u017ce to nie koniec, tylko chwila przerwy. I rzeczywi\u015bcie \u2013 w 2024 roku Coma wr\u00f3ci\u0142a, by da\u0107 seri\u0119 niesamowitych koncert\u00f3w! To niepowtarzalna okazja, by us\u0142ysze\u0107 na \u017cywo wszystkie najwi\u0119ksze przeboje grupy \u2013 od Pierwsze wyj\u015bcie z mroku, przez Hipertrofi\u0119 a\u017c po ostatni album Metal Ballads vol. 1. Je\u015bli jakim\u015b cudem jeszcze nie znasz tw\u00f3rczo\u015bci Comy, koniecznie nadr\u00f3b zaleg\u0142o\u015bci przed koncertami. A je\u017celi jeste\u015b fanem od lat \u2013 szykuj si\u0119 na sentymentaln\u0105 podr\u00f3\u017c w czasie! Muzyka, kt\u00f3ra si\u0119 nie starzeje Fenomen Comy polega\u0142 na tym, \u017ce ich muzyka, cho\u0107 mocno osadzona w rockowej tradycji, wci\u0105\u017c brzmia\u0142a \u015bwie\u017co i porywaj\u0105co. Utwory sprzed 20 lat wcale si\u0119 nie zestarza\u0142y, a m\u0142odsze pokolenia s\u0142uchaczy wci\u0105\u017c odkrywa\u0142y je na nowo. Wszystko dzi\u0119ki temu wyj\u0105tkowemu po\u0142\u0105czeniu gara\u017cowej energii, melodyjnych refren\u00f3w i poetyckich tekst\u00f3w, kt\u00f3re od pocz\u0105tku wyr\u00f3\u017cnia\u0142o zesp\u00f3\u0142 na tle innych rockowych kapel. Je\u015bli doda\u0107 do tego niesamowity sceniczny chayzmat Piotra Roguckiego i \u015bwietne brzmienie ca\u0142ego zespo\u0142u, otrzymujemy recept\u0119 na sukces, kt\u00f3ra sprawdza\u0142a si\u0119 przez ponad dwie dekady. Nic dziwnego, \u017ce powr\u00f3t Comy budzi takie emocje w\u015br\u00f3d fan\u00f3w. To b\u0119dzie uczta dla wszystkich zmys\u0142\u00f3w i powr\u00f3t do najlepszych rockowych tradycji. Nie przegap tej okazji i ju\u017c dzi\u015b zarezerwuj sobie czas na koncerty Comy w 2024 roku. Te utwory z \u201ePierwsze wyj\u015bcie z mroku\u201d, \u201eHipertrofii\u201d czy \u201eCzerwonego Albumu\u201d nigdy si\u0119 nie znudz\u0105. Coma wraca i udowodni, \u017ce wci\u0105\u017c jest jednym z najwa\u017cniejszych rockowych zespo\u0142\u00f3w w Polsce. Do zobaczenia pod scen\u0105! Zobacz sklep COMA! Czytaj r\u00f3wnie\u017c: Znasz \u201eOpr\u00f3cz b\u0142\u0119kitnego nieba\u201d? Oto kilka fakt\u00f3w o Golden Life! Tides From Nebula \u2013 poznaj kr\u00f3l\u00f3w polskiego post-rocka Najlepsze gitarowe riffy wszech czas\u00f3w \u2013 Top 10<\/p>\n","protected":false},"author":2,"featured_media":1656,"comment_status":"closed","ping_status":"open","sticky":false,"template":"","format":"standard","meta":{"footnotes":""},"categories":[2],"tags":[],"class_list":["post-1634","post","type-post","status-publish","format-standard","has-post-thumbnail","hentry","category-zespoly"],"yoast_head":"<!-- This site is optimized with the Yoast SEO plugin v26.9 - https:\/\/yoast.com\/product\/yoast-seo-wordpress\/ -->\n<title>Zesp\u00f3\u0142 Coma powraca! Te ich albumy nigdy si\u0119 nie znudz\u0105<\/title>\n<meta name=\"description\" content=\"Chcia\u0142by\u015b zn\u00f3w zobaczy\u0107 Piotra Roguckiego na scenie? Zesp\u00f3\u0142 Coma powraca i gra koncerty w ca\u0142ej Polsce! Sprawd\u017a, kt\u00f3re p\u0142yty przesz\u0142y do legendy!\" \/>\n<meta name=\"robots\" content=\"index, follow, max-snippet:-1, max-image-preview:large, max-video-preview:-1\" \/>\n<link rel=\"canonical\" href=\"https:\/\/www.carton.pl\/blog\/zespol-coma-powraca-te-ich-albumy-nigdy-sie-nie-znudza\/\" \/>\n<meta property=\"og:locale\" content=\"pl_PL\" \/>\n<meta property=\"og:type\" content=\"article\" \/>\n<meta property=\"og:title\" content=\"Zesp\u00f3\u0142 Coma powraca! Te ich albumy nigdy si\u0119 nie znudz\u0105\" \/>\n<meta property=\"og:description\" content=\"Chcia\u0142by\u015b zn\u00f3w zobaczy\u0107 Piotra Roguckiego na scenie? Zesp\u00f3\u0142 Coma powraca i gra koncerty w ca\u0142ej Polsce! Sprawd\u017a, kt\u00f3re p\u0142yty przesz\u0142y do legendy!\" \/>\n<meta property=\"og:url\" content=\"https:\/\/www.carton.pl\/blog\/zespol-coma-powraca-te-ich-albumy-nigdy-sie-nie-znudza\/\" \/>\n<meta property=\"og:site_name\" content=\"BLOG carton.pl\" \/>\n<meta property=\"article:published_time\" content=\"2024-09-15T15:09:04+00:00\" \/>\n<meta property=\"article:modified_time\" content=\"2024-10-07T15:28:30+00:00\" \/>\n<meta property=\"og:image\" content=\"https:\/\/www.carton.pl\/blog\/wp-content\/uploads\/2024\/09\/COMA-IS-BACK-BLOG-1.jpg\" \/>\n\t<meta property=\"og:image:width\" content=\"900\" \/>\n\t<meta property=\"og:image:height\" content=\"600\" \/>\n\t<meta property=\"og:image:type\" content=\"image\/jpeg\" \/>\n<meta name=\"author\" content=\"Tomek\" \/>\n<meta name=\"twitter:card\" content=\"summary_large_image\" \/>\n<meta name=\"twitter:label1\" content=\"Napisane przez\" \/>\n\t<meta name=\"twitter:data1\" content=\"Tomek\" \/>\n\t<meta name=\"twitter:label2\" content=\"Szacowany czas czytania\" \/>\n\t<meta name=\"twitter:data2\" content=\"6 minut\" \/>\n<script type=\"application\/ld+json\" class=\"yoast-schema-graph\">{\"@context\":\"https:\/\/schema.org\",\"@graph\":[{\"@type\":\"Article\",\"@id\":\"https:\/\/www.carton.pl\/blog\/zespol-coma-powraca-te-ich-albumy-nigdy-sie-nie-znudza\/#article\",\"isPartOf\":{\"@id\":\"https:\/\/www.carton.pl\/blog\/zespol-coma-powraca-te-ich-albumy-nigdy-sie-nie-znudza\/\"},\"author\":{\"name\":\"Tomek\",\"@id\":\"https:\/\/www.carton.pl\/blog\/#\/schema\/person\/de344cca6ded145c31c54b7017bb2d1d\"},\"headline\":\"Zesp\u00f3\u0142 Coma powraca! Te ich albumy nigdy si\u0119 nie znudz\u0105\",\"datePublished\":\"2024-09-15T15:09:04+00:00\",\"dateModified\":\"2024-10-07T15:28:30+00:00\",\"mainEntityOfPage\":{\"@id\":\"https:\/\/www.carton.pl\/blog\/zespol-coma-powraca-te-ich-albumy-nigdy-sie-nie-znudza\/\"},\"wordCount\":857,\"publisher\":{\"@id\":\"https:\/\/www.carton.pl\/blog\/#organization\"},\"image\":{\"@id\":\"https:\/\/www.carton.pl\/blog\/zespol-coma-powraca-te-ich-albumy-nigdy-sie-nie-znudza\/#primaryimage\"},\"thumbnailUrl\":\"https:\/\/www.carton.pl\/blog\/wp-content\/uploads\/2024\/09\/COMA-IS-BACK-BLOG-1.jpg\",\"articleSection\":[\"Zespo\u0142y\"],\"inLanguage\":\"pl-PL\"},{\"@type\":\"WebPage\",\"@id\":\"https:\/\/www.carton.pl\/blog\/zespol-coma-powraca-te-ich-albumy-nigdy-sie-nie-znudza\/\",\"url\":\"https:\/\/www.carton.pl\/blog\/zespol-coma-powraca-te-ich-albumy-nigdy-sie-nie-znudza\/\",\"name\":\"Zesp\u00f3\u0142 Coma powraca! Te ich albumy nigdy si\u0119 nie znudz\u0105\",\"isPartOf\":{\"@id\":\"https:\/\/www.carton.pl\/blog\/#website\"},\"primaryImageOfPage\":{\"@id\":\"https:\/\/www.carton.pl\/blog\/zespol-coma-powraca-te-ich-albumy-nigdy-sie-nie-znudza\/#primaryimage\"},\"image\":{\"@id\":\"https:\/\/www.carton.pl\/blog\/zespol-coma-powraca-te-ich-albumy-nigdy-sie-nie-znudza\/#primaryimage\"},\"thumbnailUrl\":\"https:\/\/www.carton.pl\/blog\/wp-content\/uploads\/2024\/09\/COMA-IS-BACK-BLOG-1.jpg\",\"datePublished\":\"2024-09-15T15:09:04+00:00\",\"dateModified\":\"2024-10-07T15:28:30+00:00\",\"description\":\"Chcia\u0142by\u015b zn\u00f3w zobaczy\u0107 Piotra Roguckiego na scenie? Zesp\u00f3\u0142 Coma powraca i gra koncerty w ca\u0142ej Polsce! Sprawd\u017a, kt\u00f3re p\u0142yty przesz\u0142y do legendy!\",\"breadcrumb\":{\"@id\":\"https:\/\/www.carton.pl\/blog\/zespol-coma-powraca-te-ich-albumy-nigdy-sie-nie-znudza\/#breadcrumb\"},\"inLanguage\":\"pl-PL\",\"potentialAction\":[{\"@type\":\"ReadAction\",\"target\":[\"https:\/\/www.carton.pl\/blog\/zespol-coma-powraca-te-ich-albumy-nigdy-sie-nie-znudza\/\"]}]},{\"@type\":\"ImageObject\",\"inLanguage\":\"pl-PL\",\"@id\":\"https:\/\/www.carton.pl\/blog\/zespol-coma-powraca-te-ich-albumy-nigdy-sie-nie-znudza\/#primaryimage\",\"url\":\"https:\/\/www.carton.pl\/blog\/wp-content\/uploads\/2024\/09\/COMA-IS-BACK-BLOG-1.jpg\",\"contentUrl\":\"https:\/\/www.carton.pl\/blog\/wp-content\/uploads\/2024\/09\/COMA-IS-BACK-BLOG-1.jpg\",\"width\":900,\"height\":600,\"caption\":\"COMA IS BACK BLOG 1\"},{\"@type\":\"BreadcrumbList\",\"@id\":\"https:\/\/www.carton.pl\/blog\/zespol-coma-powraca-te-ich-albumy-nigdy-sie-nie-znudza\/#breadcrumb\",\"itemListElement\":[{\"@type\":\"ListItem\",\"position\":1,\"name\":\"Strona g\u0142\u00f3wna\",\"item\":\"https:\/\/www.carton.pl\/blog\/\"},{\"@type\":\"ListItem\",\"position\":2,\"name\":\"Zesp\u00f3\u0142 Coma powraca! Te ich albumy nigdy si\u0119 nie znudz\u0105\"}]},{\"@type\":\"WebSite\",\"@id\":\"https:\/\/www.carton.pl\/blog\/#website\",\"url\":\"https:\/\/www.carton.pl\/blog\/\",\"name\":\"BLOG carton.pl\",\"description\":\"Zespo\u0142y, ciuchy, muzyka - o tym piszemy\",\"publisher\":{\"@id\":\"https:\/\/www.carton.pl\/blog\/#organization\"},\"potentialAction\":[{\"@type\":\"SearchAction\",\"target\":{\"@type\":\"EntryPoint\",\"urlTemplate\":\"https:\/\/www.carton.pl\/blog\/?s={search_term_string}\"},\"query-input\":{\"@type\":\"PropertyValueSpecification\",\"valueRequired\":true,\"valueName\":\"search_term_string\"}}],\"inLanguage\":\"pl-PL\"},{\"@type\":\"Organization\",\"@id\":\"https:\/\/www.carton.pl\/blog\/#organization\",\"name\":\"CARTON Tomasz Kowalski\",\"url\":\"https:\/\/www.carton.pl\/blog\/\",\"logo\":{\"@type\":\"ImageObject\",\"inLanguage\":\"pl-PL\",\"@id\":\"https:\/\/www.carton.pl\/blog\/#\/schema\/logo\/image\/\",\"url\":\"https:\/\/carton.pl\/blog\/wp-content\/uploads\/2021\/12\/carton_merch_logo.png\",\"contentUrl\":\"https:\/\/carton.pl\/blog\/wp-content\/uploads\/2021\/12\/carton_merch_logo.png\",\"width\":205,\"height\":56,\"caption\":\"CARTON Tomasz Kowalski\"},\"image\":{\"@id\":\"https:\/\/www.carton.pl\/blog\/#\/schema\/logo\/image\/\"}},{\"@type\":\"Person\",\"@id\":\"https:\/\/www.carton.pl\/blog\/#\/schema\/person\/de344cca6ded145c31c54b7017bb2d1d\",\"name\":\"Tomek\",\"image\":{\"@type\":\"ImageObject\",\"inLanguage\":\"pl-PL\",\"@id\":\"https:\/\/www.carton.pl\/blog\/#\/schema\/person\/image\/\",\"url\":\"https:\/\/secure.gravatar.com\/avatar\/c2a11a2e6f85d610387f5fc3605cf6b2b1af61f0ffb9fa4669a13a3e4c0e1281?s=96&d=mm&r=g\",\"contentUrl\":\"https:\/\/secure.gravatar.com\/avatar\/c2a11a2e6f85d610387f5fc3605cf6b2b1af61f0ffb9fa4669a13a3e4c0e1281?s=96&d=mm&r=g\",\"caption\":\"Tomek\"},\"url\":\"https:\/\/www.carton.pl\/blog\/author\/carton\/\"}]}<\/script>\n<!-- \/ Yoast SEO plugin. -->","yoast_head_json":{"title":"Zesp\u00f3\u0142 Coma powraca! Te ich albumy nigdy si\u0119 nie znudz\u0105","description":"Chcia\u0142by\u015b zn\u00f3w zobaczy\u0107 Piotra Roguckiego na scenie? Zesp\u00f3\u0142 Coma powraca i gra koncerty w ca\u0142ej Polsce! Sprawd\u017a, kt\u00f3re p\u0142yty przesz\u0142y do legendy!","robots":{"index":"index","follow":"follow","max-snippet":"max-snippet:-1","max-image-preview":"max-image-preview:large","max-video-preview":"max-video-preview:-1"},"canonical":"https:\/\/www.carton.pl\/blog\/zespol-coma-powraca-te-ich-albumy-nigdy-sie-nie-znudza\/","og_locale":"pl_PL","og_type":"article","og_title":"Zesp\u00f3\u0142 Coma powraca! Te ich albumy nigdy si\u0119 nie znudz\u0105","og_description":"Chcia\u0142by\u015b zn\u00f3w zobaczy\u0107 Piotra Roguckiego na scenie? Zesp\u00f3\u0142 Coma powraca i gra koncerty w ca\u0142ej Polsce! Sprawd\u017a, kt\u00f3re p\u0142yty przesz\u0142y do legendy!","og_url":"https:\/\/www.carton.pl\/blog\/zespol-coma-powraca-te-ich-albumy-nigdy-sie-nie-znudza\/","og_site_name":"BLOG carton.pl","article_published_time":"2024-09-15T15:09:04+00:00","article_modified_time":"2024-10-07T15:28:30+00:00","og_image":[{"width":900,"height":600,"url":"https:\/\/www.carton.pl\/blog\/wp-content\/uploads\/2024\/09\/COMA-IS-BACK-BLOG-1.jpg","type":"image\/jpeg"}],"author":"Tomek","twitter_card":"summary_large_image","twitter_misc":{"Napisane przez":"Tomek","Szacowany czas czytania":"6 minut"},"schema":{"@context":"https:\/\/schema.org","@graph":[{"@type":"Article","@id":"https:\/\/www.carton.pl\/blog\/zespol-coma-powraca-te-ich-albumy-nigdy-sie-nie-znudza\/#article","isPartOf":{"@id":"https:\/\/www.carton.pl\/blog\/zespol-coma-powraca-te-ich-albumy-nigdy-sie-nie-znudza\/"},"author":{"name":"Tomek","@id":"https:\/\/www.carton.pl\/blog\/#\/schema\/person\/de344cca6ded145c31c54b7017bb2d1d"},"headline":"Zesp\u00f3\u0142 Coma powraca! Te ich albumy nigdy si\u0119 nie znudz\u0105","datePublished":"2024-09-15T15:09:04+00:00","dateModified":"2024-10-07T15:28:30+00:00","mainEntityOfPage":{"@id":"https:\/\/www.carton.pl\/blog\/zespol-coma-powraca-te-ich-albumy-nigdy-sie-nie-znudza\/"},"wordCount":857,"publisher":{"@id":"https:\/\/www.carton.pl\/blog\/#organization"},"image":{"@id":"https:\/\/www.carton.pl\/blog\/zespol-coma-powraca-te-ich-albumy-nigdy-sie-nie-znudza\/#primaryimage"},"thumbnailUrl":"https:\/\/www.carton.pl\/blog\/wp-content\/uploads\/2024\/09\/COMA-IS-BACK-BLOG-1.jpg","articleSection":["Zespo\u0142y"],"inLanguage":"pl-PL"},{"@type":"WebPage","@id":"https:\/\/www.carton.pl\/blog\/zespol-coma-powraca-te-ich-albumy-nigdy-sie-nie-znudza\/","url":"https:\/\/www.carton.pl\/blog\/zespol-coma-powraca-te-ich-albumy-nigdy-sie-nie-znudza\/","name":"Zesp\u00f3\u0142 Coma powraca! Te ich albumy nigdy si\u0119 nie znudz\u0105","isPartOf":{"@id":"https:\/\/www.carton.pl\/blog\/#website"},"primaryImageOfPage":{"@id":"https:\/\/www.carton.pl\/blog\/zespol-coma-powraca-te-ich-albumy-nigdy-sie-nie-znudza\/#primaryimage"},"image":{"@id":"https:\/\/www.carton.pl\/blog\/zespol-coma-powraca-te-ich-albumy-nigdy-sie-nie-znudza\/#primaryimage"},"thumbnailUrl":"https:\/\/www.carton.pl\/blog\/wp-content\/uploads\/2024\/09\/COMA-IS-BACK-BLOG-1.jpg","datePublished":"2024-09-15T15:09:04+00:00","dateModified":"2024-10-07T15:28:30+00:00","description":"Chcia\u0142by\u015b zn\u00f3w zobaczy\u0107 Piotra Roguckiego na scenie? Zesp\u00f3\u0142 Coma powraca i gra koncerty w ca\u0142ej Polsce! Sprawd\u017a, kt\u00f3re p\u0142yty przesz\u0142y do legendy!","breadcrumb":{"@id":"https:\/\/www.carton.pl\/blog\/zespol-coma-powraca-te-ich-albumy-nigdy-sie-nie-znudza\/#breadcrumb"},"inLanguage":"pl-PL","potentialAction":[{"@type":"ReadAction","target":["https:\/\/www.carton.pl\/blog\/zespol-coma-powraca-te-ich-albumy-nigdy-sie-nie-znudza\/"]}]},{"@type":"ImageObject","inLanguage":"pl-PL","@id":"https:\/\/www.carton.pl\/blog\/zespol-coma-powraca-te-ich-albumy-nigdy-sie-nie-znudza\/#primaryimage","url":"https:\/\/www.carton.pl\/blog\/wp-content\/uploads\/2024\/09\/COMA-IS-BACK-BLOG-1.jpg","contentUrl":"https:\/\/www.carton.pl\/blog\/wp-content\/uploads\/2024\/09\/COMA-IS-BACK-BLOG-1.jpg","width":900,"height":600,"caption":"COMA IS BACK BLOG 1"},{"@type":"BreadcrumbList","@id":"https:\/\/www.carton.pl\/blog\/zespol-coma-powraca-te-ich-albumy-nigdy-sie-nie-znudza\/#breadcrumb","itemListElement":[{"@type":"ListItem","position":1,"name":"Strona g\u0142\u00f3wna","item":"https:\/\/www.carton.pl\/blog\/"},{"@type":"ListItem","position":2,"name":"Zesp\u00f3\u0142 Coma powraca! Te ich albumy nigdy si\u0119 nie znudz\u0105"}]},{"@type":"WebSite","@id":"https:\/\/www.carton.pl\/blog\/#website","url":"https:\/\/www.carton.pl\/blog\/","name":"BLOG carton.pl","description":"Zespo\u0142y, ciuchy, muzyka - o tym piszemy","publisher":{"@id":"https:\/\/www.carton.pl\/blog\/#organization"},"potentialAction":[{"@type":"SearchAction","target":{"@type":"EntryPoint","urlTemplate":"https:\/\/www.carton.pl\/blog\/?s={search_term_string}"},"query-input":{"@type":"PropertyValueSpecification","valueRequired":true,"valueName":"search_term_string"}}],"inLanguage":"pl-PL"},{"@type":"Organization","@id":"https:\/\/www.carton.pl\/blog\/#organization","name":"CARTON Tomasz Kowalski","url":"https:\/\/www.carton.pl\/blog\/","logo":{"@type":"ImageObject","inLanguage":"pl-PL","@id":"https:\/\/www.carton.pl\/blog\/#\/schema\/logo\/image\/","url":"https:\/\/carton.pl\/blog\/wp-content\/uploads\/2021\/12\/carton_merch_logo.png","contentUrl":"https:\/\/carton.pl\/blog\/wp-content\/uploads\/2021\/12\/carton_merch_logo.png","width":205,"height":56,"caption":"CARTON Tomasz Kowalski"},"image":{"@id":"https:\/\/www.carton.pl\/blog\/#\/schema\/logo\/image\/"}},{"@type":"Person","@id":"https:\/\/www.carton.pl\/blog\/#\/schema\/person\/de344cca6ded145c31c54b7017bb2d1d","name":"Tomek","image":{"@type":"ImageObject","inLanguage":"pl-PL","@id":"https:\/\/www.carton.pl\/blog\/#\/schema\/person\/image\/","url":"https:\/\/secure.gravatar.com\/avatar\/c2a11a2e6f85d610387f5fc3605cf6b2b1af61f0ffb9fa4669a13a3e4c0e1281?s=96&d=mm&r=g","contentUrl":"https:\/\/secure.gravatar.com\/avatar\/c2a11a2e6f85d610387f5fc3605cf6b2b1af61f0ffb9fa4669a13a3e4c0e1281?s=96&d=mm&r=g","caption":"Tomek"},"url":"https:\/\/www.carton.pl\/blog\/author\/carton\/"}]}},"_links":{"self":[{"href":"https:\/\/www.carton.pl\/blog\/wp-json\/wp\/v2\/posts\/1634","targetHints":{"allow":["GET"]}}],"collection":[{"href":"https:\/\/www.carton.pl\/blog\/wp-json\/wp\/v2\/posts"}],"about":[{"href":"https:\/\/www.carton.pl\/blog\/wp-json\/wp\/v2\/types\/post"}],"author":[{"embeddable":true,"href":"https:\/\/www.carton.pl\/blog\/wp-json\/wp\/v2\/users\/2"}],"replies":[{"embeddable":true,"href":"https:\/\/www.carton.pl\/blog\/wp-json\/wp\/v2\/comments?post=1634"}],"version-history":[{"count":1,"href":"https:\/\/www.carton.pl\/blog\/wp-json\/wp\/v2\/posts\/1634\/revisions"}],"predecessor-version":[{"id":1652,"href":"https:\/\/www.carton.pl\/blog\/wp-json\/wp\/v2\/posts\/1634\/revisions\/1652"}],"wp:featuredmedia":[{"embeddable":true,"href":"https:\/\/www.carton.pl\/blog\/wp-json\/wp\/v2\/media\/1656"}],"wp:attachment":[{"href":"https:\/\/www.carton.pl\/blog\/wp-json\/wp\/v2\/media?parent=1634"}],"wp:term":[{"taxonomy":"category","embeddable":true,"href":"https:\/\/www.carton.pl\/blog\/wp-json\/wp\/v2\/categories?post=1634"},{"taxonomy":"post_tag","embeddable":true,"href":"https:\/\/www.carton.pl\/blog\/wp-json\/wp\/v2\/tags?post=1634"}],"curies":[{"name":"wp","href":"https:\/\/api.w.org\/{rel}","templated":true}]}}