{"id":1668,"date":"2024-10-15T01:21:06","date_gmt":"2024-10-14T23:21:06","guid":{"rendered":"https:\/\/www.carton.pl\/blog\/?p=1668"},"modified":"2024-10-22T01:33:18","modified_gmt":"2024-10-21T23:33:18","slug":"bez-pradu-ale-z-moca-farben-lehre-i-lydka-grubasa-na-koncertach-akustycznych","status":"publish","type":"post","link":"https:\/\/www.carton.pl\/blog\/bez-pradu-ale-z-moca-farben-lehre-i-lydka-grubasa-na-koncertach-akustycznych\/","title":{"rendered":"Bez pr\u0105du, ale z moc\u0105 \u2013 Farben Lehre i \u0141ydka Grubasa na koncertach akustycznych"},"content":{"rendered":"\n<p><strong>My\u015blisz, \u017ce rock bez pr\u0105du traci sw\u00f3j pazur? Farben Lehre i \u0141ydka Grubasa udowadniaj\u0105, \u017ce jest zupe\u0142nie inaczej. Obie kapele ruszy\u0142y w trasy z koncertami akustycznymi, serwuj\u0105c fanom swoje najwi\u0119ksze hity w zupe\u0142nie nowych aran\u017cacjach. Dowiedz si\u0119 o tym wi\u0119cej!<\/strong><\/p>\n\n\n\n<h2 class=\"wp-block-heading\">Czym w\u0142a\u015bciwie jest koncert akustyczny?<\/h2>\n\n\n\n<p><strong>Koncert akustyczny to w zasadzie inny spos\u00f3b prezentacji ju\u017c znanych kawa\u0142k\u00f3w. <\/strong>W przypadku Farben Lehre i \u0141ydki Grubasa mamy do czynienia ze starannie zaplanowanymi muzycznym eventami. Nowe aran\u017cacje, dodatkowi muzycy i dba\u0142o\u015b\u0107 o detale \u2013 wszystko to sk\u0142ada si\u0119 na do\u015bwiadczenie artystyczne, kt\u00f3rego nie mo\u017cesz przegapi\u0107.<\/p>\n\n\n\n<p>Muzyka w akustycznej formie brzmi bardziej naturalnie. S\u0142ycha\u0107 ka\u017cdy detal i mu\u015bni\u0119cie struny. <strong>Wokale te\u017c cz\u0119sto zyskuj\u0105 nowy wymiar \u2013 staj\u0105 si\u0119 bardziej intymne i kameralne<\/strong>. To \u015bwietna okazja, \u017ceby odkry\u0107 swoje ulubione kawa\u0142ki na nowo.<\/p>\n\n\n\n<p><strong>Tego typu koncerty zazwyczaj odbywaj\u0105 si\u0119 w mniejszych salach. <\/strong>Dzi\u0119ki temu masz wra\u017cenie, jakby\u015b siedzia\u0142 w jednym pokoju z artystami. Muzycy s\u0105 na wyci\u0105gni\u0119cie r\u0119ki i cz\u0119sto wchodz\u0105 w interakcje z publik\u0105 mi\u0119dzy utworami. To zupe\u0142nie inna atmosfera ni\u017c na du\u017cym, rockowym koncercie.<\/p>\n\n\n\n<h2 class=\"wp-block-heading\">Dlaczego warto si\u0119 wybra\u0107 na takie wydarzenie?<\/h2>\n\n\n\n<p>Jest kilka powod\u00f3w, \u017ceby zaliczy\u0107 pobyt na takim koncercie. Przede wszystkim to szansa, \u017ceby zobaczy\u0107 swoj\u0105 ulubion\u0105 kapel\u0119 z zupe\u0142nie innej strony. Farben Lehre czy \u0141ydka Grubasa kojarz\u0105 si\u0119 z energetycznymi, g\u0142o\u015bnymi wyst\u0119pami. <strong>Teraz mo\u017cesz pos\u0142ucha\u0107 ich w bardziej stonowanej, ale wcale nie mniej emocjonalnej wersji.<\/strong><\/p>\n\n\n\n<p>To te\u017c okazja, \u017ceby pos\u0142ucha\u0107 ulubionych kawa\u0142k\u00f3w w innej formie. <strong>Cz\u0119sto okazuje si\u0119, \u017ce szybki, punkowy numer z Twojej ulubionej p\u0142yty nabiera zupe\u0142nie nowego znaczenia w wersji akustycznej.&nbsp;<\/strong>I nagle s\u0142yszysz tekst, na kt\u00f3ry wcze\u015bniej nie zwraca\u0142e\u015b uwagi.<\/p>\n\n\n\n<p>Wreszcie \u2013 to po prostu fajne do\u015bwiadczenie. Kameralna atmosfera, blisko\u015b\u0107 muzyk\u00f3w, naturalne brzmienie instrument\u00f3w: wszystko to tworzy niepowtarzalny klimat. Niewa\u017cne, czy jeste\u015b fanem od lat, czy dopiero poznajesz tw\u00f3rczo\u015b\u0107 Farben Lehre albo \u0141ydki Grubasa \u2013 na pewno wyjdziesz z koncertu z u\u015bmiechem na twarzy.<\/p>\n\n\n\n<h2 class=\"wp-block-heading\">Farben Lehre od\u0142\u0105cza kable od gitary<\/h2>\n\n\n\n<p>Farben Lehre to prawdziwe dinozaury polskiej sceny punkrockowej. <strong>Zesp\u00f3\u0142 pochodz\u0105cy z P\u0142ocka gra razem od 1986 roku<\/strong>, a to oznacza, \u017ce s\u0105 starsi ni\u017c niejeden ich fan. Po 14 albumach studyjnych i setkach koncert\u00f3w postanowili zrobi\u0107 co\u015b w zupe\u0142nie nowym stylu.<\/p>\n\n\n\n<p><strong>Wojtek Wojda i sp\u00f3\u0142ka w\u0142a\u015bnie ko\u0144cz\u0105 swoj\u0105 pierwsz\u0105 od siedmiu lat tras\u0119 akustyczn\u0105<\/strong>. Na scenie pojawia si\u0119 a\u017c siedem os\u00f3b: wokal, trzy gitary (w tym basowa), perkusja, perkusjonalia\/fujarki i dodatkowy wokal. Czasem na scenie pojawiaj\u0105 si\u0119 te\u017c go\u015bcie. Zamiast przesterowanych gitar us\u0142yszysz akustyki, ale spokojnie \u2013 <strong>energii im nie uby\u0142o! <\/strong>Koncerty trwaj\u0105 90-100 minut, wi\u0119c b\u0119dzie czego pos\u0142ucha\u0107.<\/p>\n\n\n\n<p>Zesp\u00f3\u0142 gra ponad 20 utwor\u00f3w w nowych, spokojniejszych aran\u017cacjach. Kto by pomy\u015bla\u0142, \u017ce po tylu latach \u201eAnio\u0142y i demony\u201d czy \u201eTerrorystan\u201d mog\u0105 jeszcze zaskoczy\u0107?<\/p>\n\n\n\n<p>Je\u015bli chcesz pos\u0142ucha\u0107 Farben Lehre w wersji unplugged, masz jeszcze szans\u0119. Oto nadchodz\u0105ce koncerty:<\/p>\n\n\n\n<ul class=\"wp-block-list\">\n<li>08.11 (pi\u0105tek) \u2013 OSTROWIEC \u015aW. \/ Browar Kultury;<\/li>\n\n\n\n<li>09.11 (sobota) \u2013 WARSZAWA \/ DOK Ursyn\u00f3w;<\/li>\n\n\n\n<li>10.11 (niedziela) \u2013 P\u0141OCK \/ POKiS;<\/li>\n\n\n\n<li>13.12 (pi\u0105tek) \u2013 LUBACZ\u00d3W \/ MDK;<\/li>\n\n\n\n<li>14.12 (sobota) \u2013 SIEDLCE \/ MOK.<\/li>\n<\/ul>\n\n\n\n<h2 class=\"wp-block-heading\">\u0141ydka Grubasa bez wzmacniaczy \u2013 zobacz ten spektakl<\/h2>\n\n\n\n<p>A co u m\u0142odszych koleg\u00f3w? \u0141ydka Grubasa te\u017c postanowi\u0142a zaszale\u0107 i rusza w akustyczn\u0105 tras\u0119.<strong> \u201eDusza Janusza\u201d \u2013 bo tak nazywa si\u0119 to wydarzenie \u2013 to pierwsza w historii zespo\u0142u pe\u0142na trasa akustyczna.<\/strong> Wystartowa\u0142a w pa\u017adzierniku 2024 roku i obejmuje 19 miast w ca\u0142ej Polsce.<\/p>\n\n\n\n<p>Kto zna \u0141ydk\u0119, ten wie, \u017ce to nie b\u0119d\u0105 sm\u0119tne ballady przy \u015bwiecach. <strong>Ch\u0142opaki daj\u0105 czadu nawet na akustykach!<\/strong> Bartosz \u201eHipis\u201d Krusznicki, gitarzysta i wokalista zespo\u0142u, zapewnia, \u017ce energia zosta\u0142a ta sama, zmieni\u0142y si\u0119 tylko instrumenty.<strong> Opr\u00f3cz gitar akustycznych us\u0142yszysz tam sekcj\u0119 d\u0119t\u0105 z\u0142o\u017con\u0105 z profesjonalnych muzyk\u00f3w jazzowych.<\/strong> To nadaje ich muzyce zupe\u0142nie nowy wymiar.<\/p>\n\n\n\n<p><strong>Zesp\u00f3\u0142 przygotowa\u0142 na t\u0119 tras\u0119 specjalny scenariusz, scenografi\u0119 i o\u015bwietlenie. <\/strong>Wszystko po to, by stworzy\u0107 sp\u00f3jn\u0105 i ciekaw\u0105 opraw\u0119 dla swoich utwor\u00f3w. Na koncertach na pewno nie zabraknie ich najwi\u0119kszych hit\u00f3w.<\/p>\n\n\n\n<p>Gdzie pojawi si\u0119 \u201eDusza Janusza\u201d? Oto lista najbli\u017cszych koncert\u00f3w:<\/p>\n\n\n\n<ul class=\"wp-block-list\">\n<li>25.10 (pi\u0105tek) \u2013 POZNA\u0143 \/ 2progi;<\/li>\n\n\n\n<li>26.10 (sobota) \u2013 BIA\u0141YSTOK \/ Klub Zmiana Klimatu;<\/li>\n\n\n\n<li>27.10 (niedziela) \u2013 W\u0141ODAWA \/ W\u0142odawski Dom Kultury;<\/li>\n\n\n\n<li>16.11 (sobota) \u2013 JAROS\u0141AW \/ Decybel Music Pub;<\/li>\n\n\n\n<li>17.11 (niedziela) \u2013 KIELCE \/ MASKA Incognito Club;<\/li>\n\n\n\n<li>23.11 (sobota) \u2013 LUBLIN \/ Fabryka Kultury Zgrzyt;<\/li>\n\n\n\n<li>24.11 (niedziela) \u2013 ZAMO\u015a\u0106 \/ Kazamata Wschodnia Bastionu I;<\/li>\n\n\n\n<li>29.11 (pi\u0105tek) \u2013 \u0141\u00d3D\u0179 \/ Scenografia;<\/li>\n\n\n\n<li>30.11 (sobota) \u2013 BIELSKO-BIA\u0141A \/ Rudeboy Club;<\/li>\n\n\n\n<li>01.12 (niedziela) \u2013 KRAK\u00d3W \/ Hype Park.<\/li>\n<\/ul>\n\n\n\n<p>Bilety s\u0105 ju\u017c w sprzeda\u017cy. Pospiesz si\u0119 \u2013 wkr\u00f3tce mo\u017ce ich zabrakn\u0105\u0107.<\/p>\n\n\n\n<p>Nie przegap koncertu w Twojej okolicy, bo z pewno\u015bci\u0105 b\u0119dziesz \u017ca\u0142owa\u0107. Do zobaczenia pod scen\u0105!<\/p>\n\n\n\n<p class=\"has-text-align-center\"><strong>Zobacz <a href=\"https:\/\/www.carton.pl\/zespol\/farben-lehre?srsltid=AfmBOoqD5Wgp8pfBoycjeeAJi4qd82qZtMlR8qxQqaliDJ3Q520ctZxy\">sklep FARBEN LEHRE!<\/a><\/strong><\/p>\n\n\n\n<figure class=\"wp-block-gallery has-nested-images columns-5 is-cropped wp-block-gallery-1 is-layout-flex wp-block-gallery-is-layout-flex\">\n<figure class=\"wp-block-image size-large\"><img loading=\"lazy\" decoding=\"async\" width=\"620\" height=\"929\" data-id=\"1674\" src=\"https:\/\/www.carton.pl\/blog\/wp-content\/uploads\/2024\/10\/image-13.png\" alt=\"image 13\" class=\"wp-image-1674\" srcset=\"https:\/\/www.carton.pl\/blog\/wp-content\/uploads\/2024\/10\/image-13.png 620w, https:\/\/www.carton.pl\/blog\/wp-content\/uploads\/2024\/10\/image-13-200x300.png 200w\" sizes=\"auto, (max-width: 620px) 100vw, 620px\" \/><\/figure>\n\n\n\n<figure class=\"wp-block-image size-large\"><img loading=\"lazy\" decoding=\"async\" width=\"360\" height=\"539\" data-id=\"1670\" src=\"https:\/\/www.carton.pl\/blog\/wp-content\/uploads\/2024\/10\/image-9.png\" alt=\"image 9\" class=\"wp-image-1670\" srcset=\"https:\/\/www.carton.pl\/blog\/wp-content\/uploads\/2024\/10\/image-9.png 360w, https:\/\/www.carton.pl\/blog\/wp-content\/uploads\/2024\/10\/image-9-200x300.png 200w\" sizes=\"auto, (max-width: 360px) 100vw, 360px\" \/><\/figure>\n\n\n\n<figure class=\"wp-block-image size-large\"><img loading=\"lazy\" decoding=\"async\" width=\"360\" height=\"539\" data-id=\"1671\" src=\"https:\/\/www.carton.pl\/blog\/wp-content\/uploads\/2024\/10\/image-10.png\" alt=\"image 10\" class=\"wp-image-1671\" srcset=\"https:\/\/www.carton.pl\/blog\/wp-content\/uploads\/2024\/10\/image-10.png 360w, https:\/\/www.carton.pl\/blog\/wp-content\/uploads\/2024\/10\/image-10-200x300.png 200w\" sizes=\"auto, (max-width: 360px) 100vw, 360px\" \/><\/figure>\n\n\n\n<figure class=\"wp-block-image size-large\"><img loading=\"lazy\" decoding=\"async\" width=\"360\" height=\"539\" data-id=\"1672\" src=\"https:\/\/www.carton.pl\/blog\/wp-content\/uploads\/2024\/10\/image-11.png\" alt=\"image 11\" class=\"wp-image-1672\" srcset=\"https:\/\/www.carton.pl\/blog\/wp-content\/uploads\/2024\/10\/image-11.png 360w, https:\/\/www.carton.pl\/blog\/wp-content\/uploads\/2024\/10\/image-11-200x300.png 200w\" sizes=\"auto, (max-width: 360px) 100vw, 360px\" \/><\/figure>\n\n\n\n<figure class=\"wp-block-image size-large\"><img loading=\"lazy\" decoding=\"async\" width=\"360\" height=\"539\" data-id=\"1673\" src=\"https:\/\/www.carton.pl\/blog\/wp-content\/uploads\/2024\/10\/image-12.png\" alt=\"image 12\" class=\"wp-image-1673\" srcset=\"https:\/\/www.carton.pl\/blog\/wp-content\/uploads\/2024\/10\/image-12.png 360w, https:\/\/www.carton.pl\/blog\/wp-content\/uploads\/2024\/10\/image-12-200x300.png 200w\" sizes=\"auto, (max-width: 360px) 100vw, 360px\" \/><\/figure>\n<\/figure>\n\n\n\n<p><\/p>\n\n\n\n<p><strong>Czytaj r\u00f3wnie\u017c:<\/strong><\/p>\n\n\n\n<p><a href=\"https:\/\/www.carton.pl\/blog\/kultowe-okladki-na-plyty-winylowe-jaka-historia-sie-za-nimi-kryje\/\">Kultowe ok\u0142adki na p\u0142yty winylowe \u2013 jaka historia si\u0119 za nimi kryje?<\/a><\/p>\n\n\n\n<p><a href=\"https:\/\/www.carton.pl\/blog\/zespol-coma-powraca-te-ich-albumy-nigdy-sie-nie-znudza\/\">Zesp\u00f3\u0142 Coma powraca! Te ich albumy nigdy si\u0119 nie znudz\u0105<\/a><\/p>\n\n\n\n<p><a href=\"https:\/\/www.carton.pl\/blog\/znasz-oprocz-blekitnego-nieba-oto-kilka-faktow-o-golden-life\/\">Znasz \u201eOpr\u00f3cz b\u0142\u0119kitnego nieba\u201d? Oto kilka fakt\u00f3w o Golden Life!<\/a><\/p>\n","protected":false},"excerpt":{"rendered":"<p>My\u015blisz, \u017ce rock bez pr\u0105du traci sw\u00f3j pazur? Farben Lehre i \u0141ydka Grubasa udowadniaj\u0105, \u017ce jest zupe\u0142nie inaczej. Obie kapele ruszy\u0142y w trasy z koncertami akustycznymi, serwuj\u0105c fanom swoje najwi\u0119ksze hity w zupe\u0142nie nowych aran\u017cacjach. Dowiedz si\u0119 o tym wi\u0119cej! Czym w\u0142a\u015bciwie jest koncert akustyczny? Koncert akustyczny to w zasadzie inny spos\u00f3b prezentacji ju\u017c znanych kawa\u0142k\u00f3w. W przypadku Farben Lehre i \u0141ydki Grubasa mamy do czynienia ze starannie zaplanowanymi muzycznym eventami. Nowe aran\u017cacje, dodatkowi muzycy i dba\u0142o\u015b\u0107 o detale \u2013 wszystko to sk\u0142ada si\u0119 na do\u015bwiadczenie artystyczne, kt\u00f3rego nie mo\u017cesz przegapi\u0107. Muzyka w akustycznej formie brzmi bardziej naturalnie. S\u0142ycha\u0107 ka\u017cdy detal i mu\u015bni\u0119cie struny. Wokale te\u017c cz\u0119sto zyskuj\u0105 nowy wymiar \u2013 staj\u0105 si\u0119 bardziej intymne i kameralne. To \u015bwietna okazja, \u017ceby odkry\u0107 swoje ulubione kawa\u0142ki na nowo. Tego typu koncerty zazwyczaj odbywaj\u0105 si\u0119 w mniejszych salach. Dzi\u0119ki temu masz wra\u017cenie, jakby\u015b siedzia\u0142 w jednym pokoju z artystami. Muzycy s\u0105 na wyci\u0105gni\u0119cie r\u0119ki i cz\u0119sto wchodz\u0105 w interakcje z publik\u0105 mi\u0119dzy utworami. To zupe\u0142nie inna atmosfera ni\u017c na du\u017cym, rockowym koncercie. Dlaczego warto si\u0119 wybra\u0107 na takie wydarzenie? Jest kilka powod\u00f3w, \u017ceby zaliczy\u0107 pobyt na takim koncercie. Przede wszystkim to szansa, \u017ceby zobaczy\u0107 swoj\u0105 ulubion\u0105 kapel\u0119 z zupe\u0142nie innej strony. Farben Lehre czy \u0141ydka Grubasa kojarz\u0105 si\u0119 z energetycznymi, g\u0142o\u015bnymi wyst\u0119pami. Teraz mo\u017cesz pos\u0142ucha\u0107 ich w bardziej stonowanej, ale wcale nie mniej emocjonalnej wersji. To te\u017c okazja, \u017ceby pos\u0142ucha\u0107 ulubionych kawa\u0142k\u00f3w w innej formie. Cz\u0119sto okazuje si\u0119, \u017ce szybki, punkowy numer z Twojej ulubionej p\u0142yty nabiera zupe\u0142nie nowego znaczenia w wersji akustycznej.&nbsp;I nagle s\u0142yszysz tekst, na kt\u00f3ry wcze\u015bniej nie zwraca\u0142e\u015b uwagi. Wreszcie \u2013 to po prostu fajne do\u015bwiadczenie. Kameralna atmosfera, blisko\u015b\u0107 muzyk\u00f3w, naturalne brzmienie instrument\u00f3w: wszystko to tworzy niepowtarzalny klimat. Niewa\u017cne, czy jeste\u015b fanem od lat, czy dopiero poznajesz tw\u00f3rczo\u015b\u0107 Farben Lehre albo \u0141ydki Grubasa \u2013 na pewno wyjdziesz z koncertu z u\u015bmiechem na twarzy. Farben Lehre od\u0142\u0105cza kable od gitary Farben Lehre to prawdziwe dinozaury polskiej sceny punkrockowej. Zesp\u00f3\u0142 pochodz\u0105cy z P\u0142ocka gra razem od 1986 roku, a to oznacza, \u017ce s\u0105 starsi ni\u017c niejeden ich fan. Po 14 albumach studyjnych i setkach koncert\u00f3w postanowili zrobi\u0107 co\u015b w zupe\u0142nie nowym stylu. Wojtek Wojda i sp\u00f3\u0142ka w\u0142a\u015bnie ko\u0144cz\u0105 swoj\u0105 pierwsz\u0105 od siedmiu lat tras\u0119 akustyczn\u0105. Na scenie pojawia si\u0119 a\u017c siedem os\u00f3b: wokal, trzy gitary (w tym basowa), perkusja, perkusjonalia\/fujarki i dodatkowy wokal. Czasem na scenie pojawiaj\u0105 si\u0119 te\u017c go\u015bcie. Zamiast przesterowanych gitar us\u0142yszysz akustyki, ale spokojnie \u2013 energii im nie uby\u0142o! Koncerty trwaj\u0105 90-100 minut, wi\u0119c b\u0119dzie czego pos\u0142ucha\u0107. Zesp\u00f3\u0142 gra ponad 20 utwor\u00f3w w nowych, spokojniejszych aran\u017cacjach. Kto by pomy\u015bla\u0142, \u017ce po tylu latach \u201eAnio\u0142y i demony\u201d czy \u201eTerrorystan\u201d mog\u0105 jeszcze zaskoczy\u0107? Je\u015bli chcesz pos\u0142ucha\u0107 Farben Lehre w wersji unplugged, masz jeszcze szans\u0119. Oto nadchodz\u0105ce koncerty: \u0141ydka Grubasa bez wzmacniaczy \u2013 zobacz ten spektakl A co u m\u0142odszych koleg\u00f3w? \u0141ydka Grubasa te\u017c postanowi\u0142a zaszale\u0107 i rusza w akustyczn\u0105 tras\u0119. \u201eDusza Janusza\u201d \u2013 bo tak nazywa si\u0119 to wydarzenie \u2013 to pierwsza w historii zespo\u0142u pe\u0142na trasa akustyczna. Wystartowa\u0142a w pa\u017adzierniku 2024 roku i obejmuje 19 miast w ca\u0142ej Polsce. Kto zna \u0141ydk\u0119, ten wie, \u017ce to nie b\u0119d\u0105 sm\u0119tne ballady przy \u015bwiecach. Ch\u0142opaki daj\u0105 czadu nawet na akustykach! Bartosz \u201eHipis\u201d Krusznicki, gitarzysta i wokalista zespo\u0142u, zapewnia, \u017ce energia zosta\u0142a ta sama, zmieni\u0142y si\u0119 tylko instrumenty. Opr\u00f3cz gitar akustycznych us\u0142yszysz tam sekcj\u0119 d\u0119t\u0105 z\u0142o\u017con\u0105 z profesjonalnych muzyk\u00f3w jazzowych. To nadaje ich muzyce zupe\u0142nie nowy wymiar. Zesp\u00f3\u0142 przygotowa\u0142 na t\u0119 tras\u0119 specjalny scenariusz, scenografi\u0119 i o\u015bwietlenie. Wszystko po to, by stworzy\u0107 sp\u00f3jn\u0105 i ciekaw\u0105 opraw\u0119 dla swoich utwor\u00f3w. Na koncertach na pewno nie zabraknie ich najwi\u0119kszych hit\u00f3w. Gdzie pojawi si\u0119 \u201eDusza Janusza\u201d? Oto lista najbli\u017cszych koncert\u00f3w: Bilety s\u0105 ju\u017c w sprzeda\u017cy. Pospiesz si\u0119 \u2013 wkr\u00f3tce mo\u017ce ich zabrakn\u0105\u0107. Nie przegap koncertu w Twojej okolicy, bo z pewno\u015bci\u0105 b\u0119dziesz \u017ca\u0142owa\u0107. Do zobaczenia pod scen\u0105! Zobacz sklep FARBEN LEHRE! Czytaj r\u00f3wnie\u017c: Kultowe ok\u0142adki na p\u0142yty winylowe \u2013 jaka historia si\u0119 za nimi kryje? Zesp\u00f3\u0142 Coma powraca! Te ich albumy nigdy si\u0119 nie znudz\u0105 Znasz \u201eOpr\u00f3cz b\u0142\u0119kitnego nieba\u201d? Oto kilka fakt\u00f3w o Golden Life!<\/p>\n","protected":false},"author":2,"featured_media":1675,"comment_status":"closed","ping_status":"open","sticky":false,"template":"","format":"standard","meta":{"footnotes":""},"categories":[2],"tags":[],"class_list":["post-1668","post","type-post","status-publish","format-standard","has-post-thumbnail","hentry","category-zespoly"],"yoast_head":"<!-- This site is optimized with the Yoast SEO plugin v26.9 - https:\/\/yoast.com\/product\/yoast-seo-wordpress\/ -->\n<title>Bez pr\u0105du, ale z moc\u0105 \u2013 Farben Lehre i \u0141ydka Grubasa na koncertach akustycznych<\/title>\n<meta name=\"description\" content=\"Zespo\u0142y farben Lehre i \u0141ydka Grubasa ruszaj\u0105 z koncertami akustycznymi. Czym one s\u0105? Zobacz wi\u0119cej i kup bilety!\" \/>\n<meta name=\"robots\" content=\"index, follow, max-snippet:-1, max-image-preview:large, max-video-preview:-1\" \/>\n<link rel=\"canonical\" href=\"https:\/\/www.carton.pl\/blog\/bez-pradu-ale-z-moca-farben-lehre-i-lydka-grubasa-na-koncertach-akustycznych\/\" \/>\n<meta property=\"og:locale\" content=\"pl_PL\" \/>\n<meta property=\"og:type\" content=\"article\" \/>\n<meta property=\"og:title\" content=\"Bez pr\u0105du, ale z moc\u0105 \u2013 Farben Lehre i \u0141ydka Grubasa na koncertach akustycznych\" \/>\n<meta property=\"og:description\" content=\"Zespo\u0142y farben Lehre i \u0141ydka Grubasa ruszaj\u0105 z koncertami akustycznymi. Czym one s\u0105? Zobacz wi\u0119cej i kup bilety!\" \/>\n<meta property=\"og:url\" content=\"https:\/\/www.carton.pl\/blog\/bez-pradu-ale-z-moca-farben-lehre-i-lydka-grubasa-na-koncertach-akustycznych\/\" \/>\n<meta property=\"og:site_name\" content=\"BLOG carton.pl\" \/>\n<meta property=\"article:published_time\" content=\"2024-10-14T23:21:06+00:00\" \/>\n<meta property=\"article:modified_time\" content=\"2024-10-21T23:33:18+00:00\" \/>\n<meta property=\"og:image\" content=\"https:\/\/www.carton.pl\/blog\/wp-content\/uploads\/2024\/10\/AKUSTYCZNIE-1.jpg\" \/>\n\t<meta property=\"og:image:width\" content=\"900\" \/>\n\t<meta property=\"og:image:height\" content=\"600\" \/>\n\t<meta property=\"og:image:type\" content=\"image\/jpeg\" \/>\n<meta name=\"author\" content=\"Tomek\" \/>\n<meta name=\"twitter:card\" content=\"summary_large_image\" \/>\n<meta name=\"twitter:label1\" content=\"Napisane przez\" \/>\n\t<meta name=\"twitter:data1\" content=\"Tomek\" \/>\n\t<meta name=\"twitter:label2\" content=\"Szacowany czas czytania\" \/>\n\t<meta name=\"twitter:data2\" content=\"6 minut\" \/>\n<script type=\"application\/ld+json\" class=\"yoast-schema-graph\">{\"@context\":\"https:\/\/schema.org\",\"@graph\":[{\"@type\":\"Article\",\"@id\":\"https:\/\/www.carton.pl\/blog\/bez-pradu-ale-z-moca-farben-lehre-i-lydka-grubasa-na-koncertach-akustycznych\/#article\",\"isPartOf\":{\"@id\":\"https:\/\/www.carton.pl\/blog\/bez-pradu-ale-z-moca-farben-lehre-i-lydka-grubasa-na-koncertach-akustycznych\/\"},\"author\":{\"name\":\"Tomek\",\"@id\":\"https:\/\/www.carton.pl\/blog\/#\/schema\/person\/de344cca6ded145c31c54b7017bb2d1d\"},\"headline\":\"Bez pr\u0105du, ale z moc\u0105 \u2013 Farben Lehre i \u0141ydka Grubasa na koncertach akustycznych\",\"datePublished\":\"2024-10-14T23:21:06+00:00\",\"dateModified\":\"2024-10-21T23:33:18+00:00\",\"mainEntityOfPage\":{\"@id\":\"https:\/\/www.carton.pl\/blog\/bez-pradu-ale-z-moca-farben-lehre-i-lydka-grubasa-na-koncertach-akustycznych\/\"},\"wordCount\":860,\"publisher\":{\"@id\":\"https:\/\/www.carton.pl\/blog\/#organization\"},\"image\":{\"@id\":\"https:\/\/www.carton.pl\/blog\/bez-pradu-ale-z-moca-farben-lehre-i-lydka-grubasa-na-koncertach-akustycznych\/#primaryimage\"},\"thumbnailUrl\":\"https:\/\/www.carton.pl\/blog\/wp-content\/uploads\/2024\/10\/AKUSTYCZNIE-1.jpg\",\"articleSection\":[\"Zespo\u0142y\"],\"inLanguage\":\"pl-PL\"},{\"@type\":\"WebPage\",\"@id\":\"https:\/\/www.carton.pl\/blog\/bez-pradu-ale-z-moca-farben-lehre-i-lydka-grubasa-na-koncertach-akustycznych\/\",\"url\":\"https:\/\/www.carton.pl\/blog\/bez-pradu-ale-z-moca-farben-lehre-i-lydka-grubasa-na-koncertach-akustycznych\/\",\"name\":\"Bez pr\u0105du, ale z moc\u0105 \u2013 Farben Lehre i \u0141ydka Grubasa na koncertach akustycznych\",\"isPartOf\":{\"@id\":\"https:\/\/www.carton.pl\/blog\/#website\"},\"primaryImageOfPage\":{\"@id\":\"https:\/\/www.carton.pl\/blog\/bez-pradu-ale-z-moca-farben-lehre-i-lydka-grubasa-na-koncertach-akustycznych\/#primaryimage\"},\"image\":{\"@id\":\"https:\/\/www.carton.pl\/blog\/bez-pradu-ale-z-moca-farben-lehre-i-lydka-grubasa-na-koncertach-akustycznych\/#primaryimage\"},\"thumbnailUrl\":\"https:\/\/www.carton.pl\/blog\/wp-content\/uploads\/2024\/10\/AKUSTYCZNIE-1.jpg\",\"datePublished\":\"2024-10-14T23:21:06+00:00\",\"dateModified\":\"2024-10-21T23:33:18+00:00\",\"description\":\"Zespo\u0142y farben Lehre i \u0141ydka Grubasa ruszaj\u0105 z koncertami akustycznymi. Czym one s\u0105? Zobacz wi\u0119cej i kup bilety!\",\"breadcrumb\":{\"@id\":\"https:\/\/www.carton.pl\/blog\/bez-pradu-ale-z-moca-farben-lehre-i-lydka-grubasa-na-koncertach-akustycznych\/#breadcrumb\"},\"inLanguage\":\"pl-PL\",\"potentialAction\":[{\"@type\":\"ReadAction\",\"target\":[\"https:\/\/www.carton.pl\/blog\/bez-pradu-ale-z-moca-farben-lehre-i-lydka-grubasa-na-koncertach-akustycznych\/\"]}]},{\"@type\":\"ImageObject\",\"inLanguage\":\"pl-PL\",\"@id\":\"https:\/\/www.carton.pl\/blog\/bez-pradu-ale-z-moca-farben-lehre-i-lydka-grubasa-na-koncertach-akustycznych\/#primaryimage\",\"url\":\"https:\/\/www.carton.pl\/blog\/wp-content\/uploads\/2024\/10\/AKUSTYCZNIE-1.jpg\",\"contentUrl\":\"https:\/\/www.carton.pl\/blog\/wp-content\/uploads\/2024\/10\/AKUSTYCZNIE-1.jpg\",\"width\":900,\"height\":600,\"caption\":\"AKUSTYCZNIE 1\"},{\"@type\":\"BreadcrumbList\",\"@id\":\"https:\/\/www.carton.pl\/blog\/bez-pradu-ale-z-moca-farben-lehre-i-lydka-grubasa-na-koncertach-akustycznych\/#breadcrumb\",\"itemListElement\":[{\"@type\":\"ListItem\",\"position\":1,\"name\":\"Strona g\u0142\u00f3wna\",\"item\":\"https:\/\/www.carton.pl\/blog\/\"},{\"@type\":\"ListItem\",\"position\":2,\"name\":\"Bez pr\u0105du, ale z moc\u0105 \u2013 Farben Lehre i \u0141ydka Grubasa na koncertach akustycznych\"}]},{\"@type\":\"WebSite\",\"@id\":\"https:\/\/www.carton.pl\/blog\/#website\",\"url\":\"https:\/\/www.carton.pl\/blog\/\",\"name\":\"BLOG carton.pl\",\"description\":\"Zespo\u0142y, ciuchy, muzyka - o tym piszemy\",\"publisher\":{\"@id\":\"https:\/\/www.carton.pl\/blog\/#organization\"},\"potentialAction\":[{\"@type\":\"SearchAction\",\"target\":{\"@type\":\"EntryPoint\",\"urlTemplate\":\"https:\/\/www.carton.pl\/blog\/?s={search_term_string}\"},\"query-input\":{\"@type\":\"PropertyValueSpecification\",\"valueRequired\":true,\"valueName\":\"search_term_string\"}}],\"inLanguage\":\"pl-PL\"},{\"@type\":\"Organization\",\"@id\":\"https:\/\/www.carton.pl\/blog\/#organization\",\"name\":\"CARTON Tomasz Kowalski\",\"url\":\"https:\/\/www.carton.pl\/blog\/\",\"logo\":{\"@type\":\"ImageObject\",\"inLanguage\":\"pl-PL\",\"@id\":\"https:\/\/www.carton.pl\/blog\/#\/schema\/logo\/image\/\",\"url\":\"https:\/\/carton.pl\/blog\/wp-content\/uploads\/2021\/12\/carton_merch_logo.png\",\"contentUrl\":\"https:\/\/carton.pl\/blog\/wp-content\/uploads\/2021\/12\/carton_merch_logo.png\",\"width\":205,\"height\":56,\"caption\":\"CARTON Tomasz Kowalski\"},\"image\":{\"@id\":\"https:\/\/www.carton.pl\/blog\/#\/schema\/logo\/image\/\"}},{\"@type\":\"Person\",\"@id\":\"https:\/\/www.carton.pl\/blog\/#\/schema\/person\/de344cca6ded145c31c54b7017bb2d1d\",\"name\":\"Tomek\",\"image\":{\"@type\":\"ImageObject\",\"inLanguage\":\"pl-PL\",\"@id\":\"https:\/\/www.carton.pl\/blog\/#\/schema\/person\/image\/\",\"url\":\"https:\/\/secure.gravatar.com\/avatar\/c2a11a2e6f85d610387f5fc3605cf6b2b1af61f0ffb9fa4669a13a3e4c0e1281?s=96&d=mm&r=g\",\"contentUrl\":\"https:\/\/secure.gravatar.com\/avatar\/c2a11a2e6f85d610387f5fc3605cf6b2b1af61f0ffb9fa4669a13a3e4c0e1281?s=96&d=mm&r=g\",\"caption\":\"Tomek\"},\"url\":\"https:\/\/www.carton.pl\/blog\/author\/carton\/\"}]}<\/script>\n<!-- \/ Yoast SEO plugin. -->","yoast_head_json":{"title":"Bez pr\u0105du, ale z moc\u0105 \u2013 Farben Lehre i \u0141ydka Grubasa na koncertach akustycznych","description":"Zespo\u0142y farben Lehre i \u0141ydka Grubasa ruszaj\u0105 z koncertami akustycznymi. Czym one s\u0105? Zobacz wi\u0119cej i kup bilety!","robots":{"index":"index","follow":"follow","max-snippet":"max-snippet:-1","max-image-preview":"max-image-preview:large","max-video-preview":"max-video-preview:-1"},"canonical":"https:\/\/www.carton.pl\/blog\/bez-pradu-ale-z-moca-farben-lehre-i-lydka-grubasa-na-koncertach-akustycznych\/","og_locale":"pl_PL","og_type":"article","og_title":"Bez pr\u0105du, ale z moc\u0105 \u2013 Farben Lehre i \u0141ydka Grubasa na koncertach akustycznych","og_description":"Zespo\u0142y farben Lehre i \u0141ydka Grubasa ruszaj\u0105 z koncertami akustycznymi. Czym one s\u0105? Zobacz wi\u0119cej i kup bilety!","og_url":"https:\/\/www.carton.pl\/blog\/bez-pradu-ale-z-moca-farben-lehre-i-lydka-grubasa-na-koncertach-akustycznych\/","og_site_name":"BLOG carton.pl","article_published_time":"2024-10-14T23:21:06+00:00","article_modified_time":"2024-10-21T23:33:18+00:00","og_image":[{"width":900,"height":600,"url":"https:\/\/www.carton.pl\/blog\/wp-content\/uploads\/2024\/10\/AKUSTYCZNIE-1.jpg","type":"image\/jpeg"}],"author":"Tomek","twitter_card":"summary_large_image","twitter_misc":{"Napisane przez":"Tomek","Szacowany czas czytania":"6 minut"},"schema":{"@context":"https:\/\/schema.org","@graph":[{"@type":"Article","@id":"https:\/\/www.carton.pl\/blog\/bez-pradu-ale-z-moca-farben-lehre-i-lydka-grubasa-na-koncertach-akustycznych\/#article","isPartOf":{"@id":"https:\/\/www.carton.pl\/blog\/bez-pradu-ale-z-moca-farben-lehre-i-lydka-grubasa-na-koncertach-akustycznych\/"},"author":{"name":"Tomek","@id":"https:\/\/www.carton.pl\/blog\/#\/schema\/person\/de344cca6ded145c31c54b7017bb2d1d"},"headline":"Bez pr\u0105du, ale z moc\u0105 \u2013 Farben Lehre i \u0141ydka Grubasa na koncertach akustycznych","datePublished":"2024-10-14T23:21:06+00:00","dateModified":"2024-10-21T23:33:18+00:00","mainEntityOfPage":{"@id":"https:\/\/www.carton.pl\/blog\/bez-pradu-ale-z-moca-farben-lehre-i-lydka-grubasa-na-koncertach-akustycznych\/"},"wordCount":860,"publisher":{"@id":"https:\/\/www.carton.pl\/blog\/#organization"},"image":{"@id":"https:\/\/www.carton.pl\/blog\/bez-pradu-ale-z-moca-farben-lehre-i-lydka-grubasa-na-koncertach-akustycznych\/#primaryimage"},"thumbnailUrl":"https:\/\/www.carton.pl\/blog\/wp-content\/uploads\/2024\/10\/AKUSTYCZNIE-1.jpg","articleSection":["Zespo\u0142y"],"inLanguage":"pl-PL"},{"@type":"WebPage","@id":"https:\/\/www.carton.pl\/blog\/bez-pradu-ale-z-moca-farben-lehre-i-lydka-grubasa-na-koncertach-akustycznych\/","url":"https:\/\/www.carton.pl\/blog\/bez-pradu-ale-z-moca-farben-lehre-i-lydka-grubasa-na-koncertach-akustycznych\/","name":"Bez pr\u0105du, ale z moc\u0105 \u2013 Farben Lehre i \u0141ydka Grubasa na koncertach akustycznych","isPartOf":{"@id":"https:\/\/www.carton.pl\/blog\/#website"},"primaryImageOfPage":{"@id":"https:\/\/www.carton.pl\/blog\/bez-pradu-ale-z-moca-farben-lehre-i-lydka-grubasa-na-koncertach-akustycznych\/#primaryimage"},"image":{"@id":"https:\/\/www.carton.pl\/blog\/bez-pradu-ale-z-moca-farben-lehre-i-lydka-grubasa-na-koncertach-akustycznych\/#primaryimage"},"thumbnailUrl":"https:\/\/www.carton.pl\/blog\/wp-content\/uploads\/2024\/10\/AKUSTYCZNIE-1.jpg","datePublished":"2024-10-14T23:21:06+00:00","dateModified":"2024-10-21T23:33:18+00:00","description":"Zespo\u0142y farben Lehre i \u0141ydka Grubasa ruszaj\u0105 z koncertami akustycznymi. Czym one s\u0105? Zobacz wi\u0119cej i kup bilety!","breadcrumb":{"@id":"https:\/\/www.carton.pl\/blog\/bez-pradu-ale-z-moca-farben-lehre-i-lydka-grubasa-na-koncertach-akustycznych\/#breadcrumb"},"inLanguage":"pl-PL","potentialAction":[{"@type":"ReadAction","target":["https:\/\/www.carton.pl\/blog\/bez-pradu-ale-z-moca-farben-lehre-i-lydka-grubasa-na-koncertach-akustycznych\/"]}]},{"@type":"ImageObject","inLanguage":"pl-PL","@id":"https:\/\/www.carton.pl\/blog\/bez-pradu-ale-z-moca-farben-lehre-i-lydka-grubasa-na-koncertach-akustycznych\/#primaryimage","url":"https:\/\/www.carton.pl\/blog\/wp-content\/uploads\/2024\/10\/AKUSTYCZNIE-1.jpg","contentUrl":"https:\/\/www.carton.pl\/blog\/wp-content\/uploads\/2024\/10\/AKUSTYCZNIE-1.jpg","width":900,"height":600,"caption":"AKUSTYCZNIE 1"},{"@type":"BreadcrumbList","@id":"https:\/\/www.carton.pl\/blog\/bez-pradu-ale-z-moca-farben-lehre-i-lydka-grubasa-na-koncertach-akustycznych\/#breadcrumb","itemListElement":[{"@type":"ListItem","position":1,"name":"Strona g\u0142\u00f3wna","item":"https:\/\/www.carton.pl\/blog\/"},{"@type":"ListItem","position":2,"name":"Bez pr\u0105du, ale z moc\u0105 \u2013 Farben Lehre i \u0141ydka Grubasa na koncertach akustycznych"}]},{"@type":"WebSite","@id":"https:\/\/www.carton.pl\/blog\/#website","url":"https:\/\/www.carton.pl\/blog\/","name":"BLOG carton.pl","description":"Zespo\u0142y, ciuchy, muzyka - o tym piszemy","publisher":{"@id":"https:\/\/www.carton.pl\/blog\/#organization"},"potentialAction":[{"@type":"SearchAction","target":{"@type":"EntryPoint","urlTemplate":"https:\/\/www.carton.pl\/blog\/?s={search_term_string}"},"query-input":{"@type":"PropertyValueSpecification","valueRequired":true,"valueName":"search_term_string"}}],"inLanguage":"pl-PL"},{"@type":"Organization","@id":"https:\/\/www.carton.pl\/blog\/#organization","name":"CARTON Tomasz Kowalski","url":"https:\/\/www.carton.pl\/blog\/","logo":{"@type":"ImageObject","inLanguage":"pl-PL","@id":"https:\/\/www.carton.pl\/blog\/#\/schema\/logo\/image\/","url":"https:\/\/carton.pl\/blog\/wp-content\/uploads\/2021\/12\/carton_merch_logo.png","contentUrl":"https:\/\/carton.pl\/blog\/wp-content\/uploads\/2021\/12\/carton_merch_logo.png","width":205,"height":56,"caption":"CARTON Tomasz Kowalski"},"image":{"@id":"https:\/\/www.carton.pl\/blog\/#\/schema\/logo\/image\/"}},{"@type":"Person","@id":"https:\/\/www.carton.pl\/blog\/#\/schema\/person\/de344cca6ded145c31c54b7017bb2d1d","name":"Tomek","image":{"@type":"ImageObject","inLanguage":"pl-PL","@id":"https:\/\/www.carton.pl\/blog\/#\/schema\/person\/image\/","url":"https:\/\/secure.gravatar.com\/avatar\/c2a11a2e6f85d610387f5fc3605cf6b2b1af61f0ffb9fa4669a13a3e4c0e1281?s=96&d=mm&r=g","contentUrl":"https:\/\/secure.gravatar.com\/avatar\/c2a11a2e6f85d610387f5fc3605cf6b2b1af61f0ffb9fa4669a13a3e4c0e1281?s=96&d=mm&r=g","caption":"Tomek"},"url":"https:\/\/www.carton.pl\/blog\/author\/carton\/"}]}},"_links":{"self":[{"href":"https:\/\/www.carton.pl\/blog\/wp-json\/wp\/v2\/posts\/1668","targetHints":{"allow":["GET"]}}],"collection":[{"href":"https:\/\/www.carton.pl\/blog\/wp-json\/wp\/v2\/posts"}],"about":[{"href":"https:\/\/www.carton.pl\/blog\/wp-json\/wp\/v2\/types\/post"}],"author":[{"embeddable":true,"href":"https:\/\/www.carton.pl\/blog\/wp-json\/wp\/v2\/users\/2"}],"replies":[{"embeddable":true,"href":"https:\/\/www.carton.pl\/blog\/wp-json\/wp\/v2\/comments?post=1668"}],"version-history":[{"count":7,"href":"https:\/\/www.carton.pl\/blog\/wp-json\/wp\/v2\/posts\/1668\/revisions"}],"predecessor-version":[{"id":1686,"href":"https:\/\/www.carton.pl\/blog\/wp-json\/wp\/v2\/posts\/1668\/revisions\/1686"}],"wp:featuredmedia":[{"embeddable":true,"href":"https:\/\/www.carton.pl\/blog\/wp-json\/wp\/v2\/media\/1675"}],"wp:attachment":[{"href":"https:\/\/www.carton.pl\/blog\/wp-json\/wp\/v2\/media?parent=1668"}],"wp:term":[{"taxonomy":"category","embeddable":true,"href":"https:\/\/www.carton.pl\/blog\/wp-json\/wp\/v2\/categories?post=1668"},{"taxonomy":"post_tag","embeddable":true,"href":"https:\/\/www.carton.pl\/blog\/wp-json\/wp\/v2\/tags?post=1668"}],"curies":[{"name":"wp","href":"https:\/\/api.w.org\/{rel}","templated":true}]}}