{"id":1884,"date":"2025-05-15T12:27:27","date_gmt":"2025-05-15T10:27:27","guid":{"rendered":"https:\/\/www.carton.pl\/blog\/?p=1884"},"modified":"2025-06-17T18:46:16","modified_gmt":"2025-06-17T16:46:16","slug":"polandrock-festival-2025-co-wiemy-o-nadchodzacej-edycji-festiwalu-poznaj-line-up","status":"publish","type":"post","link":"https:\/\/www.carton.pl\/blog\/polandrock-festival-2025-co-wiemy-o-nadchodzacej-edycji-festiwalu-poznaj-line-up\/","title":{"rendered":"Pol&#8217;and&#8217;Rock Festival 2025 \u2013 co wiemy o nadchodz\u0105cej edycji festiwalu? Poznaj line-up!"},"content":{"rendered":"\n<p><strong>Od 1 do 3 sierpinia w zachodniopomorskim b\u0119dzie t\u0119tni\u0107 \u017cyciem \u2013 przyjedzie tam kilkaset tysi\u0119cy fan\u00f3w muzyki na Pol&#8217;and&#8217;Rock Festival \u2013 najwi\u0119kszy darmowy tego typu event w Polsce. Ale czemu w\u0142a\u015bciwie ludzie zostawiaj\u0105 wygodne \u0142\u00f3\u017cka, by spa\u0107 w namiocie? Dlaczego warto jecha\u0107 na wydarzenie, kt\u00f3re trwa ju\u017c prawie trzy dekady? I jak w og\u00f3le mo\u017cna zorganizowa\u0107 co\u015b takiego bez sprzeda\u017cy bilet\u00f3w? Dowiedz si\u0119 wi\u0119cej o jednym z najwi\u0119kszych festiwali muzycznych w Polsce!<\/strong><\/p>\n\n\n\n<h2 class=\"wp-block-heading\" id=\"jak-jerzy-owsiak-zmieni-polsk-scen-festiwalow\">Przystanek Woodstock, czyli jak Jerzy Owsiak zmieni\u0142 polsk\u0105 scen\u0119 festiwalow\u0105<\/h2>\n\n\n\n<p>Wszystko zacz\u0119\u0142o si\u0119 w 1995 roku, gdy Jurek Owsiak wr\u00f3ci\u0142 z podr\u00f3\u017cy do Stan\u00f3w. Zobaczy\u0142 tam Woodstock Festival i pomy\u015bla\u0142 co\u015b w stylu: \u201eKurde, my te\u017c tak mo\u017cemy\u201d. Ale przede wszystkim chcia\u0142 podzi\u0119kowa\u0107 wolontariuszom Wielkiej Orkiestry \u015awi\u0105tecznej Pomocy, wi\u0119c zorganizowa\u0142 dla nich koncert.<\/p>\n\n\n\n<p>Jako miejsce wybrano Czymanowo nad jeziorem \u017barnowieckim \u2013 na dw\u00f3ch scenach zagrali m.in. <strong>Myslovitz, IRA, Urszula, Carrantouhill, Skankan i \u017buki<\/strong>. Cho\u0107 line-up brzmi skromnie w por\u00f3wnaniu do tego, na jak\u0105 skal\u0119 ten event dzia\u0142a dzi\u015b, ju\u017c wtedy przyjecha\u0142o kilkana\u015bcie tysi\u0119cy os\u00f3b.<\/p>\n\n\n\n<p>I co? Szybko okaza\u0142o si\u0119, \u017ce festiwal ro\u015bnie jak na dro\u017cd\u017cach. <strong>W Czymanowie zrobi\u0142o si\u0119 za ciasno, wi\u0119c w 1996 roku festiwal odby\u0142 si\u0119 w Szczecinie-D\u0105bie, a w 1997 roku trafi\u0142 do \u017bar. <\/strong>Tam dopiero si\u0119 dzia\u0142o! Przez kolejne siedem lat na Woodstock&nbsp;<strong> przyje\u017cd\u017ca\u0142o ju\u017c nie kilkana\u015bcie, a sto tysi\u0119cy os\u00f3b.&nbsp;<\/strong>I co wa\u017cniejsze, na scenie zacz\u0119\u0142y pojawia\u0107 si\u0119 tak\u017ce zagraniczne kapele.<\/p>\n\n\n\n<p>Infrastruktura te\u017c robi\u0142a post\u0119py, ale wi\u0119kszo\u015b\u0107 ludzi dalej nocowa\u0142a pod namiotami na wielkim polu \u2013 w ko\u0144cu to tam jest najlepszy klimat.<\/p>\n\n\n\n<p>Potem przyszed\u0142 czas na Kostrzyn nad Odr\u0105. <strong>To by\u0142o 16 z\u0142otych lat \u2013 od 2004 do 2019. <\/strong>Na scenie stan\u0119\u0142y legendy takie jak <strong>The Prodigy, Korpiklaani czy Sabaton.&nbsp;<\/strong>Wtedy festiwal sta\u0142 si\u0119 mark\u0105 rozpoznawaln\u0105 w ca\u0142ej Europie. Setki tysi\u0119cy fan\u00f3w przyje\u017cd\u017ca\u0142y ka\u017cdego lata, \u017ceby przez kilka dni oddycha\u0107 muzyk\u0105, przyja\u017ani\u0105 i mi\u0142o\u015bci\u0105.<\/p>\n\n\n\n<p>Jednak w 2020 roku wszystko stan\u0119\u0142o na g\u0142owie. Pandemia zmusi\u0142a organizator\u00f3w do przeniesienia koncert\u00f3w do sieci. Ze studia w Szeligach transmitowano wyst\u0119py na \u017cywo, ale nie by\u0142o tego, co w festiwalu najwa\u017cniejsze \u2013 tego szalonego t\u0142umu i energii p\u0142yn\u0105cej z publiczno\u015bci. Gdy \u015bwiat zacz\u0105\u0142 wraca\u0107 do normalno\u015bci, <strong>event najpierw odby\u0142 si\u0119 na lotnisku Makowice-P\u0142oty w 2021 roku, a potem przeni\u00f3s\u0142 si\u0119 do Czaplinka-Broczyno, gdzie jest do dzi\u015b.<\/strong><\/p>\n\n\n\n<h2 class=\"wp-block-heading\" id=\"dlaczego-festiwal-nazywa-si-polandrock\">Dlaczego festiwal nazywa si\u0119 Pol&#8217;and&#8217;Rock?<\/h2>\n\n\n\n<p>Przez ponad 20 lat wszystko dzia\u0142o si\u0119 pod szyldem <strong>\u201ePrzystanek Woodstock\u201d<\/strong> \u2013 nazwa nawi\u0105zywa\u0142a do s\u0142ynnego ameryka\u0144skiego festiwalu. Ale w 2018 roku przyszed\u0142 czas na zmiany. Jerzy Owsiak t\u0142umaczy\u0142, \u017ce to problemy prawne zmusi\u0142y ich do rebrandingu, ale z drugiej strony trudno zaprzeczy\u0107, \u017ce nowa nazwa lepiej oddaje polski charakter ca\u0142ego przedsi\u0119wzi\u0119cia.<\/p>\n\n\n\n<p><strong>Jedno pozosta\u0142o niezmienne \u2013 has\u0142o \u201eMi\u0142o\u015b\u0107, Przyja\u017a\u0144, Muzyka\u201d.<\/strong> Organizatorzy wci\u0105\u017c chc\u0105 budowa\u0107 miejsce, gdzie ludzie mog\u0105 si\u0119 spotka\u0107, pogada\u0107 i razem szale\u0107 przy ulubionych kawa\u0142kach. Festiwal nadal dzia\u0142a jak wielkie podzi\u0119kowanie dla wolontariuszy WO\u015aP, ale przyjecha\u0107 mo\u017ce ka\u017cdy.<\/p>\n\n\n\n<h2 class=\"wp-block-heading\" id=\"jak-wyglda-polandrock-festival-w-2025-roku\">Jak wygl\u0105da Pol&#8217;and&#8217;Rock Festival w 2025 roku?<\/h2>\n\n\n\n<p>W tym roku impreza odb\u0119dzie si\u0119 mi\u0119dzy <strong>31 lipca a 2 sierpnia na lotnisku Czaplinek-Broczyno. <\/strong>A co najlepsze, dalej nic nie kosztuje. Wystarczy przyjecha\u0107 i mo\u017cna uczestniczy\u0107 we wszystkich koncertach.<\/p>\n\n\n\n<p><strong>Scen jest kilka, ale najwa\u017cniejsze to Du\u017ca i Ma\u0142a. <\/strong>Na pierwszej graj\u0105 g\u0142\u00f3wnie gwiazdy, za to na drugiej mo\u017cna odkry\u0107 nowe zespo\u0142y. Muzyka? Od ci\u0119\u017ckiego metalu, przez alternatyw\u0119, reggae, a\u017c po folk \u2013 ka\u017cdy znajdzie tu co\u015b dla siebie. A gdy zrobisz sobie przerw\u0119 od koncert\u00f3w, mo\u017cesz skoczy\u0107 do Akademii Sztuk Przepi\u0119knych, czyli specjalnej strefy z warsztatami i wyk\u0142adami.&nbsp;<\/p>\n\n\n\n<p>Co z podstawowymi potrzebami? Organizatorzy pomy\u015bleli o wszystkim:<\/p>\n\n\n\n<ul class=\"wp-block-list\">\n<li>strategicznie rozmieszczone toalety, prysznice i punkty z wod\u0105 pitn\u0105;<\/li>\n\n\n\n<li>wiele punkt\u00f3w gastronomicznych, gdzie mo\u017cna dobrze zje\u015b\u0107;<\/li>\n\n\n\n<li>darmowe pole namiotowe dla wszystkich uczestnik\u00f3w;<\/li>\n\n\n\n<li>p\u0142atne strefy Rock Camp i Family Camp z lepszym zapleczem sanitarnym.<\/li>\n<\/ul>\n\n\n\n<p>Po terenie kr\u0105\u017c\u0105 wolontariusze Pokojowego Patrolu w czerwonych koszulkach. Ich zadaniem jest pomaganie, doradzanie i pilnowanie porz\u0105dku. Oczywi\u015bcie na terenie festiwalu dzia\u0142aj\u0105 te\u017c punkty medyczne i informacyjne.<\/p>\n\n\n\n<h2 class=\"wp-block-heading\" id=\"kto-zagra-na-polandrock-festival-2025\">Kto zagra na Pol&#8217;and&#8217;Rock Festival 2025? Line-up i koncerty<\/h2>\n\n\n\n<p>Owsiak jak zwykle buduje napi\u0119cie. Pe\u0142n\u0105 list\u0119 wykonawc\u00f3w poznali\u015bmy dopiero 9 czerwca podczas audycji \u201eZaraz b\u0119dzie ciemno\u201d w Antyradiu o 19:00. To ju\u017c tradycja \u2013 fani musz\u0105 poczeka\u0107 do ostatniej chwili.<\/p>\n\n\n\n<p><strong>Kto zagra w 2025 roku? Oto pe\u0142na lista!<\/strong><\/p>\n\n\n\n<h2 class=\"wp-block-heading\" id=\"dua-scena\">Du\u017ca Scena<\/h2>\n\n\n\n<ul class=\"wp-block-list\">\n<li><strong>Agnostic Front<\/strong><\/li>\n\n\n\n<li><strong>Babylon Circus<\/strong><\/li>\n\n\n\n<li><strong>Burning Spear<\/strong><\/li>\n\n\n\n<li><strong>Dope<\/strong><\/li>\n\n\n\n<li><strong>Fear Factory<\/strong><\/li>\n\n\n\n<li><strong>FISZ EMADE TWORZYWO<\/strong><\/li>\n\n\n\n<li><strong>Hunter i Ch\u00f3r Kantata<\/strong><\/li>\n\n\n\n<li><strong>Ich Troje<\/strong>\u00a0(zwyci\u0119zca Z\u0142otego B\u0105czka)<\/li>\n\n\n\n<li><strong>Mrozu<\/strong><\/li>\n\n\n\n<li><strong>Nocny Kochanek<\/strong><\/li>\n\n\n\n<li><strong>Osees<\/strong><\/li>\n\n\n\n<li><strong>Palaye Royale<\/strong><\/li>\n\n\n\n<li><strong>Paradise Lost<\/strong><\/li>\n\n\n\n<li><strong>Royal Republic<\/strong><\/li>\n\n\n\n<li><strong>Saxon<\/strong><\/li>\n\n\n\n<li><strong>Spiderbait<\/strong><\/li>\n\n\n\n<li><strong>Spidergawd<\/strong><\/li>\n\n\n\n<li><strong>Static-X<\/strong><\/li>\n\n\n\n<li><strong>The Scratch<\/strong><\/li>\n\n\n\n<li><strong>Walls of Jericho<\/strong><\/li>\n\n\n\n<li><strong>Wednesday 13<\/strong><\/li>\n\n\n\n<li><strong>Wolfmother<\/strong><\/li>\n\n\n\n<li><strong>Zeal &amp; Ardor<\/strong><\/li>\n\n\n\n<li><strong>Zenek Kupatasa<\/strong>\u00a0(dzika karta)<\/li>\n\n\n\n<li><strong>Piotr Bukartyk<\/strong>\u00a0(zako\u0144czenie festiwalu)<\/li>\n<\/ul>\n\n\n\n<h2 class=\"wp-block-heading\" id=\"maa-scena\">Ma\u0142a Scena<\/h2>\n\n\n\n<ul class=\"wp-block-list\">\n<li><strong>Bibobit<\/strong><\/li>\n\n\n\n<li><strong>Bum Bum Orkestar<\/strong><\/li>\n\n\n\n<li><strong>Cheap Tobacc<\/strong>o<\/li>\n\n\n\n<li><strong>Dellacoma<\/strong><\/li>\n\n\n\n<li><strong>Dikanda<\/strong><\/li>\n\n\n\n<li><strong>Dirty Shirt<\/strong><\/li>\n\n\n\n<li><strong>Dr Misio<\/strong><\/li>\n\n\n\n<li><strong>Dziwna Wiosna<\/strong><\/li>\n\n\n\n<li><strong>Hanabie.<\/strong><\/li>\n\n\n\n<li><strong>He\u013eenine O\u010di<\/strong><\/li>\n\n\n\n<li><strong>Junon Kyanon<\/strong><\/li>\n\n\n\n<li><strong>Koza Mostra<\/strong><\/li>\n\n\n\n<li><strong>LOR<\/strong><\/li>\n\n\n\n<li><strong>NANGA<\/strong><\/li>\n\n\n\n<li><strong>Old Breakout<\/strong><\/li>\n\n\n\n<li><strong>Prime Prophecy<\/strong><\/li>\n\n\n\n<li><strong>The Allergies<\/strong><\/li>\n\n\n\n<li><strong>The Analogs<\/strong><\/li>\n\n\n\n<li><strong>The Bad Tales<\/strong><\/li>\n\n\n\n<li><strong>Wirefall<\/strong><\/li>\n<\/ul>\n\n\n\n<p><\/p>\n\n\n\n<h2 class=\"wp-block-heading\" id=\"co-polandrock-wnosi-do-polskiej-kultury\">Co Pol&#8217;and&#8217;Rock wnosi do polskiej kultury?<\/h2>\n\n\n\n<p>Pol&#8217;and&#8217;Rock z pewno\u015bci\u0105 zmieni\u0142 oblicze polskiej sceny muzycznej. Dla wielu m\u0142odych ludzi to pierwsza okazja, \u017ceby zobaczy\u0107 prawdziwy koncert na \u017cywo.<strong> A \u017ce formu\u0142a jest darmowa, to ka\u017cdy mo\u017ce wzi\u0105\u0107 w tym udzia\u0142.<\/strong> Niejeden przyjecha\u0142 ju\u017c tam bez grosza przy duszy, a i tak \u015bwietnie si\u0119 bawi\u0142!<strong> To te\u017c du\u017ca szansa dla m\u0142odych artyst\u00f3w, kt\u00f3rzy cz\u0119sto pierwszy raz&nbsp;mog\u0105 zagra\u0107 przed wielotysi\u0119czn\u0105 publiczno\u015bci\u0105.<\/strong> Niekt\u00f3re grupy, kt\u00f3re zaczyna\u0142y na ma\u0142ych scenach Pol&#8217;and&#8217;Rocka, dzi\u015b wyprzedaj\u0105 sale koncertowe w ca\u0142ym kraju.<\/p>\n\n\n\n<p>Festiwal wp\u0142ywa te\u017c na rozw\u00f3j regionu. Czaplinek i okolice przez kilka dni w roku \u017cyj\u0105 turystyk\u0105 festiwalow\u0105. Lokalni przedsi\u0119biorcy maj\u0105 \u017cniwa, a Pojezierze Drawskie zyskuje na rozpoznawalno\u015bci w ca\u0142ej Polsce.<\/p>\n\n\n\n<p>Najwa\u017cniejsze to jednak to, co dzieje si\u0119 mi\u0119dzy lud\u017ami. <strong>Gdy ca\u0142y \u015bwiat rozmawia przez ekrany, Pol&#8217;and&#8217;Rock pozwala spotka\u0107 si\u0119 naprawd\u0119.<\/strong> Mi\u0119dzy namiotami panuje atmosfera, jakiej nie znajdziesz nigdzie indziej. Wi\u0119c pakuj plecak, bierz namiot i widzimy si\u0119 w Czaplinku na najpi\u0119kniejszym festiwalu \u015bwiata!<\/p>\n\n\n\n<p><strong>W zesz\u0142ym roku zagra\u0142a mi\u0119dzy innymi Coma, kt\u00f3rej koszulki mo\u017cesz kupi\u0107 w naszym sklepie!<\/strong><\/p>\n\n\n\n<p class=\"has-text-align-center\"><strong><strong>Zobacz<\/strong><\/strong> <strong><a href=\"https:\/\/www.carton.pl\/zespol\/coma\">sklep COMA!<\/a><\/strong><\/p>\n\n\n\n<figure class=\"wp-block-gallery has-nested-images columns-5 is-cropped wp-block-gallery-1 is-layout-flex wp-block-gallery-is-layout-flex\">\n<figure class=\"wp-block-image size-large\"><img loading=\"lazy\" decoding=\"async\" width=\"360\" height=\"539\" data-id=\"1886\" src=\"https:\/\/www.carton.pl\/blog\/wp-content\/uploads\/2025\/06\/image.png\" alt=\"image\" class=\"wp-image-1886\" srcset=\"https:\/\/www.carton.pl\/blog\/wp-content\/uploads\/2025\/06\/image.png 360w, https:\/\/www.carton.pl\/blog\/wp-content\/uploads\/2025\/06\/image-200x300.png 200w\" sizes=\"auto, (max-width: 360px) 100vw, 360px\" \/><\/figure>\n\n\n\n<figure class=\"wp-block-image size-large\"><img loading=\"lazy\" decoding=\"async\" width=\"360\" height=\"539\" data-id=\"1887\" src=\"https:\/\/www.carton.pl\/blog\/wp-content\/uploads\/2025\/06\/image-1.png\" alt=\"image\" class=\"wp-image-1887\" srcset=\"https:\/\/www.carton.pl\/blog\/wp-content\/uploads\/2025\/06\/image-1.png 360w, https:\/\/www.carton.pl\/blog\/wp-content\/uploads\/2025\/06\/image-1-200x300.png 200w\" sizes=\"auto, (max-width: 360px) 100vw, 360px\" \/><\/figure>\n\n\n\n<figure class=\"wp-block-image size-large\"><img loading=\"lazy\" decoding=\"async\" width=\"360\" height=\"539\" data-id=\"1878\" src=\"https:\/\/www.carton.pl\/blog\/wp-content\/uploads\/2025\/05\/image-10.png\" alt=\"image\" class=\"wp-image-1878\" srcset=\"https:\/\/www.carton.pl\/blog\/wp-content\/uploads\/2025\/05\/image-10.png 360w, https:\/\/www.carton.pl\/blog\/wp-content\/uploads\/2025\/05\/image-10-200x300.png 200w\" sizes=\"auto, (max-width: 360px) 100vw, 360px\" \/><\/figure>\n\n\n\n<figure class=\"wp-block-image size-large\"><img loading=\"lazy\" decoding=\"async\" width=\"360\" height=\"539\" data-id=\"1888\" src=\"https:\/\/www.carton.pl\/blog\/wp-content\/uploads\/2025\/06\/image-2.png\" alt=\"image\" class=\"wp-image-1888\" srcset=\"https:\/\/www.carton.pl\/blog\/wp-content\/uploads\/2025\/06\/image-2.png 360w, https:\/\/www.carton.pl\/blog\/wp-content\/uploads\/2025\/06\/image-2-200x300.png 200w\" sizes=\"auto, (max-width: 360px) 100vw, 360px\" \/><\/figure>\n\n\n\n<figure class=\"wp-block-image size-large\"><img loading=\"lazy\" decoding=\"async\" width=\"360\" height=\"539\" data-id=\"1889\" src=\"https:\/\/www.carton.pl\/blog\/wp-content\/uploads\/2025\/06\/image-3.png\" alt=\"image\" class=\"wp-image-1889\" srcset=\"https:\/\/www.carton.pl\/blog\/wp-content\/uploads\/2025\/06\/image-3.png 360w, https:\/\/www.carton.pl\/blog\/wp-content\/uploads\/2025\/06\/image-3-200x300.png 200w\" sizes=\"auto, (max-width: 360px) 100vw, 360px\" \/><\/figure>\n<\/figure>\n\n\n\n<p>Czytaj r\u00f3wnie\u017c:<\/p>\n\n\n\n<p><a href=\"https:\/\/www.carton.pl\/blog\/czochraj-bobra-fest-2025-kto-zagra-w-tym-roku-sprawdz\/\">Czochraj Bobra Fest 2025 \u2013 kto zagra w tym roku? Sprawd\u017a!<\/a><\/p>\n\n\n\n<p><a href=\"https:\/\/www.carton.pl\/blog\/orajt-nadciaga-czternasty-album-studyjny-t-love\/\">\u201eOrajt\u201d \u2013 nadci\u0105ga czternasty album studyjny T.Love<\/a><\/p>\n\n\n\n<p><a href=\"https:\/\/www.carton.pl\/blog\/melodie-z-musztarda-czyli-punkowe-interpretacje-polskich-klasykow-w-wykonaniu-sexbomby-nowa-plyta-za-rogiem\/\">\u201eMelodie z musztard\u0105\u201d, czyli punkowe interpretacje polskich klasyk\u00f3w w wykonaniu Sexbomby. Nowa p\u0142yta za rogiem!<\/a><\/p>\n","protected":false},"excerpt":{"rendered":"<p>Od 1 do 3 sierpinia w zachodniopomorskim b\u0119dzie t\u0119tni\u0107 \u017cyciem \u2013 przyjedzie tam kilkaset tysi\u0119cy fan\u00f3w muzyki na Pol&#8217;and&#8217;Rock Festival \u2013 najwi\u0119kszy darmowy tego typu event w Polsce. Ale czemu w\u0142a\u015bciwie ludzie zostawiaj\u0105 wygodne \u0142\u00f3\u017cka, by spa\u0107 w namiocie? Dlaczego warto jecha\u0107 na wydarzenie, kt\u00f3re trwa ju\u017c prawie trzy dekady? I jak w og\u00f3le mo\u017cna zorganizowa\u0107 co\u015b takiego bez sprzeda\u017cy bilet\u00f3w? Dowiedz si\u0119 wi\u0119cej o jednym z najwi\u0119kszych festiwali muzycznych w Polsce! Przystanek Woodstock, czyli jak Jerzy Owsiak zmieni\u0142 polsk\u0105 scen\u0119 festiwalow\u0105 Wszystko zacz\u0119\u0142o si\u0119 w 1995 roku, gdy Jurek Owsiak wr\u00f3ci\u0142 z podr\u00f3\u017cy do Stan\u00f3w. Zobaczy\u0142 tam Woodstock Festival i pomy\u015bla\u0142 co\u015b w stylu: \u201eKurde, my te\u017c tak mo\u017cemy\u201d. Ale przede wszystkim chcia\u0142 podzi\u0119kowa\u0107 wolontariuszom Wielkiej Orkiestry \u015awi\u0105tecznej Pomocy, wi\u0119c zorganizowa\u0142 dla nich koncert. Jako miejsce wybrano Czymanowo nad jeziorem \u017barnowieckim \u2013 na dw\u00f3ch scenach zagrali m.in. Myslovitz, IRA, Urszula, Carrantouhill, Skankan i \u017buki. Cho\u0107 line-up brzmi skromnie w por\u00f3wnaniu do tego, na jak\u0105 skal\u0119 ten event dzia\u0142a dzi\u015b, ju\u017c wtedy przyjecha\u0142o kilkana\u015bcie tysi\u0119cy os\u00f3b. I co? Szybko okaza\u0142o si\u0119, \u017ce festiwal ro\u015bnie jak na dro\u017cd\u017cach. W Czymanowie zrobi\u0142o si\u0119 za ciasno, wi\u0119c w 1996 roku festiwal odby\u0142 si\u0119 w Szczecinie-D\u0105bie, a w 1997 roku trafi\u0142 do \u017bar. Tam dopiero si\u0119 dzia\u0142o! Przez kolejne siedem lat na Woodstock&nbsp; przyje\u017cd\u017ca\u0142o ju\u017c nie kilkana\u015bcie, a sto tysi\u0119cy os\u00f3b.&nbsp;I co wa\u017cniejsze, na scenie zacz\u0119\u0142y pojawia\u0107 si\u0119 tak\u017ce zagraniczne kapele. Infrastruktura te\u017c robi\u0142a post\u0119py, ale wi\u0119kszo\u015b\u0107 ludzi dalej nocowa\u0142a pod namiotami na wielkim polu \u2013 w ko\u0144cu to tam jest najlepszy klimat. Potem przyszed\u0142 czas na Kostrzyn nad Odr\u0105. To by\u0142o 16 z\u0142otych lat \u2013 od 2004 do 2019. Na scenie stan\u0119\u0142y legendy takie jak The Prodigy, Korpiklaani czy Sabaton.&nbsp;Wtedy festiwal sta\u0142 si\u0119 mark\u0105 rozpoznawaln\u0105 w ca\u0142ej Europie. Setki tysi\u0119cy fan\u00f3w przyje\u017cd\u017ca\u0142y ka\u017cdego lata, \u017ceby przez kilka dni oddycha\u0107 muzyk\u0105, przyja\u017ani\u0105 i mi\u0142o\u015bci\u0105. Jednak w 2020 roku wszystko stan\u0119\u0142o na g\u0142owie. Pandemia zmusi\u0142a organizator\u00f3w do przeniesienia koncert\u00f3w do sieci. Ze studia w Szeligach transmitowano wyst\u0119py na \u017cywo, ale nie by\u0142o tego, co w festiwalu najwa\u017cniejsze \u2013 tego szalonego t\u0142umu i energii p\u0142yn\u0105cej z publiczno\u015bci. Gdy \u015bwiat zacz\u0105\u0142 wraca\u0107 do normalno\u015bci, event najpierw odby\u0142 si\u0119 na lotnisku Makowice-P\u0142oty w 2021 roku, a potem przeni\u00f3s\u0142 si\u0119 do Czaplinka-Broczyno, gdzie jest do dzi\u015b. Dlaczego festiwal nazywa si\u0119 Pol&#8217;and&#8217;Rock? Przez ponad 20 lat wszystko dzia\u0142o si\u0119 pod szyldem \u201ePrzystanek Woodstock\u201d \u2013 nazwa nawi\u0105zywa\u0142a do s\u0142ynnego ameryka\u0144skiego festiwalu. Ale w 2018 roku przyszed\u0142 czas na zmiany. Jerzy Owsiak t\u0142umaczy\u0142, \u017ce to problemy prawne zmusi\u0142y ich do rebrandingu, ale z drugiej strony trudno zaprzeczy\u0107, \u017ce nowa nazwa lepiej oddaje polski charakter ca\u0142ego przedsi\u0119wzi\u0119cia. Jedno pozosta\u0142o niezmienne \u2013 has\u0142o \u201eMi\u0142o\u015b\u0107, Przyja\u017a\u0144, Muzyka\u201d. Organizatorzy wci\u0105\u017c chc\u0105 budowa\u0107 miejsce, gdzie ludzie mog\u0105 si\u0119 spotka\u0107, pogada\u0107 i razem szale\u0107 przy ulubionych kawa\u0142kach. Festiwal nadal dzia\u0142a jak wielkie podzi\u0119kowanie dla wolontariuszy WO\u015aP, ale przyjecha\u0107 mo\u017ce ka\u017cdy. Jak wygl\u0105da Pol&#8217;and&#8217;Rock Festival w 2025 roku? W tym roku impreza odb\u0119dzie si\u0119 mi\u0119dzy 31 lipca a 2 sierpnia na lotnisku Czaplinek-Broczyno. A co najlepsze, dalej nic nie kosztuje. Wystarczy przyjecha\u0107 i mo\u017cna uczestniczy\u0107 we wszystkich koncertach. Scen jest kilka, ale najwa\u017cniejsze to Du\u017ca i Ma\u0142a. Na pierwszej graj\u0105 g\u0142\u00f3wnie gwiazdy, za to na drugiej mo\u017cna odkry\u0107 nowe zespo\u0142y. Muzyka? Od ci\u0119\u017ckiego metalu, przez alternatyw\u0119, reggae, a\u017c po folk \u2013 ka\u017cdy znajdzie tu co\u015b dla siebie. A gdy zrobisz sobie przerw\u0119 od koncert\u00f3w, mo\u017cesz skoczy\u0107 do Akademii Sztuk Przepi\u0119knych, czyli specjalnej strefy z warsztatami i wyk\u0142adami.&nbsp; Co z podstawowymi potrzebami? Organizatorzy pomy\u015bleli o wszystkim: Po terenie kr\u0105\u017c\u0105 wolontariusze Pokojowego Patrolu w czerwonych koszulkach. Ich zadaniem jest pomaganie, doradzanie i pilnowanie porz\u0105dku. Oczywi\u015bcie na terenie festiwalu dzia\u0142aj\u0105 te\u017c punkty medyczne i informacyjne. Kto zagra na Pol&#8217;and&#8217;Rock Festival 2025? Line-up i koncerty Owsiak jak zwykle buduje napi\u0119cie. Pe\u0142n\u0105 list\u0119 wykonawc\u00f3w poznali\u015bmy dopiero 9 czerwca podczas audycji \u201eZaraz b\u0119dzie ciemno\u201d w Antyradiu o 19:00. To ju\u017c tradycja \u2013 fani musz\u0105 poczeka\u0107 do ostatniej chwili. Kto zagra w 2025 roku? Oto pe\u0142na lista! Du\u017ca Scena Ma\u0142a Scena Co Pol&#8217;and&#8217;Rock wnosi do polskiej kultury? Pol&#8217;and&#8217;Rock z pewno\u015bci\u0105 zmieni\u0142 oblicze polskiej sceny muzycznej. Dla wielu m\u0142odych ludzi to pierwsza okazja, \u017ceby zobaczy\u0107 prawdziwy koncert na \u017cywo. A \u017ce formu\u0142a jest darmowa, to ka\u017cdy mo\u017ce wzi\u0105\u0107 w tym udzia\u0142. Niejeden przyjecha\u0142 ju\u017c tam bez grosza przy duszy, a i tak \u015bwietnie si\u0119 bawi\u0142! To te\u017c du\u017ca szansa dla m\u0142odych artyst\u00f3w, kt\u00f3rzy cz\u0119sto pierwszy raz&nbsp;mog\u0105 zagra\u0107 przed wielotysi\u0119czn\u0105 publiczno\u015bci\u0105. Niekt\u00f3re grupy, kt\u00f3re zaczyna\u0142y na ma\u0142ych scenach Pol&#8217;and&#8217;Rocka, dzi\u015b wyprzedaj\u0105 sale koncertowe w ca\u0142ym kraju. Festiwal wp\u0142ywa te\u017c na rozw\u00f3j regionu. Czaplinek i okolice przez kilka dni w roku \u017cyj\u0105 turystyk\u0105 festiwalow\u0105. Lokalni przedsi\u0119biorcy maj\u0105 \u017cniwa, a Pojezierze Drawskie zyskuje na rozpoznawalno\u015bci w ca\u0142ej Polsce. Najwa\u017cniejsze to jednak to, co dzieje si\u0119 mi\u0119dzy lud\u017ami. Gdy ca\u0142y \u015bwiat rozmawia przez ekrany, Pol&#8217;and&#8217;Rock pozwala spotka\u0107 si\u0119 naprawd\u0119. Mi\u0119dzy namiotami panuje atmosfera, jakiej nie znajdziesz nigdzie indziej. Wi\u0119c pakuj plecak, bierz namiot i widzimy si\u0119 w Czaplinku na najpi\u0119kniejszym festiwalu \u015bwiata! W zesz\u0142ym roku zagra\u0142a mi\u0119dzy innymi Coma, kt\u00f3rej koszulki mo\u017cesz kupi\u0107 w naszym sklepie! Zobacz sklep COMA! Czytaj r\u00f3wnie\u017c: Czochraj Bobra Fest 2025 \u2013 kto zagra w tym roku? Sprawd\u017a! \u201eOrajt\u201d \u2013 nadci\u0105ga czternasty album studyjny T.Love \u201eMelodie z musztard\u0105\u201d, czyli punkowe interpretacje polskich klasyk\u00f3w w wykonaniu Sexbomby. Nowa p\u0142yta za rogiem!<\/p>\n","protected":false},"author":2,"featured_media":1885,"comment_status":"closed","ping_status":"open","sticky":false,"template":"","format":"standard","meta":{"footnotes":""},"categories":[7],"tags":[],"class_list":["post-1884","post","type-post","status-publish","format-standard","has-post-thumbnail","hentry","category-festiwale"],"yoast_head":"<!-- This site is optimized with the Yoast SEO plugin v26.9 - https:\/\/yoast.com\/product\/yoast-seo-wordpress\/ -->\n<title>Pol&#039;and&#039;Rock Festival 2025 \u2013 koncert rock, line-up, kto zagra?<\/title>\n<meta name=\"description\" content=\"Pol&#039;and&#039;Rock Festival 2025 \u2013 sprawd\u017a, kto zagra! Najnowsze informacje o festiwalu, line-upie i koncertach. Zobacz nasze koszulki!\" \/>\n<meta name=\"robots\" content=\"index, follow, max-snippet:-1, max-image-preview:large, max-video-preview:-1\" \/>\n<link rel=\"canonical\" href=\"https:\/\/www.carton.pl\/blog\/polandrock-festival-2025-co-wiemy-o-nadchodzacej-edycji-festiwalu-poznaj-line-up\/\" \/>\n<meta property=\"og:locale\" content=\"pl_PL\" \/>\n<meta property=\"og:type\" content=\"article\" \/>\n<meta property=\"og:title\" content=\"Pol&#039;and&#039;Rock Festival 2025 \u2013 koncert rock, line-up, kto zagra?\" \/>\n<meta property=\"og:description\" content=\"Pol&#039;and&#039;Rock Festival 2025 \u2013 sprawd\u017a, kto zagra! Najnowsze informacje o festiwalu, line-upie i koncertach. Zobacz nasze koszulki!\" \/>\n<meta property=\"og:url\" content=\"https:\/\/www.carton.pl\/blog\/polandrock-festival-2025-co-wiemy-o-nadchodzacej-edycji-festiwalu-poznaj-line-up\/\" \/>\n<meta property=\"og:site_name\" content=\"BLOG carton.pl\" \/>\n<meta property=\"article:published_time\" content=\"2025-05-15T10:27:27+00:00\" \/>\n<meta property=\"article:modified_time\" content=\"2025-06-17T16:46:16+00:00\" \/>\n<meta property=\"og:image\" content=\"https:\/\/www.carton.pl\/blog\/wp-content\/uploads\/2025\/06\/POLANDROCK-2025-BLOG-1.jpg\" \/>\n\t<meta property=\"og:image:width\" content=\"900\" \/>\n\t<meta property=\"og:image:height\" content=\"600\" \/>\n\t<meta property=\"og:image:type\" content=\"image\/jpeg\" \/>\n<meta name=\"author\" content=\"Tomek\" \/>\n<meta name=\"twitter:card\" content=\"summary_large_image\" \/>\n<meta name=\"twitter:label1\" content=\"Napisane przez\" \/>\n\t<meta name=\"twitter:data1\" content=\"Tomek\" \/>\n\t<meta name=\"twitter:label2\" content=\"Szacowany czas czytania\" \/>\n\t<meta name=\"twitter:data2\" content=\"8 minut\" \/>\n<script type=\"application\/ld+json\" class=\"yoast-schema-graph\">{\"@context\":\"https:\/\/schema.org\",\"@graph\":[{\"@type\":\"Article\",\"@id\":\"https:\/\/www.carton.pl\/blog\/polandrock-festival-2025-co-wiemy-o-nadchodzacej-edycji-festiwalu-poznaj-line-up\/#article\",\"isPartOf\":{\"@id\":\"https:\/\/www.carton.pl\/blog\/polandrock-festival-2025-co-wiemy-o-nadchodzacej-edycji-festiwalu-poznaj-line-up\/\"},\"author\":{\"name\":\"Tomek\",\"@id\":\"https:\/\/www.carton.pl\/blog\/#\/schema\/person\/de344cca6ded145c31c54b7017bb2d1d\"},\"headline\":\"Pol&#8217;and&#8217;Rock Festival 2025 \u2013 co wiemy o nadchodz\u0105cej edycji festiwalu? Poznaj line-up!\",\"datePublished\":\"2025-05-15T10:27:27+00:00\",\"dateModified\":\"2025-06-17T16:46:16+00:00\",\"mainEntityOfPage\":{\"@id\":\"https:\/\/www.carton.pl\/blog\/polandrock-festival-2025-co-wiemy-o-nadchodzacej-edycji-festiwalu-poznaj-line-up\/\"},\"wordCount\":1157,\"publisher\":{\"@id\":\"https:\/\/www.carton.pl\/blog\/#organization\"},\"image\":{\"@id\":\"https:\/\/www.carton.pl\/blog\/polandrock-festival-2025-co-wiemy-o-nadchodzacej-edycji-festiwalu-poznaj-line-up\/#primaryimage\"},\"thumbnailUrl\":\"https:\/\/www.carton.pl\/blog\/wp-content\/uploads\/2025\/06\/POLANDROCK-2025-BLOG-1.jpg\",\"articleSection\":[\"Festiwale\"],\"inLanguage\":\"pl-PL\"},{\"@type\":\"WebPage\",\"@id\":\"https:\/\/www.carton.pl\/blog\/polandrock-festival-2025-co-wiemy-o-nadchodzacej-edycji-festiwalu-poznaj-line-up\/\",\"url\":\"https:\/\/www.carton.pl\/blog\/polandrock-festival-2025-co-wiemy-o-nadchodzacej-edycji-festiwalu-poznaj-line-up\/\",\"name\":\"Pol'and'Rock Festival 2025 \u2013 koncert rock, line-up, kto zagra?\",\"isPartOf\":{\"@id\":\"https:\/\/www.carton.pl\/blog\/#website\"},\"primaryImageOfPage\":{\"@id\":\"https:\/\/www.carton.pl\/blog\/polandrock-festival-2025-co-wiemy-o-nadchodzacej-edycji-festiwalu-poznaj-line-up\/#primaryimage\"},\"image\":{\"@id\":\"https:\/\/www.carton.pl\/blog\/polandrock-festival-2025-co-wiemy-o-nadchodzacej-edycji-festiwalu-poznaj-line-up\/#primaryimage\"},\"thumbnailUrl\":\"https:\/\/www.carton.pl\/blog\/wp-content\/uploads\/2025\/06\/POLANDROCK-2025-BLOG-1.jpg\",\"datePublished\":\"2025-05-15T10:27:27+00:00\",\"dateModified\":\"2025-06-17T16:46:16+00:00\",\"description\":\"Pol'and'Rock Festival 2025 \u2013 sprawd\u017a, kto zagra! Najnowsze informacje o festiwalu, line-upie i koncertach. Zobacz nasze koszulki!\",\"breadcrumb\":{\"@id\":\"https:\/\/www.carton.pl\/blog\/polandrock-festival-2025-co-wiemy-o-nadchodzacej-edycji-festiwalu-poznaj-line-up\/#breadcrumb\"},\"inLanguage\":\"pl-PL\",\"potentialAction\":[{\"@type\":\"ReadAction\",\"target\":[\"https:\/\/www.carton.pl\/blog\/polandrock-festival-2025-co-wiemy-o-nadchodzacej-edycji-festiwalu-poznaj-line-up\/\"]}]},{\"@type\":\"ImageObject\",\"inLanguage\":\"pl-PL\",\"@id\":\"https:\/\/www.carton.pl\/blog\/polandrock-festival-2025-co-wiemy-o-nadchodzacej-edycji-festiwalu-poznaj-line-up\/#primaryimage\",\"url\":\"https:\/\/www.carton.pl\/blog\/wp-content\/uploads\/2025\/06\/POLANDROCK-2025-BLOG-1.jpg\",\"contentUrl\":\"https:\/\/www.carton.pl\/blog\/wp-content\/uploads\/2025\/06\/POLANDROCK-2025-BLOG-1.jpg\",\"width\":900,\"height\":600,\"caption\":\"POLANDROCK 2025 BLOG (1)\"},{\"@type\":\"BreadcrumbList\",\"@id\":\"https:\/\/www.carton.pl\/blog\/polandrock-festival-2025-co-wiemy-o-nadchodzacej-edycji-festiwalu-poznaj-line-up\/#breadcrumb\",\"itemListElement\":[{\"@type\":\"ListItem\",\"position\":1,\"name\":\"Strona g\u0142\u00f3wna\",\"item\":\"https:\/\/www.carton.pl\/blog\/\"},{\"@type\":\"ListItem\",\"position\":2,\"name\":\"Pol&#8217;and&#8217;Rock Festival 2025 \u2013 co wiemy o nadchodz\u0105cej edycji festiwalu? Poznaj line-up!\"}]},{\"@type\":\"WebSite\",\"@id\":\"https:\/\/www.carton.pl\/blog\/#website\",\"url\":\"https:\/\/www.carton.pl\/blog\/\",\"name\":\"BLOG carton.pl\",\"description\":\"Zespo\u0142y, ciuchy, muzyka - o tym piszemy\",\"publisher\":{\"@id\":\"https:\/\/www.carton.pl\/blog\/#organization\"},\"potentialAction\":[{\"@type\":\"SearchAction\",\"target\":{\"@type\":\"EntryPoint\",\"urlTemplate\":\"https:\/\/www.carton.pl\/blog\/?s={search_term_string}\"},\"query-input\":{\"@type\":\"PropertyValueSpecification\",\"valueRequired\":true,\"valueName\":\"search_term_string\"}}],\"inLanguage\":\"pl-PL\"},{\"@type\":\"Organization\",\"@id\":\"https:\/\/www.carton.pl\/blog\/#organization\",\"name\":\"CARTON Tomasz Kowalski\",\"url\":\"https:\/\/www.carton.pl\/blog\/\",\"logo\":{\"@type\":\"ImageObject\",\"inLanguage\":\"pl-PL\",\"@id\":\"https:\/\/www.carton.pl\/blog\/#\/schema\/logo\/image\/\",\"url\":\"https:\/\/carton.pl\/blog\/wp-content\/uploads\/2021\/12\/carton_merch_logo.png\",\"contentUrl\":\"https:\/\/carton.pl\/blog\/wp-content\/uploads\/2021\/12\/carton_merch_logo.png\",\"width\":205,\"height\":56,\"caption\":\"CARTON Tomasz Kowalski\"},\"image\":{\"@id\":\"https:\/\/www.carton.pl\/blog\/#\/schema\/logo\/image\/\"}},{\"@type\":\"Person\",\"@id\":\"https:\/\/www.carton.pl\/blog\/#\/schema\/person\/de344cca6ded145c31c54b7017bb2d1d\",\"name\":\"Tomek\",\"image\":{\"@type\":\"ImageObject\",\"inLanguage\":\"pl-PL\",\"@id\":\"https:\/\/www.carton.pl\/blog\/#\/schema\/person\/image\/\",\"url\":\"https:\/\/secure.gravatar.com\/avatar\/c2a11a2e6f85d610387f5fc3605cf6b2b1af61f0ffb9fa4669a13a3e4c0e1281?s=96&d=mm&r=g\",\"contentUrl\":\"https:\/\/secure.gravatar.com\/avatar\/c2a11a2e6f85d610387f5fc3605cf6b2b1af61f0ffb9fa4669a13a3e4c0e1281?s=96&d=mm&r=g\",\"caption\":\"Tomek\"},\"url\":\"https:\/\/www.carton.pl\/blog\/author\/carton\/\"}]}<\/script>\n<!-- \/ Yoast SEO plugin. -->","yoast_head_json":{"title":"Pol'and'Rock Festival 2025 \u2013 koncert rock, line-up, kto zagra?","description":"Pol'and'Rock Festival 2025 \u2013 sprawd\u017a, kto zagra! Najnowsze informacje o festiwalu, line-upie i koncertach. Zobacz nasze koszulki!","robots":{"index":"index","follow":"follow","max-snippet":"max-snippet:-1","max-image-preview":"max-image-preview:large","max-video-preview":"max-video-preview:-1"},"canonical":"https:\/\/www.carton.pl\/blog\/polandrock-festival-2025-co-wiemy-o-nadchodzacej-edycji-festiwalu-poznaj-line-up\/","og_locale":"pl_PL","og_type":"article","og_title":"Pol'and'Rock Festival 2025 \u2013 koncert rock, line-up, kto zagra?","og_description":"Pol'and'Rock Festival 2025 \u2013 sprawd\u017a, kto zagra! Najnowsze informacje o festiwalu, line-upie i koncertach. Zobacz nasze koszulki!","og_url":"https:\/\/www.carton.pl\/blog\/polandrock-festival-2025-co-wiemy-o-nadchodzacej-edycji-festiwalu-poznaj-line-up\/","og_site_name":"BLOG carton.pl","article_published_time":"2025-05-15T10:27:27+00:00","article_modified_time":"2025-06-17T16:46:16+00:00","og_image":[{"width":900,"height":600,"url":"https:\/\/www.carton.pl\/blog\/wp-content\/uploads\/2025\/06\/POLANDROCK-2025-BLOG-1.jpg","type":"image\/jpeg"}],"author":"Tomek","twitter_card":"summary_large_image","twitter_misc":{"Napisane przez":"Tomek","Szacowany czas czytania":"8 minut"},"schema":{"@context":"https:\/\/schema.org","@graph":[{"@type":"Article","@id":"https:\/\/www.carton.pl\/blog\/polandrock-festival-2025-co-wiemy-o-nadchodzacej-edycji-festiwalu-poznaj-line-up\/#article","isPartOf":{"@id":"https:\/\/www.carton.pl\/blog\/polandrock-festival-2025-co-wiemy-o-nadchodzacej-edycji-festiwalu-poznaj-line-up\/"},"author":{"name":"Tomek","@id":"https:\/\/www.carton.pl\/blog\/#\/schema\/person\/de344cca6ded145c31c54b7017bb2d1d"},"headline":"Pol&#8217;and&#8217;Rock Festival 2025 \u2013 co wiemy o nadchodz\u0105cej edycji festiwalu? Poznaj line-up!","datePublished":"2025-05-15T10:27:27+00:00","dateModified":"2025-06-17T16:46:16+00:00","mainEntityOfPage":{"@id":"https:\/\/www.carton.pl\/blog\/polandrock-festival-2025-co-wiemy-o-nadchodzacej-edycji-festiwalu-poznaj-line-up\/"},"wordCount":1157,"publisher":{"@id":"https:\/\/www.carton.pl\/blog\/#organization"},"image":{"@id":"https:\/\/www.carton.pl\/blog\/polandrock-festival-2025-co-wiemy-o-nadchodzacej-edycji-festiwalu-poznaj-line-up\/#primaryimage"},"thumbnailUrl":"https:\/\/www.carton.pl\/blog\/wp-content\/uploads\/2025\/06\/POLANDROCK-2025-BLOG-1.jpg","articleSection":["Festiwale"],"inLanguage":"pl-PL"},{"@type":"WebPage","@id":"https:\/\/www.carton.pl\/blog\/polandrock-festival-2025-co-wiemy-o-nadchodzacej-edycji-festiwalu-poznaj-line-up\/","url":"https:\/\/www.carton.pl\/blog\/polandrock-festival-2025-co-wiemy-o-nadchodzacej-edycji-festiwalu-poznaj-line-up\/","name":"Pol'and'Rock Festival 2025 \u2013 koncert rock, line-up, kto zagra?","isPartOf":{"@id":"https:\/\/www.carton.pl\/blog\/#website"},"primaryImageOfPage":{"@id":"https:\/\/www.carton.pl\/blog\/polandrock-festival-2025-co-wiemy-o-nadchodzacej-edycji-festiwalu-poznaj-line-up\/#primaryimage"},"image":{"@id":"https:\/\/www.carton.pl\/blog\/polandrock-festival-2025-co-wiemy-o-nadchodzacej-edycji-festiwalu-poznaj-line-up\/#primaryimage"},"thumbnailUrl":"https:\/\/www.carton.pl\/blog\/wp-content\/uploads\/2025\/06\/POLANDROCK-2025-BLOG-1.jpg","datePublished":"2025-05-15T10:27:27+00:00","dateModified":"2025-06-17T16:46:16+00:00","description":"Pol'and'Rock Festival 2025 \u2013 sprawd\u017a, kto zagra! Najnowsze informacje o festiwalu, line-upie i koncertach. Zobacz nasze koszulki!","breadcrumb":{"@id":"https:\/\/www.carton.pl\/blog\/polandrock-festival-2025-co-wiemy-o-nadchodzacej-edycji-festiwalu-poznaj-line-up\/#breadcrumb"},"inLanguage":"pl-PL","potentialAction":[{"@type":"ReadAction","target":["https:\/\/www.carton.pl\/blog\/polandrock-festival-2025-co-wiemy-o-nadchodzacej-edycji-festiwalu-poznaj-line-up\/"]}]},{"@type":"ImageObject","inLanguage":"pl-PL","@id":"https:\/\/www.carton.pl\/blog\/polandrock-festival-2025-co-wiemy-o-nadchodzacej-edycji-festiwalu-poznaj-line-up\/#primaryimage","url":"https:\/\/www.carton.pl\/blog\/wp-content\/uploads\/2025\/06\/POLANDROCK-2025-BLOG-1.jpg","contentUrl":"https:\/\/www.carton.pl\/blog\/wp-content\/uploads\/2025\/06\/POLANDROCK-2025-BLOG-1.jpg","width":900,"height":600,"caption":"POLANDROCK 2025 BLOG (1)"},{"@type":"BreadcrumbList","@id":"https:\/\/www.carton.pl\/blog\/polandrock-festival-2025-co-wiemy-o-nadchodzacej-edycji-festiwalu-poznaj-line-up\/#breadcrumb","itemListElement":[{"@type":"ListItem","position":1,"name":"Strona g\u0142\u00f3wna","item":"https:\/\/www.carton.pl\/blog\/"},{"@type":"ListItem","position":2,"name":"Pol&#8217;and&#8217;Rock Festival 2025 \u2013 co wiemy o nadchodz\u0105cej edycji festiwalu? Poznaj line-up!"}]},{"@type":"WebSite","@id":"https:\/\/www.carton.pl\/blog\/#website","url":"https:\/\/www.carton.pl\/blog\/","name":"BLOG carton.pl","description":"Zespo\u0142y, ciuchy, muzyka - o tym piszemy","publisher":{"@id":"https:\/\/www.carton.pl\/blog\/#organization"},"potentialAction":[{"@type":"SearchAction","target":{"@type":"EntryPoint","urlTemplate":"https:\/\/www.carton.pl\/blog\/?s={search_term_string}"},"query-input":{"@type":"PropertyValueSpecification","valueRequired":true,"valueName":"search_term_string"}}],"inLanguage":"pl-PL"},{"@type":"Organization","@id":"https:\/\/www.carton.pl\/blog\/#organization","name":"CARTON Tomasz Kowalski","url":"https:\/\/www.carton.pl\/blog\/","logo":{"@type":"ImageObject","inLanguage":"pl-PL","@id":"https:\/\/www.carton.pl\/blog\/#\/schema\/logo\/image\/","url":"https:\/\/carton.pl\/blog\/wp-content\/uploads\/2021\/12\/carton_merch_logo.png","contentUrl":"https:\/\/carton.pl\/blog\/wp-content\/uploads\/2021\/12\/carton_merch_logo.png","width":205,"height":56,"caption":"CARTON Tomasz Kowalski"},"image":{"@id":"https:\/\/www.carton.pl\/blog\/#\/schema\/logo\/image\/"}},{"@type":"Person","@id":"https:\/\/www.carton.pl\/blog\/#\/schema\/person\/de344cca6ded145c31c54b7017bb2d1d","name":"Tomek","image":{"@type":"ImageObject","inLanguage":"pl-PL","@id":"https:\/\/www.carton.pl\/blog\/#\/schema\/person\/image\/","url":"https:\/\/secure.gravatar.com\/avatar\/c2a11a2e6f85d610387f5fc3605cf6b2b1af61f0ffb9fa4669a13a3e4c0e1281?s=96&d=mm&r=g","contentUrl":"https:\/\/secure.gravatar.com\/avatar\/c2a11a2e6f85d610387f5fc3605cf6b2b1af61f0ffb9fa4669a13a3e4c0e1281?s=96&d=mm&r=g","caption":"Tomek"},"url":"https:\/\/www.carton.pl\/blog\/author\/carton\/"}]}},"_links":{"self":[{"href":"https:\/\/www.carton.pl\/blog\/wp-json\/wp\/v2\/posts\/1884","targetHints":{"allow":["GET"]}}],"collection":[{"href":"https:\/\/www.carton.pl\/blog\/wp-json\/wp\/v2\/posts"}],"about":[{"href":"https:\/\/www.carton.pl\/blog\/wp-json\/wp\/v2\/types\/post"}],"author":[{"embeddable":true,"href":"https:\/\/www.carton.pl\/blog\/wp-json\/wp\/v2\/users\/2"}],"replies":[{"embeddable":true,"href":"https:\/\/www.carton.pl\/blog\/wp-json\/wp\/v2\/comments?post=1884"}],"version-history":[{"count":3,"href":"https:\/\/www.carton.pl\/blog\/wp-json\/wp\/v2\/posts\/1884\/revisions"}],"predecessor-version":[{"id":1902,"href":"https:\/\/www.carton.pl\/blog\/wp-json\/wp\/v2\/posts\/1884\/revisions\/1902"}],"wp:featuredmedia":[{"embeddable":true,"href":"https:\/\/www.carton.pl\/blog\/wp-json\/wp\/v2\/media\/1885"}],"wp:attachment":[{"href":"https:\/\/www.carton.pl\/blog\/wp-json\/wp\/v2\/media?parent=1884"}],"wp:term":[{"taxonomy":"category","embeddable":true,"href":"https:\/\/www.carton.pl\/blog\/wp-json\/wp\/v2\/categories?post=1884"},{"taxonomy":"post_tag","embeddable":true,"href":"https:\/\/www.carton.pl\/blog\/wp-json\/wp\/v2\/tags?post=1884"}],"curies":[{"name":"wp","href":"https:\/\/api.w.org\/{rel}","templated":true}]}}