{"id":1952,"date":"2025-08-15T00:31:53","date_gmt":"2025-08-14T22:31:53","guid":{"rendered":"https:\/\/www.carton.pl\/blog\/?p=1952"},"modified":"2025-09-11T00:48:59","modified_gmt":"2025-09-10T22:48:59","slug":"nadchodzi-nowy-album-closterkeller-co-wiemy-o-premierze-i-trasie-koncertowej-argento-tour","status":"publish","type":"post","link":"https:\/\/www.carton.pl\/blog\/nadchodzi-nowy-album-closterkeller-co-wiemy-o-premierze-i-trasie-koncertowej-argento-tour\/","title":{"rendered":"Nadchodzi nowy album Closterkeller. Co wiemy o premierze i trasie koncertowej Argento Tour?"},"content":{"rendered":"\n<p><strong>Jesie\u0144 to tradycyjnie czas, kiedy fani Closterkeller maj\u0105 powody do rado\u015bci.&nbsp;Zesp\u00f3\u0142&nbsp;ko\u0144czy prace nad swoim jedenastym studyjnym dzie\u0142em.&nbsp;Nowa p\u0142yta, zatytu\u0142owana \u201eArgento\u201d, jest ju\u017c na finiszu, a jej&nbsp;premiera przewidziana jest na 13 pa\u017adziernika&nbsp;2025 roku.&nbsp;Razem wraz z premier\u0105 b\u0119dziecie mogli pos\u0142ucha\u0107 jej ca\u0142ej, a zaraz po tym&nbsp;grupa&nbsp;rusza w Polsk\u0119.<\/strong><a href=\"https:\/\/www.rock3miasto.pl\/wydarzenie\/closterkeller-argento-tour-2025\/\" target=\"_blank\" rel=\"noreferrer noopener\"><\/a><\/p>\n\n\n\n<h2 class=\"wp-block-heading\">\u201eArgento\u201d \u2013 co zagraj\u0105 tym razem?<\/h2>\n\n\n\n<p>Szczeg\u00f3\u0142y dotycz\u0105ce\u00a0<strong>albumu<\/strong>\u00a0\u201eArgento\u201d s\u0105 na razie owiane tajemnic\u0105. Tracklista nie zosta\u0142a jeszcze ujawniona, ale sam fakt tak d\u0142ugiej przerwy wydawniczej budzi du\u017ce nadzieje. Fani, kt\u00f3rzy w mediach spo\u0142eczno\u015bciowych \u015bledzili\u00a0<strong>d\u0142ugi proces powstawania materia\u0142u, licz\u0105 na dopracowane kompozycje<\/strong>. Prace nad p\u0142yt\u0105 nadzorowa\u0142 ceniony producent Adam Toczko, kt\u00f3ry wsp\u00f3\u0142pracowa\u0142 z zespo\u0142em ju\u017c przy albumie \u201eViridian\u201d. Co ciekawe, w projekcie go\u015bcinnie we\u017amie udzia\u0142 Mariusz Kumala, by\u0142y gitarzysta formacji. By\u0107 mo\u017ce oznacza to nawi\u0105zania do ich dawnego brzmienia\/ Jedno jest pewne: mo\u017cemy spodziewa\u0107 si\u0119 charakterystycznego dla Anji Orthodox stylu.\u00a0<strong>To przede wszystkim poetyckie teksty wokalistki od lat wyr\u00f3\u017cniaj\u0105 ten zesp\u00f3\u0142<\/strong>.<a href=\"https:\/\/www.instagram.com\/p\/DMk1G2co-ZH\/\" target=\"_blank\" rel=\"noreferrer noopener\"><\/a><\/p>\n\n\n\n<h2 class=\"wp-block-heading\">Closterkeller \u2013 ikona polskiego gotyku<\/h2>\n\n\n\n<p>Warto pami\u0119ta\u0107, \u017ce Closterkeller to prawdziwa legenda. Grupa powsta\u0142a w Warszawie ju\u017c w 1988 roku, a Anja Orthodox od pocz\u0105tku prowadzi\u0142a j\u0105 w stron\u0119 gotyckiego rocka, przecieraj\u0105c szlaki w Polsce. Przez ponad trzydzie\u015bci lat grania formacja zdoby\u0142a ogromn\u0105 grup\u0119 wiernych s\u0142uchaczy, dlatego premiera ich nowej p\u0142yty jest wa\u017cnym wydarzeniem dla ca\u0142ej polskiej sceny rockowej.<a href=\"https:\/\/pl.wikipedia.org\/wiki\/Closterkeller\" target=\"_blank\" rel=\"noreferrer noopener\"><\/a><\/p>\n\n\n\n<h2 class=\"wp-block-heading\">Pora na koncerty \u2013 \u201eArgento Tour 2025\u201d<\/h2>\n\n\n\n<p>P\u0142yta to jedno, ale um\u00f3wmy si\u0119,&nbsp;<strong>klimat i muzyka<\/strong>&nbsp;Closterkeller&nbsp;<strong>najwi\u0119cej zyskuj\u0105 na \u017cywo<\/strong>. Dlatego zaraz po premierze&nbsp;<strong>zesp\u00f3\u0142 Closterkeller wyrusza w tras\u0119 koncertow\u0105<\/strong>&nbsp;promuj\u0105c\u0105 sw\u00f3j jedenasty album .&nbsp;<strong>Trasa koncertowa<\/strong>&nbsp;pod szyldem \u201eArgento Tour 2025\u201d to du\u017ce wydarzenie,&nbsp;<strong>obejmuj\u0105cej 24 koncerty w najwi\u0119kszych<\/strong>&nbsp;miastach Polski. Trasa rozpocznie si\u0119 17 pa\u017adziernika w Toruniu , a muzycy odwiedz\u0105 te\u017c Warszaw\u0119, Krak\u00f3w, Pozna\u0144 oraz mniejsze miasta, jak Kamienna G\u00f3ra czy Kutno, nie zapominaj\u0105c o fanach z ca\u0142ej Polski.<a href=\"https:\/\/fleszevents.pl\/articles\/closterkeller-trasa-promujaca-album-argento-daty\" target=\"_blank\" rel=\"noreferrer noopener\"><\/a><\/p>\n\n\n\n<p>Setlista koncert\u00f3w ma by\u0107 mieszank\u0105 nowo\u015bci i nie\u015bmiertelnych klasyk\u00f3w. Oznacza to, \u017ce us\u0142yszycie nowe utwory&nbsp;<strong>ca\u0142ej tak\u017ce w wykonaniu na \u017cywo podczas trasy<\/strong>, ale z pewno\u015bci\u0105 nie zabraknie te\u017c hymn\u00f3w, kt\u00f3rych fani oczekuj\u0105 na ka\u017cdym wyst\u0119pie. Mo\u017cna wi\u0119c liczy\u0107 na powr\u00f3t do brzmie\u0144 z kultowych album\u00f3w, takich jak \u201eCyan\u201d, \u201eGraphite\u201d czy \u201ePurple\u201d. Zapowiada si\u0119&nbsp;<strong>pe\u0142na energia<\/strong>, a na widowni&nbsp;<strong>wspania\u0142a zabawa i wielkie emocje<\/strong>.<a href=\"https:\/\/biletyna.pl\/koncert\/Argento-Tour-2025\" target=\"_blank\" rel=\"noreferrer noopener\"><\/a><\/p>\n\n\n\n<h2 class=\"wp-block-heading\">Dlaczego warto by\u0107 na koncercie?<\/h2>\n\n\n\n<p>Formacja s\u0142ynie z grania w klubach,&nbsp;<strong>wi\u0119c kontakt z publiczno\u015bci\u0105 jest bardziej bezpo\u015bredni<\/strong>. To szansa, by zobaczy\u0107 muzyk\u00f3w z bliska. Recenzje fan\u00f3w z poprzednich&nbsp;<strong>tras<\/strong>&nbsp;cz\u0119sto podkre\u015blaj\u0105 \u015bwietn\u0105 form\u0119 wokaln\u0105 Anji Orthodox i zaanga\u017cowanie ca\u0142ego zespo\u0142u na&nbsp;<strong>scenie<\/strong>. Po wielu wyst\u0119pach jest te\u017c szansa na kr\u00f3tkie spotkanie z zespo\u0142em, co dla wielu fan\u00f3w jest dodatkow\u0105 atrakcj\u0105.<a href=\"https:\/\/elckie.pl\/wydarzenie\/koncert-closterkeller-w-elku-argento-tour-2025\" target=\"_blank\" rel=\"noreferrer noopener\"><\/a><\/p>\n\n\n\n<h2 class=\"wp-block-heading\">Wroc\u0142aw na szlaku \u2013 widzimy si\u0119 w Starym Klasztorze<\/h2>\n\n\n\n<p>Na koncertowej mapie&nbsp;<strong>trasy<\/strong>&nbsp;nie mog\u0142o zabrakn\u0105\u0107 Wroc\u0142awia.&nbsp;<strong>Zesp\u00f3\u0142<\/strong>&nbsp;regularnie gra w tym&nbsp;<strong>mie\u015bcie<\/strong>&nbsp;i ma tu rzesz\u0119 wiernych fan\u00f3w. Tym razem&nbsp;<strong>Closterkeller spotyka<\/strong>&nbsp;si\u0119 z wroc\u0142awsk\u0105 publiczno\u015bci\u0105 26 pa\u017adziernika w klubie&nbsp;<strong>Stary Klasztor<\/strong>. Je\u015bli my\u015blicie o wybraniu si\u0119 na ten koncert, radzimy nie czeka\u0107 na ostatni\u0105 chwil\u0119.&nbsp;<strong>Bilety<\/strong>&nbsp;s\u0105 ju\u017c w sprzeda\u017cy, a historia pokazuje, \u017ce lubi\u0105 znika\u0107 bardzo szybko. Szykuje si\u0119 wiecz\u00f3r pe\u0142en mocnego, rockowego grania.<a href=\"https:\/\/www.ebilet.pl\/muzyka\/hard-heavy\/closterkeller\" target=\"_blank\" rel=\"noreferrer noopener\"><\/a><\/p>\n\n\n\n<p class=\"has-text-align-center\">Zobacz <a href=\"https:\/\/www.carton.pl\/zespol\/closterkeller?gad_source=1&amp;gad_campaignid=21902490129&amp;gclid=Cj0KCQjww4TGBhCKARIsAFLXndQpLqW3LlA6krZOR_NaYEY51c7kmP1ELPW_QOTdKJEsmm6CzMueClcaAl8WEALw_wcB\">sklep CLOSTERKELLER<\/a>!<\/p>\n\n\n\n<figure class=\"wp-block-gallery has-nested-images columns-5 is-cropped wp-block-gallery-1 is-layout-flex wp-block-gallery-is-layout-flex\">\n<figure class=\"wp-block-image size-large\"><img loading=\"lazy\" decoding=\"async\" width=\"360\" height=\"539\" data-id=\"1954\" src=\"https:\/\/www.carton.pl\/blog\/wp-content\/uploads\/2025\/09\/image.png\" alt=\"image\" class=\"wp-image-1954\" srcset=\"https:\/\/www.carton.pl\/blog\/wp-content\/uploads\/2025\/09\/image.png 360w, https:\/\/www.carton.pl\/blog\/wp-content\/uploads\/2025\/09\/image-200x300.png 200w\" sizes=\"auto, (max-width: 360px) 100vw, 360px\" \/><\/figure>\n\n\n\n<figure class=\"wp-block-image size-large\"><img loading=\"lazy\" decoding=\"async\" width=\"360\" height=\"539\" data-id=\"1957\" src=\"https:\/\/www.carton.pl\/blog\/wp-content\/uploads\/2025\/09\/image-3.png\" alt=\"image\" class=\"wp-image-1957\" srcset=\"https:\/\/www.carton.pl\/blog\/wp-content\/uploads\/2025\/09\/image-3.png 360w, https:\/\/www.carton.pl\/blog\/wp-content\/uploads\/2025\/09\/image-3-200x300.png 200w\" sizes=\"auto, (max-width: 360px) 100vw, 360px\" \/><\/figure>\n\n\n\n<figure class=\"wp-block-image size-large\"><img loading=\"lazy\" decoding=\"async\" width=\"360\" height=\"539\" data-id=\"1956\" src=\"https:\/\/www.carton.pl\/blog\/wp-content\/uploads\/2025\/09\/image-2.png\" alt=\"image\" class=\"wp-image-1956\" srcset=\"https:\/\/www.carton.pl\/blog\/wp-content\/uploads\/2025\/09\/image-2.png 360w, https:\/\/www.carton.pl\/blog\/wp-content\/uploads\/2025\/09\/image-2-200x300.png 200w\" sizes=\"auto, (max-width: 360px) 100vw, 360px\" \/><\/figure>\n\n\n\n<figure class=\"wp-block-image size-large\"><img loading=\"lazy\" decoding=\"async\" width=\"360\" height=\"539\" data-id=\"1958\" src=\"https:\/\/www.carton.pl\/blog\/wp-content\/uploads\/2025\/09\/image-4.png\" alt=\"image\" class=\"wp-image-1958\" srcset=\"https:\/\/www.carton.pl\/blog\/wp-content\/uploads\/2025\/09\/image-4.png 360w, https:\/\/www.carton.pl\/blog\/wp-content\/uploads\/2025\/09\/image-4-200x300.png 200w\" sizes=\"auto, (max-width: 360px) 100vw, 360px\" \/><\/figure>\n\n\n\n<figure class=\"wp-block-image size-large\"><img loading=\"lazy\" decoding=\"async\" width=\"360\" height=\"539\" data-id=\"1959\" src=\"https:\/\/www.carton.pl\/blog\/wp-content\/uploads\/2025\/09\/image-5.png\" alt=\"image\" class=\"wp-image-1959\" srcset=\"https:\/\/www.carton.pl\/blog\/wp-content\/uploads\/2025\/09\/image-5.png 360w, https:\/\/www.carton.pl\/blog\/wp-content\/uploads\/2025\/09\/image-5-200x300.png 200w\" sizes=\"auto, (max-width: 360px) 100vw, 360px\" \/><\/figure>\n<\/figure>\n\n\n\n<p>Czytaj r\u00f3wnie\u017c:<\/p>\n\n\n\n<p><a href=\"https:\/\/www.carton.pl\/blog\/big-cyc-swietuje-35-lecie-plyty-z-partyjnym-pozdrowieniem-dwie-trasy-i-winylowa-reedycja\/\">Big Cyc \u015bwi\u0119tuje 35-lecie p\u0142yty \u201eZ partyjnym pozdrowieniem!\u201d. Dwie trasy i winylowa reedycja!<\/a><\/p>\n\n\n\n<p><a href=\"https:\/\/www.carton.pl\/blog\/45-lat-na-scenie-ksu-oglasza-wielka-jesienna-trase-po-polsce\/\">45 lat na scenie. KSU og\u0142asza wielk\u0105, jesienn\u0105 tras\u0119 po Polsce<\/a><\/p>\n\n\n\n<p><a href=\"https:\/\/www.carton.pl\/blog\/swiat-nie-jest-gotowy-na-polske-zespol-leniwiec-szykuje-nowy-album\/\">\u201e\u015awiat nie jest gotowy na Polsk\u0119\u201d? Zesp\u00f3\u0142 Leniwiec szykuje nowy album!<\/a><\/p>\n\n\n\n<p><\/p>\n","protected":false},"excerpt":{"rendered":"<p>Jesie\u0144 to tradycyjnie czas, kiedy fani Closterkeller maj\u0105 powody do rado\u015bci.&nbsp;Zesp\u00f3\u0142&nbsp;ko\u0144czy prace nad swoim jedenastym studyjnym dzie\u0142em.&nbsp;Nowa p\u0142yta, zatytu\u0142owana \u201eArgento\u201d, jest ju\u017c na finiszu, a jej&nbsp;premiera przewidziana jest na 13 pa\u017adziernika&nbsp;2025 roku.&nbsp;Razem wraz z premier\u0105 b\u0119dziecie mogli pos\u0142ucha\u0107 jej ca\u0142ej, a zaraz po tym&nbsp;grupa&nbsp;rusza w Polsk\u0119. \u201eArgento\u201d \u2013 co zagraj\u0105 tym razem? Szczeg\u00f3\u0142y dotycz\u0105ce\u00a0albumu\u00a0\u201eArgento\u201d s\u0105 na razie owiane tajemnic\u0105. Tracklista nie zosta\u0142a jeszcze ujawniona, ale sam fakt tak d\u0142ugiej przerwy wydawniczej budzi du\u017ce nadzieje. Fani, kt\u00f3rzy w mediach spo\u0142eczno\u015bciowych \u015bledzili\u00a0d\u0142ugi proces powstawania materia\u0142u, licz\u0105 na dopracowane kompozycje. Prace nad p\u0142yt\u0105 nadzorowa\u0142 ceniony producent Adam Toczko, kt\u00f3ry wsp\u00f3\u0142pracowa\u0142 z zespo\u0142em ju\u017c przy albumie \u201eViridian\u201d. Co ciekawe, w projekcie go\u015bcinnie we\u017amie udzia\u0142 Mariusz Kumala, by\u0142y gitarzysta formacji. By\u0107 mo\u017ce oznacza to nawi\u0105zania do ich dawnego brzmienia\/ Jedno jest pewne: mo\u017cemy spodziewa\u0107 si\u0119 charakterystycznego dla Anji Orthodox stylu.\u00a0To przede wszystkim poetyckie teksty wokalistki od lat wyr\u00f3\u017cniaj\u0105 ten zesp\u00f3\u0142. Closterkeller \u2013 ikona polskiego gotyku Warto pami\u0119ta\u0107, \u017ce Closterkeller to prawdziwa legenda. Grupa powsta\u0142a w Warszawie ju\u017c w 1988 roku, a Anja Orthodox od pocz\u0105tku prowadzi\u0142a j\u0105 w stron\u0119 gotyckiego rocka, przecieraj\u0105c szlaki w Polsce. Przez ponad trzydzie\u015bci lat grania formacja zdoby\u0142a ogromn\u0105 grup\u0119 wiernych s\u0142uchaczy, dlatego premiera ich nowej p\u0142yty jest wa\u017cnym wydarzeniem dla ca\u0142ej polskiej sceny rockowej. Pora na koncerty \u2013 \u201eArgento Tour 2025\u201d P\u0142yta to jedno, ale um\u00f3wmy si\u0119,&nbsp;klimat i muzyka&nbsp;Closterkeller&nbsp;najwi\u0119cej zyskuj\u0105 na \u017cywo. Dlatego zaraz po premierze&nbsp;zesp\u00f3\u0142 Closterkeller wyrusza w tras\u0119 koncertow\u0105&nbsp;promuj\u0105c\u0105 sw\u00f3j jedenasty album .&nbsp;Trasa koncertowa&nbsp;pod szyldem \u201eArgento Tour 2025\u201d to du\u017ce wydarzenie,&nbsp;obejmuj\u0105cej 24 koncerty w najwi\u0119kszych&nbsp;miastach Polski. Trasa rozpocznie si\u0119 17 pa\u017adziernika w Toruniu , a muzycy odwiedz\u0105 te\u017c Warszaw\u0119, Krak\u00f3w, Pozna\u0144 oraz mniejsze miasta, jak Kamienna G\u00f3ra czy Kutno, nie zapominaj\u0105c o fanach z ca\u0142ej Polski. Setlista koncert\u00f3w ma by\u0107 mieszank\u0105 nowo\u015bci i nie\u015bmiertelnych klasyk\u00f3w. Oznacza to, \u017ce us\u0142yszycie nowe utwory&nbsp;ca\u0142ej tak\u017ce w wykonaniu na \u017cywo podczas trasy, ale z pewno\u015bci\u0105 nie zabraknie te\u017c hymn\u00f3w, kt\u00f3rych fani oczekuj\u0105 na ka\u017cdym wyst\u0119pie. Mo\u017cna wi\u0119c liczy\u0107 na powr\u00f3t do brzmie\u0144 z kultowych album\u00f3w, takich jak \u201eCyan\u201d, \u201eGraphite\u201d czy \u201ePurple\u201d. Zapowiada si\u0119&nbsp;pe\u0142na energia, a na widowni&nbsp;wspania\u0142a zabawa i wielkie emocje. Dlaczego warto by\u0107 na koncercie? Formacja s\u0142ynie z grania w klubach,&nbsp;wi\u0119c kontakt z publiczno\u015bci\u0105 jest bardziej bezpo\u015bredni. To szansa, by zobaczy\u0107 muzyk\u00f3w z bliska. Recenzje fan\u00f3w z poprzednich&nbsp;tras&nbsp;cz\u0119sto podkre\u015blaj\u0105 \u015bwietn\u0105 form\u0119 wokaln\u0105 Anji Orthodox i zaanga\u017cowanie ca\u0142ego zespo\u0142u na&nbsp;scenie. Po wielu wyst\u0119pach jest te\u017c szansa na kr\u00f3tkie spotkanie z zespo\u0142em, co dla wielu fan\u00f3w jest dodatkow\u0105 atrakcj\u0105. Wroc\u0142aw na szlaku \u2013 widzimy si\u0119 w Starym Klasztorze Na koncertowej mapie&nbsp;trasy&nbsp;nie mog\u0142o zabrakn\u0105\u0107 Wroc\u0142awia.&nbsp;Zesp\u00f3\u0142&nbsp;regularnie gra w tym&nbsp;mie\u015bcie&nbsp;i ma tu rzesz\u0119 wiernych fan\u00f3w. Tym razem&nbsp;Closterkeller spotyka&nbsp;si\u0119 z wroc\u0142awsk\u0105 publiczno\u015bci\u0105 26 pa\u017adziernika w klubie&nbsp;Stary Klasztor. Je\u015bli my\u015blicie o wybraniu si\u0119 na ten koncert, radzimy nie czeka\u0107 na ostatni\u0105 chwil\u0119.&nbsp;Bilety&nbsp;s\u0105 ju\u017c w sprzeda\u017cy, a historia pokazuje, \u017ce lubi\u0105 znika\u0107 bardzo szybko. Szykuje si\u0119 wiecz\u00f3r pe\u0142en mocnego, rockowego grania. Zobacz sklep CLOSTERKELLER! Czytaj r\u00f3wnie\u017c: Big Cyc \u015bwi\u0119tuje 35-lecie p\u0142yty \u201eZ partyjnym pozdrowieniem!\u201d. Dwie trasy i winylowa reedycja! 45 lat na scenie. KSU og\u0142asza wielk\u0105, jesienn\u0105 tras\u0119 po Polsce \u201e\u015awiat nie jest gotowy na Polsk\u0119\u201d? Zesp\u00f3\u0142 Leniwiec szykuje nowy album!<\/p>\n","protected":false},"author":2,"featured_media":1960,"comment_status":"closed","ping_status":"open","sticky":false,"template":"","format":"standard","meta":{"footnotes":""},"categories":[2],"tags":[],"class_list":["post-1952","post","type-post","status-publish","format-standard","has-post-thumbnail","hentry","category-zespoly"],"yoast_head":"<!-- This site is optimized with the Yoast SEO plugin v26.9 - https:\/\/yoast.com\/product\/yoast-seo-wordpress\/ -->\n<title>Nadchodzi nowy album Closterkeller. Co wiemy o premierze i trasie koncertowej Argento Tour?<\/title>\n<meta name=\"description\" content=\"Zesp\u00f3\u0142 Closterkeller wyrusza w tras\u0119 koncertow\u0105! Sprawd\u017a, co ju\u017c wiemy o premierze i Argento Tour 2025. Szczeg\u00f3\u0142y wkr\u00f3tce!\" \/>\n<meta name=\"robots\" content=\"index, follow, max-snippet:-1, max-image-preview:large, max-video-preview:-1\" \/>\n<link rel=\"canonical\" href=\"https:\/\/www.carton.pl\/blog\/nadchodzi-nowy-album-closterkeller-co-wiemy-o-premierze-i-trasie-koncertowej-argento-tour\/\" \/>\n<meta property=\"og:locale\" content=\"pl_PL\" \/>\n<meta property=\"og:type\" content=\"article\" \/>\n<meta property=\"og:title\" content=\"Nadchodzi nowy album Closterkeller. Co wiemy o premierze i trasie koncertowej Argento Tour?\" \/>\n<meta property=\"og:description\" content=\"Zesp\u00f3\u0142 Closterkeller wyrusza w tras\u0119 koncertow\u0105! Sprawd\u017a, co ju\u017c wiemy o premierze i Argento Tour 2025. Szczeg\u00f3\u0142y wkr\u00f3tce!\" \/>\n<meta property=\"og:url\" content=\"https:\/\/www.carton.pl\/blog\/nadchodzi-nowy-album-closterkeller-co-wiemy-o-premierze-i-trasie-koncertowej-argento-tour\/\" \/>\n<meta property=\"og:site_name\" content=\"BLOG carton.pl\" \/>\n<meta property=\"article:published_time\" content=\"2025-08-14T22:31:53+00:00\" \/>\n<meta property=\"article:modified_time\" content=\"2025-09-10T22:48:59+00:00\" \/>\n<meta property=\"og:image\" content=\"https:\/\/www.carton.pl\/blog\/wp-content\/uploads\/2025\/09\/CLOSTERKELLER-ARGENTO-2.jpg\" \/>\n\t<meta property=\"og:image:width\" content=\"900\" \/>\n\t<meta property=\"og:image:height\" content=\"600\" \/>\n\t<meta property=\"og:image:type\" content=\"image\/jpeg\" \/>\n<meta name=\"author\" content=\"Tomek\" \/>\n<meta name=\"twitter:card\" content=\"summary_large_image\" \/>\n<meta name=\"twitter:label1\" content=\"Napisane przez\" \/>\n\t<meta name=\"twitter:data1\" content=\"Tomek\" \/>\n\t<meta name=\"twitter:label2\" content=\"Szacowany czas czytania\" \/>\n\t<meta name=\"twitter:data2\" content=\"5 minut\" \/>\n<script type=\"application\/ld+json\" class=\"yoast-schema-graph\">{\"@context\":\"https:\/\/schema.org\",\"@graph\":[{\"@type\":\"Article\",\"@id\":\"https:\/\/www.carton.pl\/blog\/nadchodzi-nowy-album-closterkeller-co-wiemy-o-premierze-i-trasie-koncertowej-argento-tour\/#article\",\"isPartOf\":{\"@id\":\"https:\/\/www.carton.pl\/blog\/nadchodzi-nowy-album-closterkeller-co-wiemy-o-premierze-i-trasie-koncertowej-argento-tour\/\"},\"author\":{\"name\":\"Tomek\",\"@id\":\"https:\/\/www.carton.pl\/blog\/#\/schema\/person\/de344cca6ded145c31c54b7017bb2d1d\"},\"headline\":\"Nadchodzi nowy album Closterkeller. Co wiemy o premierze i trasie koncertowej Argento Tour?\",\"datePublished\":\"2025-08-14T22:31:53+00:00\",\"dateModified\":\"2025-09-10T22:48:59+00:00\",\"mainEntityOfPage\":{\"@id\":\"https:\/\/www.carton.pl\/blog\/nadchodzi-nowy-album-closterkeller-co-wiemy-o-premierze-i-trasie-koncertowej-argento-tour\/\"},\"wordCount\":678,\"publisher\":{\"@id\":\"https:\/\/www.carton.pl\/blog\/#organization\"},\"image\":{\"@id\":\"https:\/\/www.carton.pl\/blog\/nadchodzi-nowy-album-closterkeller-co-wiemy-o-premierze-i-trasie-koncertowej-argento-tour\/#primaryimage\"},\"thumbnailUrl\":\"https:\/\/www.carton.pl\/blog\/wp-content\/uploads\/2025\/09\/CLOSTERKELLER-ARGENTO-2.jpg\",\"articleSection\":[\"Zespo\u0142y\"],\"inLanguage\":\"pl-PL\"},{\"@type\":\"WebPage\",\"@id\":\"https:\/\/www.carton.pl\/blog\/nadchodzi-nowy-album-closterkeller-co-wiemy-o-premierze-i-trasie-koncertowej-argento-tour\/\",\"url\":\"https:\/\/www.carton.pl\/blog\/nadchodzi-nowy-album-closterkeller-co-wiemy-o-premierze-i-trasie-koncertowej-argento-tour\/\",\"name\":\"Nadchodzi nowy album Closterkeller. Co wiemy o premierze i trasie koncertowej Argento Tour?\",\"isPartOf\":{\"@id\":\"https:\/\/www.carton.pl\/blog\/#website\"},\"primaryImageOfPage\":{\"@id\":\"https:\/\/www.carton.pl\/blog\/nadchodzi-nowy-album-closterkeller-co-wiemy-o-premierze-i-trasie-koncertowej-argento-tour\/#primaryimage\"},\"image\":{\"@id\":\"https:\/\/www.carton.pl\/blog\/nadchodzi-nowy-album-closterkeller-co-wiemy-o-premierze-i-trasie-koncertowej-argento-tour\/#primaryimage\"},\"thumbnailUrl\":\"https:\/\/www.carton.pl\/blog\/wp-content\/uploads\/2025\/09\/CLOSTERKELLER-ARGENTO-2.jpg\",\"datePublished\":\"2025-08-14T22:31:53+00:00\",\"dateModified\":\"2025-09-10T22:48:59+00:00\",\"description\":\"Zesp\u00f3\u0142 Closterkeller wyrusza w tras\u0119 koncertow\u0105! Sprawd\u017a, co ju\u017c wiemy o premierze i Argento Tour 2025. Szczeg\u00f3\u0142y wkr\u00f3tce!\",\"breadcrumb\":{\"@id\":\"https:\/\/www.carton.pl\/blog\/nadchodzi-nowy-album-closterkeller-co-wiemy-o-premierze-i-trasie-koncertowej-argento-tour\/#breadcrumb\"},\"inLanguage\":\"pl-PL\",\"potentialAction\":[{\"@type\":\"ReadAction\",\"target\":[\"https:\/\/www.carton.pl\/blog\/nadchodzi-nowy-album-closterkeller-co-wiemy-o-premierze-i-trasie-koncertowej-argento-tour\/\"]}]},{\"@type\":\"ImageObject\",\"inLanguage\":\"pl-PL\",\"@id\":\"https:\/\/www.carton.pl\/blog\/nadchodzi-nowy-album-closterkeller-co-wiemy-o-premierze-i-trasie-koncertowej-argento-tour\/#primaryimage\",\"url\":\"https:\/\/www.carton.pl\/blog\/wp-content\/uploads\/2025\/09\/CLOSTERKELLER-ARGENTO-2.jpg\",\"contentUrl\":\"https:\/\/www.carton.pl\/blog\/wp-content\/uploads\/2025\/09\/CLOSTERKELLER-ARGENTO-2.jpg\",\"width\":900,\"height\":600,\"caption\":\"CLOSTERKELLER ARGENTO (2)\"},{\"@type\":\"BreadcrumbList\",\"@id\":\"https:\/\/www.carton.pl\/blog\/nadchodzi-nowy-album-closterkeller-co-wiemy-o-premierze-i-trasie-koncertowej-argento-tour\/#breadcrumb\",\"itemListElement\":[{\"@type\":\"ListItem\",\"position\":1,\"name\":\"Strona g\u0142\u00f3wna\",\"item\":\"https:\/\/www.carton.pl\/blog\/\"},{\"@type\":\"ListItem\",\"position\":2,\"name\":\"Nadchodzi nowy album Closterkeller. Co wiemy o premierze i trasie koncertowej Argento Tour?\"}]},{\"@type\":\"WebSite\",\"@id\":\"https:\/\/www.carton.pl\/blog\/#website\",\"url\":\"https:\/\/www.carton.pl\/blog\/\",\"name\":\"BLOG carton.pl\",\"description\":\"Zespo\u0142y, ciuchy, muzyka - o tym piszemy\",\"publisher\":{\"@id\":\"https:\/\/www.carton.pl\/blog\/#organization\"},\"potentialAction\":[{\"@type\":\"SearchAction\",\"target\":{\"@type\":\"EntryPoint\",\"urlTemplate\":\"https:\/\/www.carton.pl\/blog\/?s={search_term_string}\"},\"query-input\":{\"@type\":\"PropertyValueSpecification\",\"valueRequired\":true,\"valueName\":\"search_term_string\"}}],\"inLanguage\":\"pl-PL\"},{\"@type\":\"Organization\",\"@id\":\"https:\/\/www.carton.pl\/blog\/#organization\",\"name\":\"CARTON Tomasz Kowalski\",\"url\":\"https:\/\/www.carton.pl\/blog\/\",\"logo\":{\"@type\":\"ImageObject\",\"inLanguage\":\"pl-PL\",\"@id\":\"https:\/\/www.carton.pl\/blog\/#\/schema\/logo\/image\/\",\"url\":\"https:\/\/carton.pl\/blog\/wp-content\/uploads\/2021\/12\/carton_merch_logo.png\",\"contentUrl\":\"https:\/\/carton.pl\/blog\/wp-content\/uploads\/2021\/12\/carton_merch_logo.png\",\"width\":205,\"height\":56,\"caption\":\"CARTON Tomasz Kowalski\"},\"image\":{\"@id\":\"https:\/\/www.carton.pl\/blog\/#\/schema\/logo\/image\/\"}},{\"@type\":\"Person\",\"@id\":\"https:\/\/www.carton.pl\/blog\/#\/schema\/person\/de344cca6ded145c31c54b7017bb2d1d\",\"name\":\"Tomek\",\"image\":{\"@type\":\"ImageObject\",\"inLanguage\":\"pl-PL\",\"@id\":\"https:\/\/www.carton.pl\/blog\/#\/schema\/person\/image\/\",\"url\":\"https:\/\/secure.gravatar.com\/avatar\/c2a11a2e6f85d610387f5fc3605cf6b2b1af61f0ffb9fa4669a13a3e4c0e1281?s=96&d=mm&r=g\",\"contentUrl\":\"https:\/\/secure.gravatar.com\/avatar\/c2a11a2e6f85d610387f5fc3605cf6b2b1af61f0ffb9fa4669a13a3e4c0e1281?s=96&d=mm&r=g\",\"caption\":\"Tomek\"},\"url\":\"https:\/\/www.carton.pl\/blog\/author\/carton\/\"}]}<\/script>\n<!-- \/ Yoast SEO plugin. -->","yoast_head_json":{"title":"Nadchodzi nowy album Closterkeller. Co wiemy o premierze i trasie koncertowej Argento Tour?","description":"Zesp\u00f3\u0142 Closterkeller wyrusza w tras\u0119 koncertow\u0105! Sprawd\u017a, co ju\u017c wiemy o premierze i Argento Tour 2025. Szczeg\u00f3\u0142y wkr\u00f3tce!","robots":{"index":"index","follow":"follow","max-snippet":"max-snippet:-1","max-image-preview":"max-image-preview:large","max-video-preview":"max-video-preview:-1"},"canonical":"https:\/\/www.carton.pl\/blog\/nadchodzi-nowy-album-closterkeller-co-wiemy-o-premierze-i-trasie-koncertowej-argento-tour\/","og_locale":"pl_PL","og_type":"article","og_title":"Nadchodzi nowy album Closterkeller. Co wiemy o premierze i trasie koncertowej Argento Tour?","og_description":"Zesp\u00f3\u0142 Closterkeller wyrusza w tras\u0119 koncertow\u0105! Sprawd\u017a, co ju\u017c wiemy o premierze i Argento Tour 2025. Szczeg\u00f3\u0142y wkr\u00f3tce!","og_url":"https:\/\/www.carton.pl\/blog\/nadchodzi-nowy-album-closterkeller-co-wiemy-o-premierze-i-trasie-koncertowej-argento-tour\/","og_site_name":"BLOG carton.pl","article_published_time":"2025-08-14T22:31:53+00:00","article_modified_time":"2025-09-10T22:48:59+00:00","og_image":[{"width":900,"height":600,"url":"https:\/\/www.carton.pl\/blog\/wp-content\/uploads\/2025\/09\/CLOSTERKELLER-ARGENTO-2.jpg","type":"image\/jpeg"}],"author":"Tomek","twitter_card":"summary_large_image","twitter_misc":{"Napisane przez":"Tomek","Szacowany czas czytania":"5 minut"},"schema":{"@context":"https:\/\/schema.org","@graph":[{"@type":"Article","@id":"https:\/\/www.carton.pl\/blog\/nadchodzi-nowy-album-closterkeller-co-wiemy-o-premierze-i-trasie-koncertowej-argento-tour\/#article","isPartOf":{"@id":"https:\/\/www.carton.pl\/blog\/nadchodzi-nowy-album-closterkeller-co-wiemy-o-premierze-i-trasie-koncertowej-argento-tour\/"},"author":{"name":"Tomek","@id":"https:\/\/www.carton.pl\/blog\/#\/schema\/person\/de344cca6ded145c31c54b7017bb2d1d"},"headline":"Nadchodzi nowy album Closterkeller. Co wiemy o premierze i trasie koncertowej Argento Tour?","datePublished":"2025-08-14T22:31:53+00:00","dateModified":"2025-09-10T22:48:59+00:00","mainEntityOfPage":{"@id":"https:\/\/www.carton.pl\/blog\/nadchodzi-nowy-album-closterkeller-co-wiemy-o-premierze-i-trasie-koncertowej-argento-tour\/"},"wordCount":678,"publisher":{"@id":"https:\/\/www.carton.pl\/blog\/#organization"},"image":{"@id":"https:\/\/www.carton.pl\/blog\/nadchodzi-nowy-album-closterkeller-co-wiemy-o-premierze-i-trasie-koncertowej-argento-tour\/#primaryimage"},"thumbnailUrl":"https:\/\/www.carton.pl\/blog\/wp-content\/uploads\/2025\/09\/CLOSTERKELLER-ARGENTO-2.jpg","articleSection":["Zespo\u0142y"],"inLanguage":"pl-PL"},{"@type":"WebPage","@id":"https:\/\/www.carton.pl\/blog\/nadchodzi-nowy-album-closterkeller-co-wiemy-o-premierze-i-trasie-koncertowej-argento-tour\/","url":"https:\/\/www.carton.pl\/blog\/nadchodzi-nowy-album-closterkeller-co-wiemy-o-premierze-i-trasie-koncertowej-argento-tour\/","name":"Nadchodzi nowy album Closterkeller. Co wiemy o premierze i trasie koncertowej Argento Tour?","isPartOf":{"@id":"https:\/\/www.carton.pl\/blog\/#website"},"primaryImageOfPage":{"@id":"https:\/\/www.carton.pl\/blog\/nadchodzi-nowy-album-closterkeller-co-wiemy-o-premierze-i-trasie-koncertowej-argento-tour\/#primaryimage"},"image":{"@id":"https:\/\/www.carton.pl\/blog\/nadchodzi-nowy-album-closterkeller-co-wiemy-o-premierze-i-trasie-koncertowej-argento-tour\/#primaryimage"},"thumbnailUrl":"https:\/\/www.carton.pl\/blog\/wp-content\/uploads\/2025\/09\/CLOSTERKELLER-ARGENTO-2.jpg","datePublished":"2025-08-14T22:31:53+00:00","dateModified":"2025-09-10T22:48:59+00:00","description":"Zesp\u00f3\u0142 Closterkeller wyrusza w tras\u0119 koncertow\u0105! Sprawd\u017a, co ju\u017c wiemy o premierze i Argento Tour 2025. Szczeg\u00f3\u0142y wkr\u00f3tce!","breadcrumb":{"@id":"https:\/\/www.carton.pl\/blog\/nadchodzi-nowy-album-closterkeller-co-wiemy-o-premierze-i-trasie-koncertowej-argento-tour\/#breadcrumb"},"inLanguage":"pl-PL","potentialAction":[{"@type":"ReadAction","target":["https:\/\/www.carton.pl\/blog\/nadchodzi-nowy-album-closterkeller-co-wiemy-o-premierze-i-trasie-koncertowej-argento-tour\/"]}]},{"@type":"ImageObject","inLanguage":"pl-PL","@id":"https:\/\/www.carton.pl\/blog\/nadchodzi-nowy-album-closterkeller-co-wiemy-o-premierze-i-trasie-koncertowej-argento-tour\/#primaryimage","url":"https:\/\/www.carton.pl\/blog\/wp-content\/uploads\/2025\/09\/CLOSTERKELLER-ARGENTO-2.jpg","contentUrl":"https:\/\/www.carton.pl\/blog\/wp-content\/uploads\/2025\/09\/CLOSTERKELLER-ARGENTO-2.jpg","width":900,"height":600,"caption":"CLOSTERKELLER ARGENTO (2)"},{"@type":"BreadcrumbList","@id":"https:\/\/www.carton.pl\/blog\/nadchodzi-nowy-album-closterkeller-co-wiemy-o-premierze-i-trasie-koncertowej-argento-tour\/#breadcrumb","itemListElement":[{"@type":"ListItem","position":1,"name":"Strona g\u0142\u00f3wna","item":"https:\/\/www.carton.pl\/blog\/"},{"@type":"ListItem","position":2,"name":"Nadchodzi nowy album Closterkeller. Co wiemy o premierze i trasie koncertowej Argento Tour?"}]},{"@type":"WebSite","@id":"https:\/\/www.carton.pl\/blog\/#website","url":"https:\/\/www.carton.pl\/blog\/","name":"BLOG carton.pl","description":"Zespo\u0142y, ciuchy, muzyka - o tym piszemy","publisher":{"@id":"https:\/\/www.carton.pl\/blog\/#organization"},"potentialAction":[{"@type":"SearchAction","target":{"@type":"EntryPoint","urlTemplate":"https:\/\/www.carton.pl\/blog\/?s={search_term_string}"},"query-input":{"@type":"PropertyValueSpecification","valueRequired":true,"valueName":"search_term_string"}}],"inLanguage":"pl-PL"},{"@type":"Organization","@id":"https:\/\/www.carton.pl\/blog\/#organization","name":"CARTON Tomasz Kowalski","url":"https:\/\/www.carton.pl\/blog\/","logo":{"@type":"ImageObject","inLanguage":"pl-PL","@id":"https:\/\/www.carton.pl\/blog\/#\/schema\/logo\/image\/","url":"https:\/\/carton.pl\/blog\/wp-content\/uploads\/2021\/12\/carton_merch_logo.png","contentUrl":"https:\/\/carton.pl\/blog\/wp-content\/uploads\/2021\/12\/carton_merch_logo.png","width":205,"height":56,"caption":"CARTON Tomasz Kowalski"},"image":{"@id":"https:\/\/www.carton.pl\/blog\/#\/schema\/logo\/image\/"}},{"@type":"Person","@id":"https:\/\/www.carton.pl\/blog\/#\/schema\/person\/de344cca6ded145c31c54b7017bb2d1d","name":"Tomek","image":{"@type":"ImageObject","inLanguage":"pl-PL","@id":"https:\/\/www.carton.pl\/blog\/#\/schema\/person\/image\/","url":"https:\/\/secure.gravatar.com\/avatar\/c2a11a2e6f85d610387f5fc3605cf6b2b1af61f0ffb9fa4669a13a3e4c0e1281?s=96&d=mm&r=g","contentUrl":"https:\/\/secure.gravatar.com\/avatar\/c2a11a2e6f85d610387f5fc3605cf6b2b1af61f0ffb9fa4669a13a3e4c0e1281?s=96&d=mm&r=g","caption":"Tomek"},"url":"https:\/\/www.carton.pl\/blog\/author\/carton\/"}]}},"_links":{"self":[{"href":"https:\/\/www.carton.pl\/blog\/wp-json\/wp\/v2\/posts\/1952","targetHints":{"allow":["GET"]}}],"collection":[{"href":"https:\/\/www.carton.pl\/blog\/wp-json\/wp\/v2\/posts"}],"about":[{"href":"https:\/\/www.carton.pl\/blog\/wp-json\/wp\/v2\/types\/post"}],"author":[{"embeddable":true,"href":"https:\/\/www.carton.pl\/blog\/wp-json\/wp\/v2\/users\/2"}],"replies":[{"embeddable":true,"href":"https:\/\/www.carton.pl\/blog\/wp-json\/wp\/v2\/comments?post=1952"}],"version-history":[{"count":1,"href":"https:\/\/www.carton.pl\/blog\/wp-json\/wp\/v2\/posts\/1952\/revisions"}],"predecessor-version":[{"id":1961,"href":"https:\/\/www.carton.pl\/blog\/wp-json\/wp\/v2\/posts\/1952\/revisions\/1961"}],"wp:featuredmedia":[{"embeddable":true,"href":"https:\/\/www.carton.pl\/blog\/wp-json\/wp\/v2\/media\/1960"}],"wp:attachment":[{"href":"https:\/\/www.carton.pl\/blog\/wp-json\/wp\/v2\/media?parent=1952"}],"wp:term":[{"taxonomy":"category","embeddable":true,"href":"https:\/\/www.carton.pl\/blog\/wp-json\/wp\/v2\/categories?post=1952"},{"taxonomy":"post_tag","embeddable":true,"href":"https:\/\/www.carton.pl\/blog\/wp-json\/wp\/v2\/tags?post=1952"}],"curies":[{"name":"wp","href":"https:\/\/api.w.org\/{rel}","templated":true}]}}