{"id":1990,"date":"2025-10-15T14:04:21","date_gmt":"2025-10-15T12:04:21","guid":{"rendered":"https:\/\/www.carton.pl\/blog\/?p=1990"},"modified":"2025-10-24T14:09:14","modified_gmt":"2025-10-24T12:09:14","slug":"variete-wraca-z-nowym-albumem-sprawdz-gdzie-uslyszysz-siec-indry-na-zywo","status":"publish","type":"post","link":"https:\/\/www.carton.pl\/blog\/variete-wraca-z-nowym-albumem-sprawdz-gdzie-uslyszysz-siec-indry-na-zywo\/","title":{"rendered":"Variete wraca z nowym albumem! Sprawd\u017a, gdzie us\u0142yszysz \u201eSie\u0107 Indry\u201d na \u017cywo"},"content":{"rendered":"\n<p><strong>Fani Variete, mamy \u015bwietn\u0105 wiadomo\u015b\u0107! Po d\u0142u\u017cszej przerwie zesp\u00f3\u0142 wraca i to w wielkim stylu. Ich&nbsp;nowy album Variete jest zatytu\u0142owany&nbsp;\u201eSie\u0107 Indry\u201d \u2013 to materia\u0142, kt\u00f3ry wci\u0105ga od pierwszych minut i zostaje w g\u0142owie na d\u0142ugo. Czego spodziewa\u0107 si\u0119 po nowej p\u0142ycie i gdzie mo\u017cna ich z\u0142apa\u0107 na \u017cywo? Dowiedz si\u0119 wi\u0119cej!<a href=\"https:\/\/allegro.pl\/oferta\/variete-siec-indry-cd-17967982187\" target=\"_blank\" rel=\"noreferrer noopener\"><\/a>\u200b<\/strong><\/p>\n\n\n\n<h2 class=\"wp-block-heading\" id=\"sie-indry--co-nowego-u-variete\">\u201eSie\u0107 Indry\u201d \u2013 co nowego u Variete?<\/h2>\n\n\n\n<p>Na nowej p\u0142ycie zesp\u00f3\u0142 wyra\u017anie postawi\u0142 na sp\u00f3jno\u015b\u0107. Najlepiej s\u0142ucha\u0107 jej w ca\u0142o\u015bci, od pocz\u0105tku do ko\u0144ca, bo wtedy ca\u0142o\u015b\u0107 przypomina zaplanowan\u0105,&nbsp;<strong>transow\u0105 podr\u00f3\u017c po nowych l\u0105dach<\/strong>.&nbsp;Album promuje singiel \u201eKsi\u0119\u017cniczka\u201d, kt\u00f3ry daje dobry przedsmak tego, co czeka na ca\u0142ym kr\u0105\u017cku.<\/p>\n\n\n\n<p>Jak zwykle u Variete, warstwa tekstowa jest bardzo wa\u017cna.&nbsp;<strong>Teksty Grzegorza Ka\u017amierczaka zn\u00f3w zaskakuj\u0105 minimalizmem i intensywno\u015bci\u0105<\/strong>, kt\u00f3re naprawd\u0119 daj\u0105 do my\u015blenia. To muzyka, kt\u00f3ra&nbsp;<strong>wchodzi g\u0142\u0119boko pod sk\u00f3r\u0119<\/strong>&nbsp;<strong>i idealnie&nbsp;oddaje nastr\u00f3j czas\u00f3w<\/strong>. S\u0142ycha\u0107, \u017ce z ka\u017cd\u0105 kolejn\u0105 p\u0142yt\u0105 zesp\u00f3\u0142 celuje w coraz bardziej wyszukane brzmienia, ale robi to bez zad\u0119cia, po swojemu. Ta&nbsp;<strong>znakomicie zagrana<\/strong>&nbsp;i wyprodukowana&nbsp;<strong>p\u0142yta<\/strong>&nbsp;to dow\u00f3d, \u017ce Variete wci\u0105\u017c jest w rewelacyjnej formie.\u200b<a href=\"https:\/\/www.swiatksiazki.pl\/siec-indry-digipack-7514619-muzyka.html\" target=\"_blank\" rel=\"noreferrer noopener\"><\/a>\u200b<\/p>\n\n\n\n<h2 class=\"wp-block-heading\">Od zimnej fali do \u201eDzikiego Ksi\u0119cia\u201d<\/h2>\n\n\n\n<p>Je\u015bli dopiero zaczynasz przygod\u0119 z Variete, warto wiedzie\u0107, sk\u0105d si\u0119 wzi\u0119li. Ot\u00f3\u017c&nbsp;<strong>zesp\u00f3\u0142 Variete zadebiutowa\u0142 w Jarocinie w 1984<\/strong>&nbsp;roku, a ju\u017c rok p\u00f3\u017aniej sta\u0142 si\u0119 laureatem i legend\u0105 tego festiwalu. Zaczynali od&nbsp;<strong>zimnej fali<\/strong>, ale nigdy nie trzymali si\u0119 kurczowo jednego stylu. Na&nbsp;<strong>przestrzeni lat muzyka grupy poddawa\u0142a si\u0119 nieustannej<\/strong>&nbsp;<strong>ewolucji<\/strong>. W&nbsp;<strong>repertuarze Variete si\u0119gali m.in.<\/strong>&nbsp;po&nbsp;<strong>inspiracje trip hopem<\/strong>, odwa\u017cny&nbsp;<strong>maria\u017c z free jazzem<\/strong>&nbsp;czy flirt z&nbsp;<strong>nu jazzem<\/strong>.<a href=\"https:\/\/mlwz.pl\/newsy\/28264-variete-premiera-nowego-albumu\" target=\"_blank\" rel=\"noreferrer noopener\"><\/a>\u200b<\/p>\n\n\n\n<p>Ich tw\u00f3rczo\u015b\u0107 wykracza\u0142a te\u017c poza typowe ramy zespo\u0142u rockowego. Ciekawostk\u0105 jest, \u017ce w&nbsp;<strong>2015 roku na zam\u00f3wienie Przegl\u0105du Piosenki Aktorskiej we Wroc\u0142awiu<\/strong>&nbsp;powsta\u0142 spektakl teatralny \u201eBal, czyli wiecz\u00f3r zapoznawczy. Gra zesp\u00f3\u0142 Variete\u201d, w ca\u0142o\u015bci oparty na ich muzyce i tekstach.<\/p>\n\n\n\n<p>Ich&nbsp;<strong>poprzedni album<\/strong>,&nbsp;<strong>\u201eDziki ksi\u0105\u017c\u0119\u201d<\/strong>, okaza\u0142 si\u0119 ogromnym sukcesem. Zosta\u0142 nominowany do Fryderyka 2022 i trafi\u0142 na listy&nbsp;<strong>najlepszej 10 polskich p\u0142yt 2021<\/strong>&nbsp;roku wed\u0142ug \u201eNewsweeka\u201d i \u201eGazety Wyborczej\u201d. Warto tu przytoczy\u0107, co o zespole pisa\u0142 znany dziennikarz&nbsp;<strong>Piotr Bratkowski<\/strong>, kt\u00f3ry na \u0142amach&nbsp;<strong>\u201eNewsweeka\u201d<\/strong>&nbsp;stwierdzi\u0142, \u017ce koncert Variete z 1985 roku \u201ezrobi\u0142 na mnie najwi\u0119ksze wra\u017cenie ze wszystkiego, co kiedykolwiek w Jarocinie us\u0142ysza\u0142em\u201d. Z kolei inny ceniony krytyk,&nbsp;<strong>Rafa\u0142 Ksi\u0119\u017cyk<\/strong>,&nbsp;<strong>nazwa\u0142 Variete<\/strong>&nbsp;\u201eulubionym zespo\u0142em polskiej inteligencji\u201d.<a href=\"https:\/\/bydgoszczplan.pl\/event\/variete--premiera-pyty-sie-indry--prba-dwiku-2025\/1340?date=2025%2F10%2F10\" target=\"_blank\" rel=\"noreferrer noopener\"><\/a>\u200b<\/p>\n\n\n\n<h2 class=\"wp-block-heading\">Gdzie pos\u0142ucha\u0107 \u201eSieci Indry\u201d na \u017cywo?<\/h2>\n\n\n\n<p>\u017beby w pe\u0142ni doceni\u0107, jak&nbsp;<strong>gra zesp\u00f3\u0142 Variete<\/strong>, trzeba zobaczy\u0107 ich na scenie. Ka\u017cdy&nbsp;<strong>koncert Variete<\/strong>&nbsp;to unikalne wydarzenie, pe\u0142ne energii i muzycznej precyzji. Album \u201eSie\u0107 Indry\u201d b\u0119dzie mo\u017cna us\u0142ysze\u0107 podczas nadchodz\u0105cej trasy. To \u015bwietna okazja, \u017ceby poczu\u0107 si\u0142\u0119 tych utwor\u00f3w na w\u0142asnej sk\u00f3rze. Oto daty i miejsca:<\/p>\n\n\n\n<ul class=\"wp-block-list\">\n<li>Krak\u00f3w, Klub Alchemia, 15.11.2025<\/li>\n\n\n\n<li>Warszawa, Pardon, To Tu, 16.11.2025<\/li>\n\n\n\n<li>Gda\u0144sk, B90, 22.11.2025<\/li>\n\n\n\n<li>Pozna\u0144, Blue Note, 23.11.2025<\/li>\n\n\n\n<li>Wroc\u0142aw, Stary Klasztor, 29.11.2025<\/li>\n<\/ul>\n\n\n\n<p><strong>Nowa p\u0142yta<\/strong>&nbsp;Variete to pozycja obowi\u0105zkowa dla ka\u017cdego fana zespo\u0142u. Je\u015bli szukasz w muzyce czego\u015b wi\u0119cej ni\u017c tylko t\u0142a do codziennych czynno\u015bci, \u201eSie\u0107 Indry\u201d jest dla Ciebie. Zesp\u00f3\u0142 po raz kolejny pokazuje, \u017ce&nbsp;<strong>coraz bardziej uszlachetnia swoj\u0105 tw\u00f3rczo\u015b\u0107<\/strong>. \u0141apcie&nbsp;<strong>p\u0142yty CD<\/strong>, odpalajcie streaming i widzimy si\u0119 na koncertach.<\/p>\n\n\n\n<p class=\"has-text-align-center\">Zobacz <a href=\"https:\/\/www.carton.pl\/zespol\/variete\">sklep VARIETE<\/a>!<\/p>\n\n\n\n<figure class=\"wp-block-gallery has-nested-images columns-5 is-cropped wp-block-gallery-1 is-layout-flex wp-block-gallery-is-layout-flex\">\n<figure class=\"wp-block-image size-large\"><img loading=\"lazy\" decoding=\"async\" width=\"360\" height=\"539\" data-id=\"1992\" src=\"https:\/\/www.carton.pl\/blog\/wp-content\/uploads\/2025\/10\/image-11.png\" alt=\"image\" class=\"wp-image-1992\" srcset=\"https:\/\/www.carton.pl\/blog\/wp-content\/uploads\/2025\/10\/image-11.png 360w, https:\/\/www.carton.pl\/blog\/wp-content\/uploads\/2025\/10\/image-11-200x300.png 200w\" sizes=\"auto, (max-width: 360px) 100vw, 360px\" \/><\/figure>\n\n\n\n<figure class=\"wp-block-image size-large\"><img loading=\"lazy\" decoding=\"async\" width=\"360\" height=\"539\" data-id=\"1993\" src=\"https:\/\/www.carton.pl\/blog\/wp-content\/uploads\/2025\/10\/image-12.png\" alt=\"image\" class=\"wp-image-1993\" srcset=\"https:\/\/www.carton.pl\/blog\/wp-content\/uploads\/2025\/10\/image-12.png 360w, https:\/\/www.carton.pl\/blog\/wp-content\/uploads\/2025\/10\/image-12-200x300.png 200w\" sizes=\"auto, (max-width: 360px) 100vw, 360px\" \/><\/figure>\n\n\n\n<figure class=\"wp-block-image size-large\"><img loading=\"lazy\" decoding=\"async\" width=\"360\" height=\"539\" data-id=\"1994\" src=\"https:\/\/www.carton.pl\/blog\/wp-content\/uploads\/2025\/10\/image-13.png\" alt=\"image\" class=\"wp-image-1994\" srcset=\"https:\/\/www.carton.pl\/blog\/wp-content\/uploads\/2025\/10\/image-13.png 360w, https:\/\/www.carton.pl\/blog\/wp-content\/uploads\/2025\/10\/image-13-200x300.png 200w\" sizes=\"auto, (max-width: 360px) 100vw, 360px\" \/><\/figure>\n\n\n\n<figure class=\"wp-block-image size-large\"><img loading=\"lazy\" decoding=\"async\" width=\"360\" height=\"539\" data-id=\"1995\" src=\"https:\/\/www.carton.pl\/blog\/wp-content\/uploads\/2025\/10\/image-14.png\" alt=\"image\" class=\"wp-image-1995\" srcset=\"https:\/\/www.carton.pl\/blog\/wp-content\/uploads\/2025\/10\/image-14.png 360w, https:\/\/www.carton.pl\/blog\/wp-content\/uploads\/2025\/10\/image-14-200x300.png 200w\" sizes=\"auto, (max-width: 360px) 100vw, 360px\" \/><\/figure>\n\n\n\n<figure class=\"wp-block-image size-large\"><img loading=\"lazy\" decoding=\"async\" width=\"620\" height=\"929\" data-id=\"1996\" src=\"https:\/\/www.carton.pl\/blog\/wp-content\/uploads\/2025\/10\/image-15.png\" alt=\"image\" class=\"wp-image-1996\" srcset=\"https:\/\/www.carton.pl\/blog\/wp-content\/uploads\/2025\/10\/image-15.png 620w, https:\/\/www.carton.pl\/blog\/wp-content\/uploads\/2025\/10\/image-15-200x300.png 200w\" sizes=\"auto, (max-width: 620px) 100vw, 620px\" \/><\/figure>\n<\/figure>\n\n\n\n<p>Czytaj r\u00f3wnie\u017c:<\/p>\n\n\n\n<p><a href=\"https:\/\/www.carton.pl\/blog\/rockowe-pozegnanie-lata-w-plocku-jary-oddzial-zamkniety-na-summer-fall-festival\/\">Rockowe po\u017cegnanie lata w P\u0142ocku \u2013 Jary Oddzia\u0142 Zamkni\u0119ty na Summer Fall Festival<\/a><\/p>\n\n\n\n<p><a href=\"https:\/\/www.carton.pl\/blog\/tides-from-nebula-wracaja-do-oryginalnego-skladu-co-czeka-fanow-na-jesiennej-trasie\/\">Tides from Nebula wracaj\u0105 do oryginalnego sk\u0142adu. Co czeka fan\u00f3w na jesiennej trasie?<\/a><\/p>\n\n\n\n<p><a href=\"https:\/\/www.carton.pl\/blog\/the-bill-swietuje-30-lecie-sexnroll-na-wielkiej-trasie\/\">The Bill \u015bwi\u0119tuje 30-lecie \u201eSex\u2019n\u2019Roll\u201d na wielkiej trasie<\/a><\/p>\n","protected":false},"excerpt":{"rendered":"<p>Fani Variete, mamy \u015bwietn\u0105 wiadomo\u015b\u0107! Po d\u0142u\u017cszej przerwie zesp\u00f3\u0142 wraca i to w wielkim stylu. Ich&nbsp;nowy album Variete jest zatytu\u0142owany&nbsp;\u201eSie\u0107 Indry\u201d \u2013 to materia\u0142, kt\u00f3ry wci\u0105ga od pierwszych minut i zostaje w g\u0142owie na d\u0142ugo. Czego spodziewa\u0107 si\u0119 po nowej p\u0142ycie i gdzie mo\u017cna ich z\u0142apa\u0107 na \u017cywo? Dowiedz si\u0119 wi\u0119cej!\u200b \u201eSie\u0107 Indry\u201d \u2013 co nowego u Variete? Na nowej p\u0142ycie zesp\u00f3\u0142 wyra\u017anie postawi\u0142 na sp\u00f3jno\u015b\u0107. Najlepiej s\u0142ucha\u0107 jej w ca\u0142o\u015bci, od pocz\u0105tku do ko\u0144ca, bo wtedy ca\u0142o\u015b\u0107 przypomina zaplanowan\u0105,&nbsp;transow\u0105 podr\u00f3\u017c po nowych l\u0105dach.&nbsp;Album promuje singiel \u201eKsi\u0119\u017cniczka\u201d, kt\u00f3ry daje dobry przedsmak tego, co czeka na ca\u0142ym kr\u0105\u017cku. Jak zwykle u Variete, warstwa tekstowa jest bardzo wa\u017cna.&nbsp;Teksty Grzegorza Ka\u017amierczaka zn\u00f3w zaskakuj\u0105 minimalizmem i intensywno\u015bci\u0105, kt\u00f3re naprawd\u0119 daj\u0105 do my\u015blenia. To muzyka, kt\u00f3ra&nbsp;wchodzi g\u0142\u0119boko pod sk\u00f3r\u0119&nbsp;i idealnie&nbsp;oddaje nastr\u00f3j czas\u00f3w. S\u0142ycha\u0107, \u017ce z ka\u017cd\u0105 kolejn\u0105 p\u0142yt\u0105 zesp\u00f3\u0142 celuje w coraz bardziej wyszukane brzmienia, ale robi to bez zad\u0119cia, po swojemu. Ta&nbsp;znakomicie zagrana&nbsp;i wyprodukowana&nbsp;p\u0142yta&nbsp;to dow\u00f3d, \u017ce Variete wci\u0105\u017c jest w rewelacyjnej formie.\u200b\u200b Od zimnej fali do \u201eDzikiego Ksi\u0119cia\u201d Je\u015bli dopiero zaczynasz przygod\u0119 z Variete, warto wiedzie\u0107, sk\u0105d si\u0119 wzi\u0119li. Ot\u00f3\u017c&nbsp;zesp\u00f3\u0142 Variete zadebiutowa\u0142 w Jarocinie w 1984&nbsp;roku, a ju\u017c rok p\u00f3\u017aniej sta\u0142 si\u0119 laureatem i legend\u0105 tego festiwalu. Zaczynali od&nbsp;zimnej fali, ale nigdy nie trzymali si\u0119 kurczowo jednego stylu. Na&nbsp;przestrzeni lat muzyka grupy poddawa\u0142a si\u0119 nieustannej&nbsp;ewolucji. W&nbsp;repertuarze Variete si\u0119gali m.in.&nbsp;po&nbsp;inspiracje trip hopem, odwa\u017cny&nbsp;maria\u017c z free jazzem&nbsp;czy flirt z&nbsp;nu jazzem.\u200b Ich tw\u00f3rczo\u015b\u0107 wykracza\u0142a te\u017c poza typowe ramy zespo\u0142u rockowego. Ciekawostk\u0105 jest, \u017ce w&nbsp;2015 roku na zam\u00f3wienie Przegl\u0105du Piosenki Aktorskiej we Wroc\u0142awiu&nbsp;powsta\u0142 spektakl teatralny \u201eBal, czyli wiecz\u00f3r zapoznawczy. Gra zesp\u00f3\u0142 Variete\u201d, w ca\u0142o\u015bci oparty na ich muzyce i tekstach. Ich&nbsp;poprzedni album,&nbsp;\u201eDziki ksi\u0105\u017c\u0119\u201d, okaza\u0142 si\u0119 ogromnym sukcesem. Zosta\u0142 nominowany do Fryderyka 2022 i trafi\u0142 na listy&nbsp;najlepszej 10 polskich p\u0142yt 2021&nbsp;roku wed\u0142ug \u201eNewsweeka\u201d i \u201eGazety Wyborczej\u201d. Warto tu przytoczy\u0107, co o zespole pisa\u0142 znany dziennikarz&nbsp;Piotr Bratkowski, kt\u00f3ry na \u0142amach&nbsp;\u201eNewsweeka\u201d&nbsp;stwierdzi\u0142, \u017ce koncert Variete z 1985 roku \u201ezrobi\u0142 na mnie najwi\u0119ksze wra\u017cenie ze wszystkiego, co kiedykolwiek w Jarocinie us\u0142ysza\u0142em\u201d. Z kolei inny ceniony krytyk,&nbsp;Rafa\u0142 Ksi\u0119\u017cyk,&nbsp;nazwa\u0142 Variete&nbsp;\u201eulubionym zespo\u0142em polskiej inteligencji\u201d.\u200b Gdzie pos\u0142ucha\u0107 \u201eSieci Indry\u201d na \u017cywo? \u017beby w pe\u0142ni doceni\u0107, jak&nbsp;gra zesp\u00f3\u0142 Variete, trzeba zobaczy\u0107 ich na scenie. Ka\u017cdy&nbsp;koncert Variete&nbsp;to unikalne wydarzenie, pe\u0142ne energii i muzycznej precyzji. Album \u201eSie\u0107 Indry\u201d b\u0119dzie mo\u017cna us\u0142ysze\u0107 podczas nadchodz\u0105cej trasy. To \u015bwietna okazja, \u017ceby poczu\u0107 si\u0142\u0119 tych utwor\u00f3w na w\u0142asnej sk\u00f3rze. Oto daty i miejsca: Nowa p\u0142yta&nbsp;Variete to pozycja obowi\u0105zkowa dla ka\u017cdego fana zespo\u0142u. Je\u015bli szukasz w muzyce czego\u015b wi\u0119cej ni\u017c tylko t\u0142a do codziennych czynno\u015bci, \u201eSie\u0107 Indry\u201d jest dla Ciebie. Zesp\u00f3\u0142 po raz kolejny pokazuje, \u017ce&nbsp;coraz bardziej uszlachetnia swoj\u0105 tw\u00f3rczo\u015b\u0107. \u0141apcie&nbsp;p\u0142yty CD, odpalajcie streaming i widzimy si\u0119 na koncertach. Zobacz sklep VARIETE! Czytaj r\u00f3wnie\u017c: Rockowe po\u017cegnanie lata w P\u0142ocku \u2013 Jary Oddzia\u0142 Zamkni\u0119ty na Summer Fall Festival Tides from Nebula wracaj\u0105 do oryginalnego sk\u0142adu. Co czeka fan\u00f3w na jesiennej trasie? The Bill \u015bwi\u0119tuje 30-lecie \u201eSex\u2019n\u2019Roll\u201d na wielkiej trasie<\/p>\n","protected":false},"author":2,"featured_media":1991,"comment_status":"closed","ping_status":"open","sticky":false,"template":"","format":"standard","meta":{"footnotes":""},"categories":[2],"tags":[],"class_list":["post-1990","post","type-post","status-publish","format-standard","has-post-thumbnail","hentry","category-zespoly"],"yoast_head":"<!-- This site is optimized with the Yoast SEO plugin v26.9 - https:\/\/yoast.com\/product\/yoast-seo-wordpress\/ -->\n<title>Variete wraca z nowym albumem! Sprawd\u017a, gdzie us\u0142yszysz \u201eSie\u0107 Indry\u201d na \u017cywo.<\/title>\n<meta name=\"description\" content=\"Variete prezentuje &quot;Sie\u0107 Indry&quot;! Nowy album to wyrafinowana muzyka i teksty. Sprawd\u017a, gdzie us\u0142yszysz na \u017cywo utwory z p\u0142yty. Zesp\u00f3\u0142 uszlachetnia swoj\u0105 tw\u00f3rczo\u015b\u0107!\" \/>\n<meta name=\"robots\" content=\"index, follow, max-snippet:-1, max-image-preview:large, max-video-preview:-1\" \/>\n<link rel=\"canonical\" href=\"https:\/\/www.carton.pl\/blog\/variete-wraca-z-nowym-albumem-sprawdz-gdzie-uslyszysz-siec-indry-na-zywo\/\" \/>\n<meta property=\"og:locale\" content=\"pl_PL\" \/>\n<meta property=\"og:type\" content=\"article\" \/>\n<meta property=\"og:title\" content=\"Variete wraca z nowym albumem! Sprawd\u017a, gdzie us\u0142yszysz \u201eSie\u0107 Indry\u201d na \u017cywo.\" \/>\n<meta property=\"og:description\" content=\"Variete prezentuje &quot;Sie\u0107 Indry&quot;! Nowy album to wyrafinowana muzyka i teksty. Sprawd\u017a, gdzie us\u0142yszysz na \u017cywo utwory z p\u0142yty. Zesp\u00f3\u0142 uszlachetnia swoj\u0105 tw\u00f3rczo\u015b\u0107!\" \/>\n<meta property=\"og:url\" content=\"https:\/\/www.carton.pl\/blog\/variete-wraca-z-nowym-albumem-sprawdz-gdzie-uslyszysz-siec-indry-na-zywo\/\" \/>\n<meta property=\"og:site_name\" content=\"BLOG carton.pl\" \/>\n<meta property=\"article:published_time\" content=\"2025-10-15T12:04:21+00:00\" \/>\n<meta property=\"article:modified_time\" content=\"2025-10-24T12:09:14+00:00\" \/>\n<meta property=\"og:image\" content=\"https:\/\/www.carton.pl\/blog\/wp-content\/uploads\/2025\/10\/variete-siec-indry-BLOG.jpg\" \/>\n\t<meta property=\"og:image:width\" content=\"900\" \/>\n\t<meta property=\"og:image:height\" content=\"600\" \/>\n\t<meta property=\"og:image:type\" content=\"image\/jpeg\" \/>\n<meta name=\"author\" content=\"Tomek\" \/>\n<meta name=\"twitter:card\" content=\"summary_large_image\" \/>\n<meta name=\"twitter:label1\" content=\"Napisane przez\" \/>\n\t<meta name=\"twitter:data1\" content=\"Tomek\" \/>\n\t<meta name=\"twitter:label2\" content=\"Szacowany czas czytania\" \/>\n\t<meta name=\"twitter:data2\" content=\"5 minut\" \/>\n<script type=\"application\/ld+json\" class=\"yoast-schema-graph\">{\"@context\":\"https:\/\/schema.org\",\"@graph\":[{\"@type\":\"Article\",\"@id\":\"https:\/\/www.carton.pl\/blog\/variete-wraca-z-nowym-albumem-sprawdz-gdzie-uslyszysz-siec-indry-na-zywo\/#article\",\"isPartOf\":{\"@id\":\"https:\/\/www.carton.pl\/blog\/variete-wraca-z-nowym-albumem-sprawdz-gdzie-uslyszysz-siec-indry-na-zywo\/\"},\"author\":{\"name\":\"Tomek\",\"@id\":\"https:\/\/www.carton.pl\/blog\/#\/schema\/person\/de344cca6ded145c31c54b7017bb2d1d\"},\"headline\":\"Variete wraca z nowym albumem! Sprawd\u017a, gdzie us\u0142yszysz \u201eSie\u0107 Indry\u201d na \u017cywo\",\"datePublished\":\"2025-10-15T12:04:21+00:00\",\"dateModified\":\"2025-10-24T12:09:14+00:00\",\"mainEntityOfPage\":{\"@id\":\"https:\/\/www.carton.pl\/blog\/variete-wraca-z-nowym-albumem-sprawdz-gdzie-uslyszysz-siec-indry-na-zywo\/\"},\"wordCount\":666,\"publisher\":{\"@id\":\"https:\/\/www.carton.pl\/blog\/#organization\"},\"image\":{\"@id\":\"https:\/\/www.carton.pl\/blog\/variete-wraca-z-nowym-albumem-sprawdz-gdzie-uslyszysz-siec-indry-na-zywo\/#primaryimage\"},\"thumbnailUrl\":\"https:\/\/www.carton.pl\/blog\/wp-content\/uploads\/2025\/10\/variete-siec-indry-BLOG.jpg\",\"articleSection\":[\"Zespo\u0142y\"],\"inLanguage\":\"pl-PL\"},{\"@type\":\"WebPage\",\"@id\":\"https:\/\/www.carton.pl\/blog\/variete-wraca-z-nowym-albumem-sprawdz-gdzie-uslyszysz-siec-indry-na-zywo\/\",\"url\":\"https:\/\/www.carton.pl\/blog\/variete-wraca-z-nowym-albumem-sprawdz-gdzie-uslyszysz-siec-indry-na-zywo\/\",\"name\":\"Variete wraca z nowym albumem! Sprawd\u017a, gdzie us\u0142yszysz \u201eSie\u0107 Indry\u201d na \u017cywo.\",\"isPartOf\":{\"@id\":\"https:\/\/www.carton.pl\/blog\/#website\"},\"primaryImageOfPage\":{\"@id\":\"https:\/\/www.carton.pl\/blog\/variete-wraca-z-nowym-albumem-sprawdz-gdzie-uslyszysz-siec-indry-na-zywo\/#primaryimage\"},\"image\":{\"@id\":\"https:\/\/www.carton.pl\/blog\/variete-wraca-z-nowym-albumem-sprawdz-gdzie-uslyszysz-siec-indry-na-zywo\/#primaryimage\"},\"thumbnailUrl\":\"https:\/\/www.carton.pl\/blog\/wp-content\/uploads\/2025\/10\/variete-siec-indry-BLOG.jpg\",\"datePublished\":\"2025-10-15T12:04:21+00:00\",\"dateModified\":\"2025-10-24T12:09:14+00:00\",\"description\":\"Variete prezentuje \\\"Sie\u0107 Indry\\\"! Nowy album to wyrafinowana muzyka i teksty. Sprawd\u017a, gdzie us\u0142yszysz na \u017cywo utwory z p\u0142yty. Zesp\u00f3\u0142 uszlachetnia swoj\u0105 tw\u00f3rczo\u015b\u0107!\",\"breadcrumb\":{\"@id\":\"https:\/\/www.carton.pl\/blog\/variete-wraca-z-nowym-albumem-sprawdz-gdzie-uslyszysz-siec-indry-na-zywo\/#breadcrumb\"},\"inLanguage\":\"pl-PL\",\"potentialAction\":[{\"@type\":\"ReadAction\",\"target\":[\"https:\/\/www.carton.pl\/blog\/variete-wraca-z-nowym-albumem-sprawdz-gdzie-uslyszysz-siec-indry-na-zywo\/\"]}]},{\"@type\":\"ImageObject\",\"inLanguage\":\"pl-PL\",\"@id\":\"https:\/\/www.carton.pl\/blog\/variete-wraca-z-nowym-albumem-sprawdz-gdzie-uslyszysz-siec-indry-na-zywo\/#primaryimage\",\"url\":\"https:\/\/www.carton.pl\/blog\/wp-content\/uploads\/2025\/10\/variete-siec-indry-BLOG.jpg\",\"contentUrl\":\"https:\/\/www.carton.pl\/blog\/wp-content\/uploads\/2025\/10\/variete-siec-indry-BLOG.jpg\",\"width\":900,\"height\":600,\"caption\":\"variete sie\u0107 indry BLOG\"},{\"@type\":\"BreadcrumbList\",\"@id\":\"https:\/\/www.carton.pl\/blog\/variete-wraca-z-nowym-albumem-sprawdz-gdzie-uslyszysz-siec-indry-na-zywo\/#breadcrumb\",\"itemListElement\":[{\"@type\":\"ListItem\",\"position\":1,\"name\":\"Strona g\u0142\u00f3wna\",\"item\":\"https:\/\/www.carton.pl\/blog\/\"},{\"@type\":\"ListItem\",\"position\":2,\"name\":\"Variete wraca z nowym albumem! Sprawd\u017a, gdzie us\u0142yszysz \u201eSie\u0107 Indry\u201d na \u017cywo\"}]},{\"@type\":\"WebSite\",\"@id\":\"https:\/\/www.carton.pl\/blog\/#website\",\"url\":\"https:\/\/www.carton.pl\/blog\/\",\"name\":\"BLOG carton.pl\",\"description\":\"Zespo\u0142y, ciuchy, muzyka - o tym piszemy\",\"publisher\":{\"@id\":\"https:\/\/www.carton.pl\/blog\/#organization\"},\"potentialAction\":[{\"@type\":\"SearchAction\",\"target\":{\"@type\":\"EntryPoint\",\"urlTemplate\":\"https:\/\/www.carton.pl\/blog\/?s={search_term_string}\"},\"query-input\":{\"@type\":\"PropertyValueSpecification\",\"valueRequired\":true,\"valueName\":\"search_term_string\"}}],\"inLanguage\":\"pl-PL\"},{\"@type\":\"Organization\",\"@id\":\"https:\/\/www.carton.pl\/blog\/#organization\",\"name\":\"CARTON Tomasz Kowalski\",\"url\":\"https:\/\/www.carton.pl\/blog\/\",\"logo\":{\"@type\":\"ImageObject\",\"inLanguage\":\"pl-PL\",\"@id\":\"https:\/\/www.carton.pl\/blog\/#\/schema\/logo\/image\/\",\"url\":\"https:\/\/carton.pl\/blog\/wp-content\/uploads\/2021\/12\/carton_merch_logo.png\",\"contentUrl\":\"https:\/\/carton.pl\/blog\/wp-content\/uploads\/2021\/12\/carton_merch_logo.png\",\"width\":205,\"height\":56,\"caption\":\"CARTON Tomasz Kowalski\"},\"image\":{\"@id\":\"https:\/\/www.carton.pl\/blog\/#\/schema\/logo\/image\/\"}},{\"@type\":\"Person\",\"@id\":\"https:\/\/www.carton.pl\/blog\/#\/schema\/person\/de344cca6ded145c31c54b7017bb2d1d\",\"name\":\"Tomek\",\"image\":{\"@type\":\"ImageObject\",\"inLanguage\":\"pl-PL\",\"@id\":\"https:\/\/www.carton.pl\/blog\/#\/schema\/person\/image\/\",\"url\":\"https:\/\/secure.gravatar.com\/avatar\/c2a11a2e6f85d610387f5fc3605cf6b2b1af61f0ffb9fa4669a13a3e4c0e1281?s=96&d=mm&r=g\",\"contentUrl\":\"https:\/\/secure.gravatar.com\/avatar\/c2a11a2e6f85d610387f5fc3605cf6b2b1af61f0ffb9fa4669a13a3e4c0e1281?s=96&d=mm&r=g\",\"caption\":\"Tomek\"},\"url\":\"https:\/\/www.carton.pl\/blog\/author\/carton\/\"}]}<\/script>\n<!-- \/ Yoast SEO plugin. -->","yoast_head_json":{"title":"Variete wraca z nowym albumem! Sprawd\u017a, gdzie us\u0142yszysz \u201eSie\u0107 Indry\u201d na \u017cywo.","description":"Variete prezentuje \"Sie\u0107 Indry\"! Nowy album to wyrafinowana muzyka i teksty. Sprawd\u017a, gdzie us\u0142yszysz na \u017cywo utwory z p\u0142yty. Zesp\u00f3\u0142 uszlachetnia swoj\u0105 tw\u00f3rczo\u015b\u0107!","robots":{"index":"index","follow":"follow","max-snippet":"max-snippet:-1","max-image-preview":"max-image-preview:large","max-video-preview":"max-video-preview:-1"},"canonical":"https:\/\/www.carton.pl\/blog\/variete-wraca-z-nowym-albumem-sprawdz-gdzie-uslyszysz-siec-indry-na-zywo\/","og_locale":"pl_PL","og_type":"article","og_title":"Variete wraca z nowym albumem! Sprawd\u017a, gdzie us\u0142yszysz \u201eSie\u0107 Indry\u201d na \u017cywo.","og_description":"Variete prezentuje \"Sie\u0107 Indry\"! Nowy album to wyrafinowana muzyka i teksty. Sprawd\u017a, gdzie us\u0142yszysz na \u017cywo utwory z p\u0142yty. Zesp\u00f3\u0142 uszlachetnia swoj\u0105 tw\u00f3rczo\u015b\u0107!","og_url":"https:\/\/www.carton.pl\/blog\/variete-wraca-z-nowym-albumem-sprawdz-gdzie-uslyszysz-siec-indry-na-zywo\/","og_site_name":"BLOG carton.pl","article_published_time":"2025-10-15T12:04:21+00:00","article_modified_time":"2025-10-24T12:09:14+00:00","og_image":[{"width":900,"height":600,"url":"https:\/\/www.carton.pl\/blog\/wp-content\/uploads\/2025\/10\/variete-siec-indry-BLOG.jpg","type":"image\/jpeg"}],"author":"Tomek","twitter_card":"summary_large_image","twitter_misc":{"Napisane przez":"Tomek","Szacowany czas czytania":"5 minut"},"schema":{"@context":"https:\/\/schema.org","@graph":[{"@type":"Article","@id":"https:\/\/www.carton.pl\/blog\/variete-wraca-z-nowym-albumem-sprawdz-gdzie-uslyszysz-siec-indry-na-zywo\/#article","isPartOf":{"@id":"https:\/\/www.carton.pl\/blog\/variete-wraca-z-nowym-albumem-sprawdz-gdzie-uslyszysz-siec-indry-na-zywo\/"},"author":{"name":"Tomek","@id":"https:\/\/www.carton.pl\/blog\/#\/schema\/person\/de344cca6ded145c31c54b7017bb2d1d"},"headline":"Variete wraca z nowym albumem! Sprawd\u017a, gdzie us\u0142yszysz \u201eSie\u0107 Indry\u201d na \u017cywo","datePublished":"2025-10-15T12:04:21+00:00","dateModified":"2025-10-24T12:09:14+00:00","mainEntityOfPage":{"@id":"https:\/\/www.carton.pl\/blog\/variete-wraca-z-nowym-albumem-sprawdz-gdzie-uslyszysz-siec-indry-na-zywo\/"},"wordCount":666,"publisher":{"@id":"https:\/\/www.carton.pl\/blog\/#organization"},"image":{"@id":"https:\/\/www.carton.pl\/blog\/variete-wraca-z-nowym-albumem-sprawdz-gdzie-uslyszysz-siec-indry-na-zywo\/#primaryimage"},"thumbnailUrl":"https:\/\/www.carton.pl\/blog\/wp-content\/uploads\/2025\/10\/variete-siec-indry-BLOG.jpg","articleSection":["Zespo\u0142y"],"inLanguage":"pl-PL"},{"@type":"WebPage","@id":"https:\/\/www.carton.pl\/blog\/variete-wraca-z-nowym-albumem-sprawdz-gdzie-uslyszysz-siec-indry-na-zywo\/","url":"https:\/\/www.carton.pl\/blog\/variete-wraca-z-nowym-albumem-sprawdz-gdzie-uslyszysz-siec-indry-na-zywo\/","name":"Variete wraca z nowym albumem! Sprawd\u017a, gdzie us\u0142yszysz \u201eSie\u0107 Indry\u201d na \u017cywo.","isPartOf":{"@id":"https:\/\/www.carton.pl\/blog\/#website"},"primaryImageOfPage":{"@id":"https:\/\/www.carton.pl\/blog\/variete-wraca-z-nowym-albumem-sprawdz-gdzie-uslyszysz-siec-indry-na-zywo\/#primaryimage"},"image":{"@id":"https:\/\/www.carton.pl\/blog\/variete-wraca-z-nowym-albumem-sprawdz-gdzie-uslyszysz-siec-indry-na-zywo\/#primaryimage"},"thumbnailUrl":"https:\/\/www.carton.pl\/blog\/wp-content\/uploads\/2025\/10\/variete-siec-indry-BLOG.jpg","datePublished":"2025-10-15T12:04:21+00:00","dateModified":"2025-10-24T12:09:14+00:00","description":"Variete prezentuje \"Sie\u0107 Indry\"! Nowy album to wyrafinowana muzyka i teksty. Sprawd\u017a, gdzie us\u0142yszysz na \u017cywo utwory z p\u0142yty. Zesp\u00f3\u0142 uszlachetnia swoj\u0105 tw\u00f3rczo\u015b\u0107!","breadcrumb":{"@id":"https:\/\/www.carton.pl\/blog\/variete-wraca-z-nowym-albumem-sprawdz-gdzie-uslyszysz-siec-indry-na-zywo\/#breadcrumb"},"inLanguage":"pl-PL","potentialAction":[{"@type":"ReadAction","target":["https:\/\/www.carton.pl\/blog\/variete-wraca-z-nowym-albumem-sprawdz-gdzie-uslyszysz-siec-indry-na-zywo\/"]}]},{"@type":"ImageObject","inLanguage":"pl-PL","@id":"https:\/\/www.carton.pl\/blog\/variete-wraca-z-nowym-albumem-sprawdz-gdzie-uslyszysz-siec-indry-na-zywo\/#primaryimage","url":"https:\/\/www.carton.pl\/blog\/wp-content\/uploads\/2025\/10\/variete-siec-indry-BLOG.jpg","contentUrl":"https:\/\/www.carton.pl\/blog\/wp-content\/uploads\/2025\/10\/variete-siec-indry-BLOG.jpg","width":900,"height":600,"caption":"variete sie\u0107 indry BLOG"},{"@type":"BreadcrumbList","@id":"https:\/\/www.carton.pl\/blog\/variete-wraca-z-nowym-albumem-sprawdz-gdzie-uslyszysz-siec-indry-na-zywo\/#breadcrumb","itemListElement":[{"@type":"ListItem","position":1,"name":"Strona g\u0142\u00f3wna","item":"https:\/\/www.carton.pl\/blog\/"},{"@type":"ListItem","position":2,"name":"Variete wraca z nowym albumem! Sprawd\u017a, gdzie us\u0142yszysz \u201eSie\u0107 Indry\u201d na \u017cywo"}]},{"@type":"WebSite","@id":"https:\/\/www.carton.pl\/blog\/#website","url":"https:\/\/www.carton.pl\/blog\/","name":"BLOG carton.pl","description":"Zespo\u0142y, ciuchy, muzyka - o tym piszemy","publisher":{"@id":"https:\/\/www.carton.pl\/blog\/#organization"},"potentialAction":[{"@type":"SearchAction","target":{"@type":"EntryPoint","urlTemplate":"https:\/\/www.carton.pl\/blog\/?s={search_term_string}"},"query-input":{"@type":"PropertyValueSpecification","valueRequired":true,"valueName":"search_term_string"}}],"inLanguage":"pl-PL"},{"@type":"Organization","@id":"https:\/\/www.carton.pl\/blog\/#organization","name":"CARTON Tomasz Kowalski","url":"https:\/\/www.carton.pl\/blog\/","logo":{"@type":"ImageObject","inLanguage":"pl-PL","@id":"https:\/\/www.carton.pl\/blog\/#\/schema\/logo\/image\/","url":"https:\/\/carton.pl\/blog\/wp-content\/uploads\/2021\/12\/carton_merch_logo.png","contentUrl":"https:\/\/carton.pl\/blog\/wp-content\/uploads\/2021\/12\/carton_merch_logo.png","width":205,"height":56,"caption":"CARTON Tomasz Kowalski"},"image":{"@id":"https:\/\/www.carton.pl\/blog\/#\/schema\/logo\/image\/"}},{"@type":"Person","@id":"https:\/\/www.carton.pl\/blog\/#\/schema\/person\/de344cca6ded145c31c54b7017bb2d1d","name":"Tomek","image":{"@type":"ImageObject","inLanguage":"pl-PL","@id":"https:\/\/www.carton.pl\/blog\/#\/schema\/person\/image\/","url":"https:\/\/secure.gravatar.com\/avatar\/c2a11a2e6f85d610387f5fc3605cf6b2b1af61f0ffb9fa4669a13a3e4c0e1281?s=96&d=mm&r=g","contentUrl":"https:\/\/secure.gravatar.com\/avatar\/c2a11a2e6f85d610387f5fc3605cf6b2b1af61f0ffb9fa4669a13a3e4c0e1281?s=96&d=mm&r=g","caption":"Tomek"},"url":"https:\/\/www.carton.pl\/blog\/author\/carton\/"}]}},"_links":{"self":[{"href":"https:\/\/www.carton.pl\/blog\/wp-json\/wp\/v2\/posts\/1990","targetHints":{"allow":["GET"]}}],"collection":[{"href":"https:\/\/www.carton.pl\/blog\/wp-json\/wp\/v2\/posts"}],"about":[{"href":"https:\/\/www.carton.pl\/blog\/wp-json\/wp\/v2\/types\/post"}],"author":[{"embeddable":true,"href":"https:\/\/www.carton.pl\/blog\/wp-json\/wp\/v2\/users\/2"}],"replies":[{"embeddable":true,"href":"https:\/\/www.carton.pl\/blog\/wp-json\/wp\/v2\/comments?post=1990"}],"version-history":[{"count":2,"href":"https:\/\/www.carton.pl\/blog\/wp-json\/wp\/v2\/posts\/1990\/revisions"}],"predecessor-version":[{"id":1998,"href":"https:\/\/www.carton.pl\/blog\/wp-json\/wp\/v2\/posts\/1990\/revisions\/1998"}],"wp:featuredmedia":[{"embeddable":true,"href":"https:\/\/www.carton.pl\/blog\/wp-json\/wp\/v2\/media\/1991"}],"wp:attachment":[{"href":"https:\/\/www.carton.pl\/blog\/wp-json\/wp\/v2\/media?parent=1990"}],"wp:term":[{"taxonomy":"category","embeddable":true,"href":"https:\/\/www.carton.pl\/blog\/wp-json\/wp\/v2\/categories?post=1990"},{"taxonomy":"post_tag","embeddable":true,"href":"https:\/\/www.carton.pl\/blog\/wp-json\/wp\/v2\/tags?post=1990"}],"curies":[{"name":"wp","href":"https:\/\/api.w.org\/{rel}","templated":true}]}}