{"id":294,"date":"2021-12-10T13:56:22","date_gmt":"2021-12-10T12:56:22","guid":{"rendered":"https:\/\/carton.pl\/blog\/?p=294"},"modified":"2021-12-13T11:07:53","modified_gmt":"2021-12-13T10:07:53","slug":"koszulki-swiateczne-dla-calej-rodziny-tak-to-robimy-w-carton-pl","status":"publish","type":"post","link":"https:\/\/www.carton.pl\/blog\/koszulki-swiateczne-dla-calej-rodziny-tak-to-robimy-w-carton-pl\/","title":{"rendered":"Koszulki \u015bwi\u0105teczne dla ca\u0142ej rodziny. Tak to robimy w carton.pl!"},"content":{"rendered":"\n<p class=\"has-medium-font-size\">Bo\u017ce Narodzenie za pasem \u2013 \u015bwi\u0105teczne szale\u0144stwo zakupowe czas zacz\u0105\u0107. Z tej okazji przygotowali\u015bmy oryginalne <strong>koszulki \u015bwi\u0105teczne dla ca\u0142ej rodziny. <\/strong>Nie s\u0105 to jednak sztampowe ciuchy ze \u015bwi\u0119tym Miko\u0142ajem czy ozdobion\u0105 choink\u0105. Na naszych t-shirtach znajdziesz unikalne wzory, kt\u00f3re przedstawiaj\u0105 <a href=\"https:\/\/www.carton.pl\/zespol\/farben-lehre\"><strong>zesp\u00f3\u0142 Farben Lehre<\/strong><\/a> w bardziej od\u015bwi\u0119tnym wydaniu. Spiesz si\u0119, zanim wszystko wykupi\u0105!<\/p>\n\n\n\n<!--more-->\n\n\n\n<h2 class=\"wp-block-heading\">Zesp\u00f3\u0142 Farben Lehre \u2013 kolekcja XMAS<\/h2>\n\n\n\n<p>Farben Lehre nikomu przedstawia\u0107 nie trzeba \u2013 zesp\u00f3\u0142 ju\u017c nie raz pojawi\u0142 si\u0119 na \u0142amach naszego bloga. Ta polska kapela punkrockowa nagrywa p\u0142yty i koncertuje ju\u017c od 1986 roku. Fani znaj\u0105 ich z \u017cywio\u0142owych koncert\u00f3w, na kt\u00f3rych wr\u0119cz nie da si\u0119 usta\u0107 w miejscu.&nbsp;<\/p>\n\n\n\n<p>Przez ponad trzy dekady zesp\u00f3\u0142 pr\u00f3bowa\u0142 swoich si\u0142 w r\u00f3\u017cnych podgatunkach. W tym czasie powsta\u0142o te\u017c wiele charakterystycznych symboli, kt\u00f3re nieod\u0142\u0105cznie kojarzone s\u0105 z dorobkiem Farben Lehre. Jednym z nich jest karykaturalna czaszka, kt\u00f3r\u0105 mia\u0142e\u015b okazj\u0119 zobaczy\u0107 ju\u017c na ubraniach z innych kolekcji w naszym sklepie.&nbsp;<\/p>\n\n\n\n<p>Te <strong>koszulki \u015bwi\u0105teczne dla ca\u0142ej rodziny <\/strong>s\u0105 jednak wyj\u0105tkowe. Czaszka ma na sobie czapk\u0119 miko\u0142aja, a na plecach trzyma dwa lizaki. Zaraz za ni\u0105 schowa\u0142 si\u0119 ba\u0142wanek, kt\u00f3ry \u2013 wraz z Ciastkiem \u2013 gro\u017anie szczerzy ostre z\u0119by.&nbsp;<\/p>\n\n\n\n<p>Chcesz sprawi\u0107 taki prezent sobie i swoim bliskim? Przygotowali\u015bmy specjaln\u0105 kolekcj\u0119, na kt\u00f3r\u0105 sk\u0142adaj\u0105 si\u0119 t-shirty m\u0119skie, \u017ce\u0144skie i w rozmiarze dla junior\u00f3w. Na ka\u017cdym z nich go\u015bci taka sama \u015bwi\u0105teczna czacha.<\/p>\n\n\n\n<p>Zestaw Farben Lehre XMAS: <a href=\"https:\/\/www.carton.pl\/koszulka-farben-lehre-xmas-K_980\"><strong>koszulki \u015bwi\u0105teczne m\u0119skie<\/strong><\/a><strong> <\/strong>+ <a href=\"https:\/\/www.carton.pl\/koszulka-damska-farben-lehre-xmas-KD_980\"><strong>koszulki \u015bwi\u0105teczne damskie<\/strong><\/a><strong> +<\/strong><a href=\"https:\/\/www.carton.pl\/koszulka-junior-farben-lehre-xmas-KJ_980\"><strong> koszulka \u015bwi\u0105teczna dla dzieci<\/strong><\/a><strong>.<\/strong><\/p>\n\n\n\n<div class=\"wp-block-columns is-layout-flex wp-container-core-columns-is-layout-9d6595d7 wp-block-columns-is-layout-flex\">\n<div class=\"wp-block-column is-layout-flow wp-block-column-is-layout-flow\">\n<figure class=\"wp-block-image size-large\"><img loading=\"lazy\" decoding=\"async\" width=\"683\" height=\"1024\" src=\"https:\/\/carton.pl\/blog\/wp-content\/uploads\/2021\/12\/1_1_K_980-01-683x1024.jpg\" alt=\"\" class=\"wp-image-295\" srcset=\"https:\/\/www.carton.pl\/blog\/wp-content\/uploads\/2021\/12\/1_1_K_980-01-683x1024.jpg 683w, https:\/\/www.carton.pl\/blog\/wp-content\/uploads\/2021\/12\/1_1_K_980-01-200x300.jpg 200w, https:\/\/www.carton.pl\/blog\/wp-content\/uploads\/2021\/12\/1_1_K_980-01.jpg 700w\" sizes=\"auto, (max-width: 683px) 100vw, 683px\" \/><\/figure>\n\n\n\n<p class=\"has-text-align-center has-medium-font-size\"><strong><a href=\"https:\/\/www.carton.pl\/koszulka-farben-lehre-xmas-K_980\">Koszulka FARBEN LEHRE &#8211; XMAS<\/a><\/strong><\/p>\n\n\n\n<div class=\"wp-block-buttons is-content-justification-center is-layout-flex wp-block-buttons-is-layout-flex\">\n<div class=\"wp-block-button has-custom-font-size has-medium-font-size\"><a class=\"wp-block-button__link has-background\" href=\"https:\/\/www.carton.pl\/koszulka-farben-lehre-xmas-K_980\" style=\"background-color:#c20e0e\">Kup teraz<\/a><\/div>\n<\/div>\n<\/div>\n\n\n\n<div class=\"wp-block-column is-layout-flow wp-block-column-is-layout-flow\">\n<figure class=\"wp-block-image size-large\"><img loading=\"lazy\" decoding=\"async\" width=\"683\" height=\"1024\" src=\"https:\/\/carton.pl\/blog\/wp-content\/uploads\/2021\/12\/1_1_KD_980-01-683x1024.jpg\" alt=\"\" class=\"wp-image-296\" srcset=\"https:\/\/www.carton.pl\/blog\/wp-content\/uploads\/2021\/12\/1_1_KD_980-01-683x1024.jpg 683w, https:\/\/www.carton.pl\/blog\/wp-content\/uploads\/2021\/12\/1_1_KD_980-01-200x300.jpg 200w, https:\/\/www.carton.pl\/blog\/wp-content\/uploads\/2021\/12\/1_1_KD_980-01.jpg 700w\" sizes=\"auto, (max-width: 683px) 100vw, 683px\" \/><\/figure>\n\n\n\n<p class=\"has-text-align-center has-medium-font-size\"><strong><a href=\"https:\/\/www.carton.pl\/koszulka-damska-farben-lehre-xmas-KD_980\">Koszulka damska FARBEN LEHRE &#8211; XMAS<\/a><\/strong><\/p>\n\n\n\n<div class=\"wp-block-buttons is-content-justification-center is-layout-flex wp-block-buttons-is-layout-flex\">\n<div class=\"wp-block-button has-custom-font-size has-medium-font-size\"><a class=\"wp-block-button__link has-background\" href=\"https:\/\/www.carton.pl\/koszulka-damska-farben-lehre-xmas-KD_980\" style=\"background-color:#c20e0e\">Kup teraz<\/a><\/div>\n<\/div>\n<\/div>\n\n\n\n<div class=\"wp-block-column is-layout-flow wp-block-column-is-layout-flow\">\n<figure class=\"wp-block-image size-large\"><img loading=\"lazy\" decoding=\"async\" width=\"683\" height=\"1024\" src=\"https:\/\/carton.pl\/blog\/wp-content\/uploads\/2021\/12\/1_1_KJ_980-01-683x1024.jpg\" alt=\"\" class=\"wp-image-297\" srcset=\"https:\/\/www.carton.pl\/blog\/wp-content\/uploads\/2021\/12\/1_1_KJ_980-01-683x1024.jpg 683w, https:\/\/www.carton.pl\/blog\/wp-content\/uploads\/2021\/12\/1_1_KJ_980-01-200x300.jpg 200w, https:\/\/www.carton.pl\/blog\/wp-content\/uploads\/2021\/12\/1_1_KJ_980-01.jpg 700w\" sizes=\"auto, (max-width: 683px) 100vw, 683px\" \/><\/figure>\n\n\n\n<p class=\"has-text-align-center has-medium-font-size\"><strong><a href=\"https:\/\/www.carton.pl\/koszulka-junior-farben-lehre-xmas-KJ_980\">Koszulka Junior FARBEN LEHRE &#8211; XMAS<\/a><\/strong><\/p>\n\n\n\n<div class=\"wp-block-buttons is-content-justification-center is-layout-flex wp-block-buttons-is-layout-flex\">\n<div class=\"wp-block-button has-custom-font-size has-medium-font-size\"><a class=\"wp-block-button__link has-background\" href=\"https:\/\/www.carton.pl\/koszulka-junior-farben-lehre-xmas-KJ_980\" style=\"background-color:#c20e0e\">Kup teraz<\/a><\/div>\n<\/div>\n<\/div>\n<\/div>\n\n\n\n<h3 class=\"wp-block-heading\">Koszulki \u015bwi\u0105teczne m\u0119skie \u2013 Farben Lehre XMAS<\/h3>\n\n\n\n<p>Czarne<strong> koszulki \u015bwi\u0105teczne m\u0119skie<\/strong> z charakterystycznym wzorem. Wykonane ze 100% naturalnej, wytrzyma\u0142ej bawe\u0142ny. Szalejesz za Farben Lehre i chcesz zrobi\u0107 sobie prezent, w kt\u00f3rym poka\u017cesz si\u0119 na corocznej pasterkowej popijawie? Ten t-shirt \u015bwietnie si\u0119 do tego nada.&nbsp;<\/p>\n\n\n\n<h3 class=\"wp-block-heading\">Koszulki \u015bwi\u0105teczne damskie \u2013 Farben Lehre XMAS<\/h3>\n\n\n\n<p>Znudzona \u015bwi\u0105tecznymi t-shirtami z oklepanymi wzorami? Czas powiesi\u0107 w swojej szafie co\u015b, czego jeszcze z pewno\u015bci\u0105 nie masz. Stylowe <strong>koszulki \u015bwi\u0105teczne damskie <\/strong>z motywem Farben Lehre sprawi\u0105, \u017ce zdecydowanie wyr\u00f3\u017cnisz si\u0119 z t\u0142umu.&nbsp;<\/p>\n\n\n\n<p>Chcesz pokaza\u0107 swoje zami\u0142owanie do zespo\u0142u Farben Lehre? A mo\u017ce po prostu stawiasz na oryginalno\u015b\u0107 lub chcesz rozbawi\u0107 towarzystwo swoim niecodziennym \u015bwi\u0105tecznym outfitem? Niezale\u017cnie od tego, co Tob\u0105 kieruje, nasze damskie t-shirty \u015bwietnie wpasuj\u0105 si\u0119 w Twoj\u0105 garderob\u0119.&nbsp;<\/p>\n\n\n\n<h3 class=\"wp-block-heading\">Koszulka \u015bwi\u0105teczna dla dzieci \u2013 Farben Lehre XMAS<\/h3>\n\n\n\n<p>Nie masz pomys\u0142u na prezent dla swojego malucha, a wiesz, \u017ce jara si\u0119 Farben Lehre? <strong>Koszulka \u015bwi\u0105teczna dla dzieci <\/strong>z charakterystyczn\u0105 czaszk\u0105 (ale w niecodziennej ods\u0142onie) z pewno\u015bci\u0105 sprawi mu sporo radochy.&nbsp;<\/p>\n\n\n\n<p>Nasze t-shirty dla junior\u00f3w maj\u0105 specjaln\u0105 rozmiar\u00f3wk\u0119, przystosowan\u0105 do dzieci. Dzi\u0119ki temu mo\u017cesz swobodnie dobra\u0107 wymiary do wieku i sylwetki swojej pociechy.&nbsp;<\/p>\n\n\n\n<h2 class=\"wp-block-heading\">Jak dobra\u0107 rozmiar naszych koszulek?<\/h2>\n\n\n\n<p>Kiedy zamawiasz <strong>koszulki \u015bwi\u0105teczne dla ca\u0142ej rodziny <\/strong>przez internet, musisz pami\u0119ta\u0107 o kilku wa\u017cnych kwestiach. Przede wszystkim \u2013 to nie to samo, co zakupy w centrum handlowym. Tam zazwyczaj mo\u017cesz zabra\u0107 ciuchy do przymierzalni lub po prostu wzi\u0105\u0107 je do r\u0119ki. W przypadku zakup\u00f3w online nie jest to mo\u017cliwe.&nbsp;<\/p>\n\n\n\n<p>Powszechnym b\u0142\u0119dem w\u015br\u00f3d klient\u00f3w jest kupowanie na oko albo wybieranie tego samego rozmiaru, co w innych sklepach internetowych. Ka\u017cda firma ma w\u0142asn\u0105 rozmiar\u00f3wk\u0119 \u2013 nasza L-ka mo\u017ce nie by\u0107 tym samym, co identyczne oznaczenie u kogo\u015b innego.&nbsp;<\/p>\n\n\n\n<p>Konieczno\u015b\u0107 odsy\u0142ki i wymiany towaru na inny to problem. Je\u015bli to prezent pod choink\u0119, kt\u00f3ry okaza\u0142 si\u0119 by\u0107 za du\u017cy lub za ma\u0142y \u2013 k\u0142opot jest jeszcze wi\u0119kszy. Chcemy Ci tego oszcz\u0119dzi\u0107, dlatego zostawiamy tu kilka porad w kwestii tego, jak dobrze dobra\u0107 t-shirt.&nbsp;<\/p>\n\n\n\n<p>Przy ka\u017cdym naszym produkcie znajdziesz tabel\u0119 rozmiar\u00f3w z odpowiednimi oznaczeniami. Zwr\u00f3\u0107 szczeg\u00f3ln\u0105 uwag\u0119 na wymiar A, czyli tzw. po\u0142ow\u0119 obwodu klatki piersiowej; to rzeczywista szeroko\u015b\u0107 koszulki.<\/p>\n\n\n\n<h3 class=\"wp-block-heading\">Zmierz sw\u00f3j ulubiony t-shirt<\/h3>\n\n\n\n<p>Naj\u0142atwiejszym sposobem na znalezienie koszulki w odpowiednim rozmiarze jest dokonanie pomiar\u00f3w na tej, kt\u00f3r\u0105 ju\u017c masz. Po\u0142\u00f3\u017c j\u0105 p\u0142asko na stole lub innej powierzchni, zmierz jej d\u0142ugo\u015b\u0107 oraz szeroko\u015b\u0107 i por\u00f3wnaj z tabel\u0105 wymiar\u00f3w na stronie carton.pl. Pami\u0119taj, \u017ceby jej zanadto nie rozci\u0105ga\u0107 \u2013 mo\u017ce to sprawi\u0107, \u017ce pomiary b\u0119d\u0105 niedok\u0142adne.&nbsp;<\/p>\n\n\n\n<p>Obw\u00f3d po\u0142owy klatki piersiowej (A) to odleg\u0142o\u015b\u0107 od pachy do pachy po jednej stronie koszulki. D\u0142ugo\u015b\u0107 (B) mierzysz od dolnej kraw\u0119dzi do samego ko\u0142nierza t-shirtu.&nbsp;<\/p>\n\n\n\n<p>Je\u015bli Twoja ulubiona koszulka mierzy 53 cm od boku do boku, jej odpowiednikiem w naszym sklepie b\u0119dzie rozmiar L. Nic trudnego!&nbsp;<\/p>\n\n\n\n<h2 class=\"wp-block-heading\">Rodzinne koszulki \u015bwi\u0105teczne na carton.pl<\/h2>\n\n\n\n<p>Z okazji zbli\u017caj\u0105cych si\u0119 \u015bwi\u0105t przygotowali\u015bmy tematyczne<strong> koszulki \u015bwi\u0105teczne \u2013 m\u0119skie<\/strong>, damskie oraz dla dzieci. Nasze ciuchy szyjemy tylko z naturalnych materia\u0142\u00f3w. Dzi\u0119ki temu masz pewno\u015b\u0107, \u017ce t-shirty z naszego sklepu b\u0119d\u0105 trwa\u0142e i oddychaj\u0105ce, czego nie mo\u017cna powiedzie\u0107 o ubraniach z tworzyw sztucznych.Przejd\u017a na stron\u0119 naszego sklepu, wybierz sw\u00f3j rozmiar i zam\u00f3w <strong>koszulki \u015bwi\u0105teczne dla ca\u0142ej rodziny<\/strong>, p\u00f3ki jeszcze nie wyprzedali\u015bmy wszystkiego!<\/p>\n","protected":false},"excerpt":{"rendered":"<p>Bo\u017ce Narodzenie za pasem \u2013 \u015bwi\u0105teczne szale\u0144stwo zakupowe czas zacz\u0105\u0107. Z tej okazji przygotowali\u015bmy oryginalne koszulki \u015bwi\u0105teczne dla ca\u0142ej rodziny. Nie s\u0105 to jednak sztampowe ciuchy ze \u015bwi\u0119tym Miko\u0142ajem czy ozdobion\u0105 choink\u0105. Na naszych t-shirtach znajdziesz unikalne wzory, kt\u00f3re przedstawiaj\u0105 zesp\u00f3\u0142 Farben Lehre w bardziej od\u015bwi\u0119tnym wydaniu. Spiesz si\u0119, zanim wszystko wykupi\u0105!<\/p>\n","protected":false},"author":2,"featured_media":298,"comment_status":"closed","ping_status":"open","sticky":false,"template":"","format":"standard","meta":{"footnotes":""},"categories":[3],"tags":[],"class_list":["post-294","post","type-post","status-publish","format-standard","has-post-thumbnail","hentry","category-ciuchy"],"yoast_head":"<!-- This site is optimized with the Yoast SEO plugin v26.9 - https:\/\/yoast.com\/product\/yoast-seo-wordpress\/ -->\n<title>Koszulki \u015bwi\u0105teczne dla ca\u0142ej rodziny. Tak to robimy w carton.pl! - BLOG carton.pl<\/title>\n<meta name=\"description\" content=\"Koszulki \u015bwi\u0105teczne dla ca\u0142ej rodziny? Sprawd\u017a zestaw XMAS od FARBEN LEHRE. Dost\u0119pny wy\u0142\u0105cznie na carton.pl!\" \/>\n<meta name=\"robots\" content=\"index, follow, max-snippet:-1, max-image-preview:large, max-video-preview:-1\" \/>\n<link rel=\"canonical\" href=\"https:\/\/www.carton.pl\/blog\/koszulki-swiateczne-dla-calej-rodziny-tak-to-robimy-w-carton-pl\/\" \/>\n<meta property=\"og:locale\" content=\"pl_PL\" \/>\n<meta property=\"og:type\" content=\"article\" \/>\n<meta property=\"og:title\" content=\"Koszulki \u015bwi\u0105teczne dla ca\u0142ej rodziny. Tak to robimy w carton.pl! - BLOG carton.pl\" \/>\n<meta property=\"og:description\" content=\"Koszulki \u015bwi\u0105teczne dla ca\u0142ej rodziny? Sprawd\u017a zestaw XMAS od FARBEN LEHRE. Dost\u0119pny wy\u0142\u0105cznie na carton.pl!\" \/>\n<meta property=\"og:url\" content=\"https:\/\/www.carton.pl\/blog\/koszulki-swiateczne-dla-calej-rodziny-tak-to-robimy-w-carton-pl\/\" \/>\n<meta property=\"og:site_name\" content=\"BLOG carton.pl\" \/>\n<meta property=\"article:published_time\" content=\"2021-12-10T12:56:22+00:00\" \/>\n<meta property=\"article:modified_time\" content=\"2021-12-13T10:07:53+00:00\" \/>\n<meta property=\"og:image\" content=\"https:\/\/www.carton.pl\/blog\/wp-content\/uploads\/2021\/12\/FARBEN-LEHRE-XMAS-BLOG.jpg\" \/>\n\t<meta property=\"og:image:width\" content=\"900\" \/>\n\t<meta property=\"og:image:height\" content=\"600\" \/>\n\t<meta property=\"og:image:type\" content=\"image\/jpeg\" \/>\n<meta name=\"author\" content=\"Tomek\" \/>\n<meta name=\"twitter:card\" content=\"summary_large_image\" \/>\n<meta name=\"twitter:label1\" content=\"Napisane przez\" \/>\n\t<meta name=\"twitter:data1\" content=\"Tomek\" \/>\n\t<meta name=\"twitter:label2\" content=\"Szacowany czas czytania\" \/>\n\t<meta name=\"twitter:data2\" content=\"4 minuty\" \/>\n<script type=\"application\/ld+json\" class=\"yoast-schema-graph\">{\"@context\":\"https:\/\/schema.org\",\"@graph\":[{\"@type\":\"Article\",\"@id\":\"https:\/\/www.carton.pl\/blog\/koszulki-swiateczne-dla-calej-rodziny-tak-to-robimy-w-carton-pl\/#article\",\"isPartOf\":{\"@id\":\"https:\/\/www.carton.pl\/blog\/koszulki-swiateczne-dla-calej-rodziny-tak-to-robimy-w-carton-pl\/\"},\"author\":{\"name\":\"Tomek\",\"@id\":\"https:\/\/www.carton.pl\/blog\/#\/schema\/person\/de344cca6ded145c31c54b7017bb2d1d\"},\"headline\":\"Koszulki \u015bwi\u0105teczne dla ca\u0142ej rodziny. Tak to robimy w carton.pl!\",\"datePublished\":\"2021-12-10T12:56:22+00:00\",\"dateModified\":\"2021-12-13T10:07:53+00:00\",\"mainEntityOfPage\":{\"@id\":\"https:\/\/www.carton.pl\/blog\/koszulki-swiateczne-dla-calej-rodziny-tak-to-robimy-w-carton-pl\/\"},\"wordCount\":922,\"publisher\":{\"@id\":\"https:\/\/www.carton.pl\/blog\/#organization\"},\"image\":{\"@id\":\"https:\/\/www.carton.pl\/blog\/koszulki-swiateczne-dla-calej-rodziny-tak-to-robimy-w-carton-pl\/#primaryimage\"},\"thumbnailUrl\":\"https:\/\/www.carton.pl\/blog\/wp-content\/uploads\/2021\/12\/FARBEN-LEHRE-XMAS-BLOG.jpg\",\"articleSection\":[\"Ciuchy\"],\"inLanguage\":\"pl-PL\"},{\"@type\":\"WebPage\",\"@id\":\"https:\/\/www.carton.pl\/blog\/koszulki-swiateczne-dla-calej-rodziny-tak-to-robimy-w-carton-pl\/\",\"url\":\"https:\/\/www.carton.pl\/blog\/koszulki-swiateczne-dla-calej-rodziny-tak-to-robimy-w-carton-pl\/\",\"name\":\"Koszulki \u015bwi\u0105teczne dla ca\u0142ej rodziny. Tak to robimy w carton.pl! - BLOG carton.pl\",\"isPartOf\":{\"@id\":\"https:\/\/www.carton.pl\/blog\/#website\"},\"primaryImageOfPage\":{\"@id\":\"https:\/\/www.carton.pl\/blog\/koszulki-swiateczne-dla-calej-rodziny-tak-to-robimy-w-carton-pl\/#primaryimage\"},\"image\":{\"@id\":\"https:\/\/www.carton.pl\/blog\/koszulki-swiateczne-dla-calej-rodziny-tak-to-robimy-w-carton-pl\/#primaryimage\"},\"thumbnailUrl\":\"https:\/\/www.carton.pl\/blog\/wp-content\/uploads\/2021\/12\/FARBEN-LEHRE-XMAS-BLOG.jpg\",\"datePublished\":\"2021-12-10T12:56:22+00:00\",\"dateModified\":\"2021-12-13T10:07:53+00:00\",\"description\":\"Koszulki \u015bwi\u0105teczne dla ca\u0142ej rodziny? Sprawd\u017a zestaw XMAS od FARBEN LEHRE. Dost\u0119pny wy\u0142\u0105cznie na carton.pl!\",\"breadcrumb\":{\"@id\":\"https:\/\/www.carton.pl\/blog\/koszulki-swiateczne-dla-calej-rodziny-tak-to-robimy-w-carton-pl\/#breadcrumb\"},\"inLanguage\":\"pl-PL\",\"potentialAction\":[{\"@type\":\"ReadAction\",\"target\":[\"https:\/\/www.carton.pl\/blog\/koszulki-swiateczne-dla-calej-rodziny-tak-to-robimy-w-carton-pl\/\"]}]},{\"@type\":\"ImageObject\",\"inLanguage\":\"pl-PL\",\"@id\":\"https:\/\/www.carton.pl\/blog\/koszulki-swiateczne-dla-calej-rodziny-tak-to-robimy-w-carton-pl\/#primaryimage\",\"url\":\"https:\/\/www.carton.pl\/blog\/wp-content\/uploads\/2021\/12\/FARBEN-LEHRE-XMAS-BLOG.jpg\",\"contentUrl\":\"https:\/\/www.carton.pl\/blog\/wp-content\/uploads\/2021\/12\/FARBEN-LEHRE-XMAS-BLOG.jpg\",\"width\":900,\"height\":600},{\"@type\":\"BreadcrumbList\",\"@id\":\"https:\/\/www.carton.pl\/blog\/koszulki-swiateczne-dla-calej-rodziny-tak-to-robimy-w-carton-pl\/#breadcrumb\",\"itemListElement\":[{\"@type\":\"ListItem\",\"position\":1,\"name\":\"Strona g\u0142\u00f3wna\",\"item\":\"https:\/\/www.carton.pl\/blog\/\"},{\"@type\":\"ListItem\",\"position\":2,\"name\":\"Koszulki \u015bwi\u0105teczne dla ca\u0142ej rodziny. Tak to robimy w carton.pl!\"}]},{\"@type\":\"WebSite\",\"@id\":\"https:\/\/www.carton.pl\/blog\/#website\",\"url\":\"https:\/\/www.carton.pl\/blog\/\",\"name\":\"BLOG carton.pl\",\"description\":\"Zespo\u0142y, ciuchy, muzyka - o tym piszemy\",\"publisher\":{\"@id\":\"https:\/\/www.carton.pl\/blog\/#organization\"},\"potentialAction\":[{\"@type\":\"SearchAction\",\"target\":{\"@type\":\"EntryPoint\",\"urlTemplate\":\"https:\/\/www.carton.pl\/blog\/?s={search_term_string}\"},\"query-input\":{\"@type\":\"PropertyValueSpecification\",\"valueRequired\":true,\"valueName\":\"search_term_string\"}}],\"inLanguage\":\"pl-PL\"},{\"@type\":\"Organization\",\"@id\":\"https:\/\/www.carton.pl\/blog\/#organization\",\"name\":\"CARTON Tomasz Kowalski\",\"url\":\"https:\/\/www.carton.pl\/blog\/\",\"logo\":{\"@type\":\"ImageObject\",\"inLanguage\":\"pl-PL\",\"@id\":\"https:\/\/www.carton.pl\/blog\/#\/schema\/logo\/image\/\",\"url\":\"https:\/\/carton.pl\/blog\/wp-content\/uploads\/2021\/12\/carton_merch_logo.png\",\"contentUrl\":\"https:\/\/carton.pl\/blog\/wp-content\/uploads\/2021\/12\/carton_merch_logo.png\",\"width\":205,\"height\":56,\"caption\":\"CARTON Tomasz Kowalski\"},\"image\":{\"@id\":\"https:\/\/www.carton.pl\/blog\/#\/schema\/logo\/image\/\"}},{\"@type\":\"Person\",\"@id\":\"https:\/\/www.carton.pl\/blog\/#\/schema\/person\/de344cca6ded145c31c54b7017bb2d1d\",\"name\":\"Tomek\",\"image\":{\"@type\":\"ImageObject\",\"inLanguage\":\"pl-PL\",\"@id\":\"https:\/\/www.carton.pl\/blog\/#\/schema\/person\/image\/\",\"url\":\"https:\/\/secure.gravatar.com\/avatar\/c2a11a2e6f85d610387f5fc3605cf6b2b1af61f0ffb9fa4669a13a3e4c0e1281?s=96&d=mm&r=g\",\"contentUrl\":\"https:\/\/secure.gravatar.com\/avatar\/c2a11a2e6f85d610387f5fc3605cf6b2b1af61f0ffb9fa4669a13a3e4c0e1281?s=96&d=mm&r=g\",\"caption\":\"Tomek\"},\"url\":\"https:\/\/www.carton.pl\/blog\/author\/carton\/\"}]}<\/script>\n<!-- \/ Yoast SEO plugin. -->","yoast_head_json":{"title":"Koszulki \u015bwi\u0105teczne dla ca\u0142ej rodziny. Tak to robimy w carton.pl! - BLOG carton.pl","description":"Koszulki \u015bwi\u0105teczne dla ca\u0142ej rodziny? Sprawd\u017a zestaw XMAS od FARBEN LEHRE. Dost\u0119pny wy\u0142\u0105cznie na carton.pl!","robots":{"index":"index","follow":"follow","max-snippet":"max-snippet:-1","max-image-preview":"max-image-preview:large","max-video-preview":"max-video-preview:-1"},"canonical":"https:\/\/www.carton.pl\/blog\/koszulki-swiateczne-dla-calej-rodziny-tak-to-robimy-w-carton-pl\/","og_locale":"pl_PL","og_type":"article","og_title":"Koszulki \u015bwi\u0105teczne dla ca\u0142ej rodziny. Tak to robimy w carton.pl! - BLOG carton.pl","og_description":"Koszulki \u015bwi\u0105teczne dla ca\u0142ej rodziny? Sprawd\u017a zestaw XMAS od FARBEN LEHRE. Dost\u0119pny wy\u0142\u0105cznie na carton.pl!","og_url":"https:\/\/www.carton.pl\/blog\/koszulki-swiateczne-dla-calej-rodziny-tak-to-robimy-w-carton-pl\/","og_site_name":"BLOG carton.pl","article_published_time":"2021-12-10T12:56:22+00:00","article_modified_time":"2021-12-13T10:07:53+00:00","og_image":[{"width":900,"height":600,"url":"https:\/\/www.carton.pl\/blog\/wp-content\/uploads\/2021\/12\/FARBEN-LEHRE-XMAS-BLOG.jpg","type":"image\/jpeg"}],"author":"Tomek","twitter_card":"summary_large_image","twitter_misc":{"Napisane przez":"Tomek","Szacowany czas czytania":"4 minuty"},"schema":{"@context":"https:\/\/schema.org","@graph":[{"@type":"Article","@id":"https:\/\/www.carton.pl\/blog\/koszulki-swiateczne-dla-calej-rodziny-tak-to-robimy-w-carton-pl\/#article","isPartOf":{"@id":"https:\/\/www.carton.pl\/blog\/koszulki-swiateczne-dla-calej-rodziny-tak-to-robimy-w-carton-pl\/"},"author":{"name":"Tomek","@id":"https:\/\/www.carton.pl\/blog\/#\/schema\/person\/de344cca6ded145c31c54b7017bb2d1d"},"headline":"Koszulki \u015bwi\u0105teczne dla ca\u0142ej rodziny. Tak to robimy w carton.pl!","datePublished":"2021-12-10T12:56:22+00:00","dateModified":"2021-12-13T10:07:53+00:00","mainEntityOfPage":{"@id":"https:\/\/www.carton.pl\/blog\/koszulki-swiateczne-dla-calej-rodziny-tak-to-robimy-w-carton-pl\/"},"wordCount":922,"publisher":{"@id":"https:\/\/www.carton.pl\/blog\/#organization"},"image":{"@id":"https:\/\/www.carton.pl\/blog\/koszulki-swiateczne-dla-calej-rodziny-tak-to-robimy-w-carton-pl\/#primaryimage"},"thumbnailUrl":"https:\/\/www.carton.pl\/blog\/wp-content\/uploads\/2021\/12\/FARBEN-LEHRE-XMAS-BLOG.jpg","articleSection":["Ciuchy"],"inLanguage":"pl-PL"},{"@type":"WebPage","@id":"https:\/\/www.carton.pl\/blog\/koszulki-swiateczne-dla-calej-rodziny-tak-to-robimy-w-carton-pl\/","url":"https:\/\/www.carton.pl\/blog\/koszulki-swiateczne-dla-calej-rodziny-tak-to-robimy-w-carton-pl\/","name":"Koszulki \u015bwi\u0105teczne dla ca\u0142ej rodziny. Tak to robimy w carton.pl! - BLOG carton.pl","isPartOf":{"@id":"https:\/\/www.carton.pl\/blog\/#website"},"primaryImageOfPage":{"@id":"https:\/\/www.carton.pl\/blog\/koszulki-swiateczne-dla-calej-rodziny-tak-to-robimy-w-carton-pl\/#primaryimage"},"image":{"@id":"https:\/\/www.carton.pl\/blog\/koszulki-swiateczne-dla-calej-rodziny-tak-to-robimy-w-carton-pl\/#primaryimage"},"thumbnailUrl":"https:\/\/www.carton.pl\/blog\/wp-content\/uploads\/2021\/12\/FARBEN-LEHRE-XMAS-BLOG.jpg","datePublished":"2021-12-10T12:56:22+00:00","dateModified":"2021-12-13T10:07:53+00:00","description":"Koszulki \u015bwi\u0105teczne dla ca\u0142ej rodziny? Sprawd\u017a zestaw XMAS od FARBEN LEHRE. Dost\u0119pny wy\u0142\u0105cznie na carton.pl!","breadcrumb":{"@id":"https:\/\/www.carton.pl\/blog\/koszulki-swiateczne-dla-calej-rodziny-tak-to-robimy-w-carton-pl\/#breadcrumb"},"inLanguage":"pl-PL","potentialAction":[{"@type":"ReadAction","target":["https:\/\/www.carton.pl\/blog\/koszulki-swiateczne-dla-calej-rodziny-tak-to-robimy-w-carton-pl\/"]}]},{"@type":"ImageObject","inLanguage":"pl-PL","@id":"https:\/\/www.carton.pl\/blog\/koszulki-swiateczne-dla-calej-rodziny-tak-to-robimy-w-carton-pl\/#primaryimage","url":"https:\/\/www.carton.pl\/blog\/wp-content\/uploads\/2021\/12\/FARBEN-LEHRE-XMAS-BLOG.jpg","contentUrl":"https:\/\/www.carton.pl\/blog\/wp-content\/uploads\/2021\/12\/FARBEN-LEHRE-XMAS-BLOG.jpg","width":900,"height":600},{"@type":"BreadcrumbList","@id":"https:\/\/www.carton.pl\/blog\/koszulki-swiateczne-dla-calej-rodziny-tak-to-robimy-w-carton-pl\/#breadcrumb","itemListElement":[{"@type":"ListItem","position":1,"name":"Strona g\u0142\u00f3wna","item":"https:\/\/www.carton.pl\/blog\/"},{"@type":"ListItem","position":2,"name":"Koszulki \u015bwi\u0105teczne dla ca\u0142ej rodziny. Tak to robimy w carton.pl!"}]},{"@type":"WebSite","@id":"https:\/\/www.carton.pl\/blog\/#website","url":"https:\/\/www.carton.pl\/blog\/","name":"BLOG carton.pl","description":"Zespo\u0142y, ciuchy, muzyka - o tym piszemy","publisher":{"@id":"https:\/\/www.carton.pl\/blog\/#organization"},"potentialAction":[{"@type":"SearchAction","target":{"@type":"EntryPoint","urlTemplate":"https:\/\/www.carton.pl\/blog\/?s={search_term_string}"},"query-input":{"@type":"PropertyValueSpecification","valueRequired":true,"valueName":"search_term_string"}}],"inLanguage":"pl-PL"},{"@type":"Organization","@id":"https:\/\/www.carton.pl\/blog\/#organization","name":"CARTON Tomasz Kowalski","url":"https:\/\/www.carton.pl\/blog\/","logo":{"@type":"ImageObject","inLanguage":"pl-PL","@id":"https:\/\/www.carton.pl\/blog\/#\/schema\/logo\/image\/","url":"https:\/\/carton.pl\/blog\/wp-content\/uploads\/2021\/12\/carton_merch_logo.png","contentUrl":"https:\/\/carton.pl\/blog\/wp-content\/uploads\/2021\/12\/carton_merch_logo.png","width":205,"height":56,"caption":"CARTON Tomasz Kowalski"},"image":{"@id":"https:\/\/www.carton.pl\/blog\/#\/schema\/logo\/image\/"}},{"@type":"Person","@id":"https:\/\/www.carton.pl\/blog\/#\/schema\/person\/de344cca6ded145c31c54b7017bb2d1d","name":"Tomek","image":{"@type":"ImageObject","inLanguage":"pl-PL","@id":"https:\/\/www.carton.pl\/blog\/#\/schema\/person\/image\/","url":"https:\/\/secure.gravatar.com\/avatar\/c2a11a2e6f85d610387f5fc3605cf6b2b1af61f0ffb9fa4669a13a3e4c0e1281?s=96&d=mm&r=g","contentUrl":"https:\/\/secure.gravatar.com\/avatar\/c2a11a2e6f85d610387f5fc3605cf6b2b1af61f0ffb9fa4669a13a3e4c0e1281?s=96&d=mm&r=g","caption":"Tomek"},"url":"https:\/\/www.carton.pl\/blog\/author\/carton\/"}]}},"_links":{"self":[{"href":"https:\/\/www.carton.pl\/blog\/wp-json\/wp\/v2\/posts\/294","targetHints":{"allow":["GET"]}}],"collection":[{"href":"https:\/\/www.carton.pl\/blog\/wp-json\/wp\/v2\/posts"}],"about":[{"href":"https:\/\/www.carton.pl\/blog\/wp-json\/wp\/v2\/types\/post"}],"author":[{"embeddable":true,"href":"https:\/\/www.carton.pl\/blog\/wp-json\/wp\/v2\/users\/2"}],"replies":[{"embeddable":true,"href":"https:\/\/www.carton.pl\/blog\/wp-json\/wp\/v2\/comments?post=294"}],"version-history":[{"count":3,"href":"https:\/\/www.carton.pl\/blog\/wp-json\/wp\/v2\/posts\/294\/revisions"}],"predecessor-version":[{"id":311,"href":"https:\/\/www.carton.pl\/blog\/wp-json\/wp\/v2\/posts\/294\/revisions\/311"}],"wp:featuredmedia":[{"embeddable":true,"href":"https:\/\/www.carton.pl\/blog\/wp-json\/wp\/v2\/media\/298"}],"wp:attachment":[{"href":"https:\/\/www.carton.pl\/blog\/wp-json\/wp\/v2\/media?parent=294"}],"wp:term":[{"taxonomy":"category","embeddable":true,"href":"https:\/\/www.carton.pl\/blog\/wp-json\/wp\/v2\/categories?post=294"},{"taxonomy":"post_tag","embeddable":true,"href":"https:\/\/www.carton.pl\/blog\/wp-json\/wp\/v2\/tags?post=294"}],"curies":[{"name":"wp","href":"https:\/\/api.w.org\/{rel}","templated":true}]}}