{"id":301,"date":"2021-12-10T14:54:25","date_gmt":"2021-12-10T13:54:25","guid":{"rendered":"https:\/\/carton.pl\/blog\/?p=301"},"modified":"2022-02-02T16:07:16","modified_gmt":"2022-02-02T15:07:16","slug":"konca-swiata-nie-widac-widac-i-to-z-nowa-plyta","status":"publish","type":"post","link":"https:\/\/www.carton.pl\/blog\/konca-swiata-nie-widac-widac-i-to-z-nowa-plyta\/","title":{"rendered":"Ko\u0144ca \u015awiata nie wida\u0107? Wida\u0107. I to z now\u0105 p\u0142yt\u0105!"},"content":{"rendered":"\n<p class=\"has-medium-font-size\">Dobra wiadomo\u015b\u0107 dla tych, kt\u00f3rzy nawet na \u015bwi\u0119ta puszczaj\u0105 dobr\u0105 muzyk\u0119 na g\u0142o\u015bnikach \u2013 <strong><a href=\"https:\/\/www.carton.pl\/zespol\/koniec-swiata\">zesp\u00f3\u0142 Koniec \u015awiata<\/a><\/strong> wydaje sw\u00f3j nowy kr\u0105\u017cek. Uwielbiasz ich tw\u00f3rczo\u015b\u0107, albo chocia\u017c masz znajomego fana? Spraw mu na \u015bwi\u0119ta prezent w postaci naszej koszulki z motywem tego zespo\u0142u. O czym b\u0119dzie nowa p\u0142yta i jakie kawa\u0142ki si\u0119 na niej znajd\u0105? Przygotuj si\u0119 na prawdziwy Koniec \u015awiata!<\/p>\n\n\n\n<!--more-->\n\n\n\n<h2 class=\"wp-block-heading\" id=\"koniec-swiata-nowa-plyta-durny\">Koniec \u015awiata \u2013 nowa p\u0142yta \u201eDurny\u201d<\/h2>\n\n\n\n<p>Co ciekawego przygotowa\u0142 dla nas <strong>Koniec \u015awiata? Nowa p\u0142yta \u2013 <\/strong>ju\u017c \u00f3sma z kolei \u2013 nosi wymown\u0105 nazw\u0119 \u201eDurny\u201d i sk\u0142ada si\u0119 z 10 kawa\u0142k\u00f3w. Zesp\u00f3\u0142 postanowi\u0142 tu poeksperymentowa\u0107 z zupe\u0142nie nowymi brzmieniami. Nie oznacza to jednak, \u017ce zapomnia\u0142 o swoich korzeniach. Najnowszy album przypadnie do gustu zar\u00f3wno starym wyjadaczom, jak i \u015bwie\u017cakom, kt\u00f3rzy dopiero co us\u0142yszeli o tej kapeli.<\/p>\n\n\n\n<p>Na p\u0142yt\u0119 \u201eDurny\u201d sk\u0142ada si\u0119 \u0142\u0105cznie 10 piosenek:&nbsp;<\/p>\n\n\n\n<p>1.&nbsp; Glasgow<\/p>\n\n\n\n<p>2.&nbsp; Divadlo<\/p>\n\n\n\n<p>3.&nbsp; Kiedy cia\u0142a mi nie starczy<\/p>\n\n\n\n<p>4.&nbsp; Miasto neonowych bomb<\/p>\n\n\n\n<p>5.&nbsp; Autobus<\/p>\n\n\n\n<p>6.&nbsp; Durny<\/p>\n\n\n\n<p>7.&nbsp; Wojna lato jesie\u0144<\/p>\n\n\n\n<p>8.&nbsp; Nie pami\u0119taj mnie<\/p>\n\n\n\n<p>9.&nbsp; Sukienka panny Montgomery<\/p>\n\n\n\n<p>10.&nbsp; Herbata z kokain\u0105<\/p>\n\n\n\n<p>Kt\u00f3ra z nich ma szans\u0119 sta\u0107 si\u0119 nowym hitem w \u015bwiecie polskiego rocka?<\/p>\n\n\n\n<div class=\"wp-block-columns is-layout-flex wp-container-core-columns-is-layout-9d6595d7 wp-block-columns-is-layout-flex\">\n<div class=\"wp-block-column is-layout-flow wp-block-column-is-layout-flow\">\n<figure class=\"wp-block-image size-large\"><img loading=\"lazy\" decoding=\"async\" width=\"683\" height=\"1024\" src=\"https:\/\/carton.pl\/blog\/wp-content\/uploads\/2021\/12\/1_1_BKZ_1021-01-683x1024.jpg\" alt=\"\" class=\"wp-image-302\" srcset=\"https:\/\/www.carton.pl\/blog\/wp-content\/uploads\/2021\/12\/1_1_BKZ_1021-01-683x1024.jpg 683w, https:\/\/www.carton.pl\/blog\/wp-content\/uploads\/2021\/12\/1_1_BKZ_1021-01-200x300.jpg 200w, https:\/\/www.carton.pl\/blog\/wp-content\/uploads\/2021\/12\/1_1_BKZ_1021-01.jpg 700w\" sizes=\"auto, (max-width: 683px) 100vw, 683px\" \/><\/figure>\n\n\n\n<p class=\"has-text-align-center has-medium-font-size\"><strong><a href=\"https:\/\/www.carton.pl\/bluza-z-kapturem-na-zamek-koniec-swiata-durny-BKZ_1021\">Bluza z kapturem na zamek KONIEC \u015aWIATA &#8211; DURNY<\/a><\/strong><\/p>\n\n\n\n<div class=\"wp-block-buttons is-horizontal is-content-justification-center is-layout-flex wp-container-core-buttons-is-layout-499968f5 wp-block-buttons-is-layout-flex\">\n<div class=\"wp-block-button has-custom-font-size has-medium-font-size\"><a class=\"wp-block-button__link has-background\" href=\"https:\/\/www.carton.pl\/bluza-z-kapturem-na-zamek-koniec-swiata-durny-BKZ_1021\" style=\"background-color:#c20e0e\">Kup teraz<\/a><\/div>\n<\/div>\n<\/div>\n\n\n\n<div class=\"wp-block-column is-layout-flow wp-block-column-is-layout-flow\">\n<figure class=\"wp-block-image size-large\"><img loading=\"lazy\" decoding=\"async\" width=\"683\" height=\"1024\" src=\"https:\/\/carton.pl\/blog\/wp-content\/uploads\/2021\/12\/1_1_KD_1021-01-683x1024.jpg\" alt=\"\" class=\"wp-image-304\" srcset=\"https:\/\/www.carton.pl\/blog\/wp-content\/uploads\/2021\/12\/1_1_KD_1021-01-683x1024.jpg 683w, https:\/\/www.carton.pl\/blog\/wp-content\/uploads\/2021\/12\/1_1_KD_1021-01-200x300.jpg 200w, https:\/\/www.carton.pl\/blog\/wp-content\/uploads\/2021\/12\/1_1_KD_1021-01.jpg 700w\" sizes=\"auto, (max-width: 683px) 100vw, 683px\" \/><\/figure>\n\n\n\n<p class=\"has-text-align-center has-medium-font-size\"><strong><a href=\"https:\/\/www.carton.pl\/koszulka-damska-koniec-swiata-durny-KD_1021\">Koszulka damska KONIEC \u015aWIATA &#8211; DURNY<\/a><\/strong><\/p>\n\n\n\n<div class=\"wp-block-buttons is-horizontal is-content-justification-center is-layout-flex wp-container-core-buttons-is-layout-499968f5 wp-block-buttons-is-layout-flex\">\n<div class=\"wp-block-button has-custom-font-size has-medium-font-size\"><a class=\"wp-block-button__link has-background\" href=\"https:\/\/www.carton.pl\/koszulka-damska-koniec-swiata-durny-KD_1021\" style=\"background-color:#c20e0e\">Kup teraz<\/a><\/div>\n<\/div>\n<\/div>\n\n\n\n<div class=\"wp-block-column is-layout-flow wp-block-column-is-layout-flow\">\n<figure class=\"wp-block-image size-large\"><img loading=\"lazy\" decoding=\"async\" width=\"683\" height=\"1024\" src=\"https:\/\/carton.pl\/blog\/wp-content\/uploads\/2021\/12\/1_1_K_1021-01-683x1024.jpg\" alt=\"\" class=\"wp-image-303\" srcset=\"https:\/\/www.carton.pl\/blog\/wp-content\/uploads\/2021\/12\/1_1_K_1021-01-683x1024.jpg 683w, https:\/\/www.carton.pl\/blog\/wp-content\/uploads\/2021\/12\/1_1_K_1021-01-200x300.jpg 200w, https:\/\/www.carton.pl\/blog\/wp-content\/uploads\/2021\/12\/1_1_K_1021-01.jpg 700w\" sizes=\"auto, (max-width: 683px) 100vw, 683px\" \/><\/figure>\n\n\n\n<p class=\"has-text-align-center has-medium-font-size\"><strong><a href=\"https:\/\/www.carton.pl\/koszulka-koniec-swiata-durny-K_1021\">Koszulka KONIEC \u015aWIATA &#8211; DURNY<\/a><\/strong><\/p>\n\n\n\n<div class=\"wp-block-buttons is-horizontal is-content-justification-center is-layout-flex wp-container-core-buttons-is-layout-499968f5 wp-block-buttons-is-layout-flex\">\n<div class=\"wp-block-button has-custom-font-size has-medium-font-size\"><a class=\"wp-block-button__link has-background\" href=\"https:\/\/www.carton.pl\/koszulka-koniec-swiata-durny-K_1021\" style=\"background-color:#c20e0e\">Kup teraz<\/a><\/div>\n<\/div>\n<\/div>\n<\/div>\n\n\n\n<h2 class=\"wp-block-heading\" id=\"koniec-swiata-zespol-i-jego-krotka-historia\">Koniec \u015bwiata \u2013 zesp\u00f3\u0142 i jego kr\u00f3tka historia<\/h2>\n\n\n\n<p>R\u00f3\u017cne media co roku strasz\u0105 nas widmem apokalipsy. Jak do tej pory \u017caden wyznaczony przez nich termin si\u0119 nie sprawdzi\u0142. Nieco inaczej jest na polskiej scenie muzycznej \u2013 tu ju\u017c od dw\u00f3ch dekad kr\u00f3luje <strong>Koniec \u015awiata. Zesp\u00f3\u0142 <\/strong>za\u0142o\u017cono dok\u0142adnie w 2000 roku w Katowicach i do dzisiaj pozostaje on muzycznym klejnotem \u015al\u0105ska. Za\u0142o\u017cycielem kapeli by\u0142 Jacek St\u0119szewski, kt\u00f3ry zajmowa\u0142 si\u0119 zar\u00f3wno wokalem, jak i graniem na gitarze.<\/p>\n\n\n\n<p>Jeszcze w tym roku zesp\u00f3\u0142 nagra\u0142 swoj\u0105 pierwsz\u0105 p\u0142yt\u0119 (a raczej kaset\u0119) pod tytu\u0142em \u201eKorzenie\u201d. Okaza\u0142a si\u0119 ona by\u0107 dok\u0142adnie tym, czego oczekiwali s\u0142uchacze. Kawa\u0142ki siad\u0142y zar\u00f3wno punkowcom, jak i rockowym fanatykom w ca\u0142ej Polsce, a <strong>zesp\u00f3\u0142 Koniec \u015awiata<\/strong> zacz\u0105\u0142 mie\u0107 przed sob\u0105 ca\u0142kiem niez\u0142e perspektywy.<\/p>\n\n\n\n<p>St\u0119szewski i sp\u00f3\u0142ka zacz\u0119li intensywniej koncertowa\u0107 po ca\u0142ym kraju i pojawili si\u0119 na kilku wa\u017cnych festiwalach muzycznych. By\u0142y to m.in. Warszawski Festiwal Reggae czy Afryka w Toruniu. Na Polsce si\u0119 nie sko\u0144czy\u0142o \u2013 ekipa do\u015b\u0107 szybko ruszy\u0142a poza granice naszego kraju. Grali cho\u0107by w Czechach, S\u0142owacji czy Niemczech, a wsz\u0119dzie fani przyjmowali ich z otwartymi ramionami.<\/p>\n\n\n\n<p>Kolejne lata przynios\u0142y jeszcze wi\u0119cej sukces\u00f3w cz\u0142onkom ekipy <strong>Koniec \u015awiata. Teksty <\/strong>i brzmienia ich autorstwa wpada\u0142y w ucho wielu ludziom, a sam zesp\u00f3\u0142 zdobywa\u0142 nagrod\u0119 za nagrod\u0105. Dzi\u015b spokojnie mo\u017cna nazwa\u0107 go jednym z filar\u00f3w polskiej muzyki XXI wieku.&nbsp;<\/p>\n\n\n\n<h2 class=\"wp-block-heading\" id=\"koniec-swiata-plyty-dyskografia-sklad-zespolu\">Koniec \u015awiata \u2013 p\u0142yty, dyskografia, sk\u0142ad zespo\u0142u<\/h2>\n\n\n\n<p>\u201eDurny\u201d to \u00f3smy ju\u017c album grupy <strong>Koniec \u015awiata. P\u0142yty<\/strong>, kt\u00f3re nagrali dotychczas, trzymaj\u0105 bardzo wysoki poziom. Nie mamy \u017cadnych w\u0105tpliwo\u015bci, \u017ce ich najnowsze dzie\u0142o tak\u017ce dor\u00f3wna tym klasykom. Pozosta\u0142e siedem kr\u0105\u017ck\u00f3w kapeli to:<\/p>\n\n\n\n<p>&#8211; Korzenie (2000);<\/p>\n\n\n\n<p> &#8211;  Symfonia na sprzeda\u017c (2002);<\/p>\n\n\n\n<p> &#8211;  Kino Mockba (2005);<\/p>\n\n\n\n<p> &#8211;  Burgerbar (2007);<\/p>\n\n\n\n<p> &#8211;  Oran\u017cada (2010);<\/p>\n\n\n\n<p> &#8211;  Hotel Polonia (2012);<\/p>\n\n\n\n<p> &#8211;  God Shave the Queen (2016).<\/p>\n\n\n\n<p>Powsta\u0142y te\u017c dwie jubileuszowe kompilacje \u2013 X Lat (2011) i XV Lat (2015) \u2013, na kt\u00f3rych punkcie fani oszaleli.<\/p>\n\n\n\n<p><strong>Zesp\u00f3\u0142 Koniec \u015awiata <\/strong>sk\u0142ada si\u0119 obecnie z pi\u0119ciu os\u00f3b: Jacka St\u0119szewskiego (wokalista\/gitarzysta), Jacka Czepu\u0142kowskiego (wokalista\/gitarzysta), Szymona Cirbusa (tr\u0119bacz i klawiszowiec), Wojtka Filipka (basista) i Micha\u0142a Leksa (perkusista).&nbsp;<\/p>\n\n\n\n<h2 class=\"wp-block-heading\" id=\"koszulki-koniec-swiata-na-carton-pl\">Koszulki \u201eKoniec \u015awiata\u201d na carton.pl<\/h2>\n\n\n\n<p>Lubisz Koniec \u015awiata i chcesz ich wesprze\u0107, a przy okazji zaopatrzy\u0107 si\u0119 w zajebisty gad\u017cet? Je\u015bli tak, jeste\u015b we w\u0142a\u015bciwym miejscu. Produkujemy <a href=\"https:\/\/www.carton.pl\/zespol\/koniec-swiata\">koszulki Koniec \u015awiata<\/a> we wsp\u00f3\u0142pracy z oficjaln\u0105 mark\u0105 zespo\u0142u. Oznacza to, \u017ce je\u015bli z\u0142o\u017cysz u nas zam\u00f3wienie, zarobi\u0105 na tym tak\u017ce tw\u00f3rcy Twoich ulubionych kawa\u0142k\u00f3w. Nie przegap takiej okazji!<\/p>\n\n\n\n<p>Nasze ubrania szyjemy tylko z naturalnej bawe\u0142ny, dlatego s\u0105 wytrzyma\u0142e i przepuszczaj\u0105 powietrze. Znamy potrzeby zapalonych koncertowicz\u00f3w, bo sami nimi jeste\u015bmy. Zapewniamy Ci\u0119, \u017ce ten t-shirt wytrzyma wszystko. No, prawie wszystko \u2013 na lataj\u0105ce p\u0142yty chodnikowe lepiej uwa\u017caj.&nbsp;<\/p>\n\n\n\n<p>Rozejrzyj si\u0119 po naszym sklepie i wybierz koszulki na prezent \u2013 dla siebie lub dla zapalonego fana polskiego rocka.<\/p>\n","protected":false},"excerpt":{"rendered":"<p>Dobra wiadomo\u015b\u0107 dla tych, kt\u00f3rzy nawet na \u015bwi\u0119ta puszczaj\u0105 dobr\u0105 muzyk\u0119 na g\u0142o\u015bnikach \u2013 zesp\u00f3\u0142 Koniec \u015awiata wydaje sw\u00f3j nowy kr\u0105\u017cek. Uwielbiasz ich tw\u00f3rczo\u015b\u0107, albo chocia\u017c masz znajomego fana? Spraw mu na \u015bwi\u0119ta prezent w postaci naszej koszulki z motywem tego zespo\u0142u. O czym b\u0119dzie nowa p\u0142yta i jakie kawa\u0142ki si\u0119 na niej znajd\u0105? Przygotuj si\u0119 na prawdziwy Koniec \u015awiata!<\/p>\n","protected":false},"author":2,"featured_media":305,"comment_status":"closed","ping_status":"open","sticky":false,"template":"","format":"standard","meta":{"footnotes":""},"categories":[3,2],"tags":[],"class_list":["post-301","post","type-post","status-publish","format-standard","has-post-thumbnail","hentry","category-ciuchy","category-zespoly"],"yoast_head":"<!-- This site is optimized with the Yoast SEO plugin v26.9 - https:\/\/yoast.com\/product\/yoast-seo-wordpress\/ -->\n<title>Ko\u0144ca \u015awiata nie wida\u0107? Wida\u0107. I to z now\u0105 p\u0142yt\u0105! - BLOG carton.pl<\/title>\n<meta name=\"description\" content=\"Zesp\u00f3\u0142 Koniec \u015awiata wraca z now\u0105 p\u0142yt\u0105! O czym jest? Ile p\u0142yt maj\u0105 ju\u017c na koncie? Wszystkiego dowiesz si\u0119 z bloga carton.pl.\" \/>\n<meta name=\"robots\" content=\"index, follow, max-snippet:-1, max-image-preview:large, max-video-preview:-1\" \/>\n<link rel=\"canonical\" href=\"https:\/\/www.carton.pl\/blog\/konca-swiata-nie-widac-widac-i-to-z-nowa-plyta\/\" \/>\n<meta property=\"og:locale\" content=\"pl_PL\" \/>\n<meta property=\"og:type\" content=\"article\" \/>\n<meta property=\"og:title\" content=\"Ko\u0144ca \u015awiata nie wida\u0107? Wida\u0107. I to z now\u0105 p\u0142yt\u0105! - BLOG carton.pl\" \/>\n<meta property=\"og:description\" content=\"Zesp\u00f3\u0142 Koniec \u015awiata wraca z now\u0105 p\u0142yt\u0105! O czym jest? Ile p\u0142yt maj\u0105 ju\u017c na koncie? Wszystkiego dowiesz si\u0119 z bloga carton.pl.\" \/>\n<meta property=\"og:url\" content=\"https:\/\/www.carton.pl\/blog\/konca-swiata-nie-widac-widac-i-to-z-nowa-plyta\/\" \/>\n<meta property=\"og:site_name\" content=\"BLOG carton.pl\" \/>\n<meta property=\"article:published_time\" content=\"2021-12-10T13:54:25+00:00\" \/>\n<meta property=\"article:modified_time\" content=\"2022-02-02T15:07:16+00:00\" \/>\n<meta property=\"og:image\" content=\"https:\/\/www.carton.pl\/blog\/wp-content\/uploads\/2021\/12\/KONIEC-SWIATA-DURNY-BLOG.jpg\" \/>\n\t<meta property=\"og:image:width\" content=\"900\" \/>\n\t<meta property=\"og:image:height\" content=\"600\" \/>\n\t<meta property=\"og:image:type\" content=\"image\/jpeg\" \/>\n<meta name=\"author\" content=\"Tomek\" \/>\n<meta name=\"twitter:card\" content=\"summary_large_image\" \/>\n<meta name=\"twitter:label1\" content=\"Napisane przez\" \/>\n\t<meta name=\"twitter:data1\" content=\"Tomek\" \/>\n\t<meta name=\"twitter:label2\" content=\"Szacowany czas czytania\" \/>\n\t<meta name=\"twitter:data2\" content=\"4 minuty\" \/>\n<script type=\"application\/ld+json\" class=\"yoast-schema-graph\">{\"@context\":\"https:\/\/schema.org\",\"@graph\":[{\"@type\":\"Article\",\"@id\":\"https:\/\/www.carton.pl\/blog\/konca-swiata-nie-widac-widac-i-to-z-nowa-plyta\/#article\",\"isPartOf\":{\"@id\":\"https:\/\/www.carton.pl\/blog\/konca-swiata-nie-widac-widac-i-to-z-nowa-plyta\/\"},\"author\":{\"name\":\"Tomek\",\"@id\":\"https:\/\/www.carton.pl\/blog\/#\/schema\/person\/de344cca6ded145c31c54b7017bb2d1d\"},\"headline\":\"Ko\u0144ca \u015awiata nie wida\u0107? Wida\u0107. I to z now\u0105 p\u0142yt\u0105!\",\"datePublished\":\"2021-12-10T13:54:25+00:00\",\"dateModified\":\"2022-02-02T15:07:16+00:00\",\"mainEntityOfPage\":{\"@id\":\"https:\/\/www.carton.pl\/blog\/konca-swiata-nie-widac-widac-i-to-z-nowa-plyta\/\"},\"wordCount\":760,\"publisher\":{\"@id\":\"https:\/\/www.carton.pl\/blog\/#organization\"},\"image\":{\"@id\":\"https:\/\/www.carton.pl\/blog\/konca-swiata-nie-widac-widac-i-to-z-nowa-plyta\/#primaryimage\"},\"thumbnailUrl\":\"https:\/\/www.carton.pl\/blog\/wp-content\/uploads\/2021\/12\/KONIEC-SWIATA-DURNY-BLOG.jpg\",\"articleSection\":[\"Ciuchy\",\"Zespo\u0142y\"],\"inLanguage\":\"pl-PL\"},{\"@type\":\"WebPage\",\"@id\":\"https:\/\/www.carton.pl\/blog\/konca-swiata-nie-widac-widac-i-to-z-nowa-plyta\/\",\"url\":\"https:\/\/www.carton.pl\/blog\/konca-swiata-nie-widac-widac-i-to-z-nowa-plyta\/\",\"name\":\"Ko\u0144ca \u015awiata nie wida\u0107? Wida\u0107. I to z now\u0105 p\u0142yt\u0105! - BLOG carton.pl\",\"isPartOf\":{\"@id\":\"https:\/\/www.carton.pl\/blog\/#website\"},\"primaryImageOfPage\":{\"@id\":\"https:\/\/www.carton.pl\/blog\/konca-swiata-nie-widac-widac-i-to-z-nowa-plyta\/#primaryimage\"},\"image\":{\"@id\":\"https:\/\/www.carton.pl\/blog\/konca-swiata-nie-widac-widac-i-to-z-nowa-plyta\/#primaryimage\"},\"thumbnailUrl\":\"https:\/\/www.carton.pl\/blog\/wp-content\/uploads\/2021\/12\/KONIEC-SWIATA-DURNY-BLOG.jpg\",\"datePublished\":\"2021-12-10T13:54:25+00:00\",\"dateModified\":\"2022-02-02T15:07:16+00:00\",\"description\":\"Zesp\u00f3\u0142 Koniec \u015awiata wraca z now\u0105 p\u0142yt\u0105! O czym jest? Ile p\u0142yt maj\u0105 ju\u017c na koncie? Wszystkiego dowiesz si\u0119 z bloga carton.pl.\",\"breadcrumb\":{\"@id\":\"https:\/\/www.carton.pl\/blog\/konca-swiata-nie-widac-widac-i-to-z-nowa-plyta\/#breadcrumb\"},\"inLanguage\":\"pl-PL\",\"potentialAction\":[{\"@type\":\"ReadAction\",\"target\":[\"https:\/\/www.carton.pl\/blog\/konca-swiata-nie-widac-widac-i-to-z-nowa-plyta\/\"]}]},{\"@type\":\"ImageObject\",\"inLanguage\":\"pl-PL\",\"@id\":\"https:\/\/www.carton.pl\/blog\/konca-swiata-nie-widac-widac-i-to-z-nowa-plyta\/#primaryimage\",\"url\":\"https:\/\/www.carton.pl\/blog\/wp-content\/uploads\/2021\/12\/KONIEC-SWIATA-DURNY-BLOG.jpg\",\"contentUrl\":\"https:\/\/www.carton.pl\/blog\/wp-content\/uploads\/2021\/12\/KONIEC-SWIATA-DURNY-BLOG.jpg\",\"width\":900,\"height\":600},{\"@type\":\"BreadcrumbList\",\"@id\":\"https:\/\/www.carton.pl\/blog\/konca-swiata-nie-widac-widac-i-to-z-nowa-plyta\/#breadcrumb\",\"itemListElement\":[{\"@type\":\"ListItem\",\"position\":1,\"name\":\"Strona g\u0142\u00f3wna\",\"item\":\"https:\/\/www.carton.pl\/blog\/\"},{\"@type\":\"ListItem\",\"position\":2,\"name\":\"Ko\u0144ca \u015awiata nie wida\u0107? Wida\u0107. I to z now\u0105 p\u0142yt\u0105!\"}]},{\"@type\":\"WebSite\",\"@id\":\"https:\/\/www.carton.pl\/blog\/#website\",\"url\":\"https:\/\/www.carton.pl\/blog\/\",\"name\":\"BLOG carton.pl\",\"description\":\"Zespo\u0142y, ciuchy, muzyka - o tym piszemy\",\"publisher\":{\"@id\":\"https:\/\/www.carton.pl\/blog\/#organization\"},\"potentialAction\":[{\"@type\":\"SearchAction\",\"target\":{\"@type\":\"EntryPoint\",\"urlTemplate\":\"https:\/\/www.carton.pl\/blog\/?s={search_term_string}\"},\"query-input\":{\"@type\":\"PropertyValueSpecification\",\"valueRequired\":true,\"valueName\":\"search_term_string\"}}],\"inLanguage\":\"pl-PL\"},{\"@type\":\"Organization\",\"@id\":\"https:\/\/www.carton.pl\/blog\/#organization\",\"name\":\"CARTON Tomasz Kowalski\",\"url\":\"https:\/\/www.carton.pl\/blog\/\",\"logo\":{\"@type\":\"ImageObject\",\"inLanguage\":\"pl-PL\",\"@id\":\"https:\/\/www.carton.pl\/blog\/#\/schema\/logo\/image\/\",\"url\":\"https:\/\/carton.pl\/blog\/wp-content\/uploads\/2021\/12\/carton_merch_logo.png\",\"contentUrl\":\"https:\/\/carton.pl\/blog\/wp-content\/uploads\/2021\/12\/carton_merch_logo.png\",\"width\":205,\"height\":56,\"caption\":\"CARTON Tomasz Kowalski\"},\"image\":{\"@id\":\"https:\/\/www.carton.pl\/blog\/#\/schema\/logo\/image\/\"}},{\"@type\":\"Person\",\"@id\":\"https:\/\/www.carton.pl\/blog\/#\/schema\/person\/de344cca6ded145c31c54b7017bb2d1d\",\"name\":\"Tomek\",\"image\":{\"@type\":\"ImageObject\",\"inLanguage\":\"pl-PL\",\"@id\":\"https:\/\/www.carton.pl\/blog\/#\/schema\/person\/image\/\",\"url\":\"https:\/\/secure.gravatar.com\/avatar\/c2a11a2e6f85d610387f5fc3605cf6b2b1af61f0ffb9fa4669a13a3e4c0e1281?s=96&d=mm&r=g\",\"contentUrl\":\"https:\/\/secure.gravatar.com\/avatar\/c2a11a2e6f85d610387f5fc3605cf6b2b1af61f0ffb9fa4669a13a3e4c0e1281?s=96&d=mm&r=g\",\"caption\":\"Tomek\"},\"url\":\"https:\/\/www.carton.pl\/blog\/author\/carton\/\"}]}<\/script>\n<!-- \/ Yoast SEO plugin. -->","yoast_head_json":{"title":"Ko\u0144ca \u015awiata nie wida\u0107? Wida\u0107. I to z now\u0105 p\u0142yt\u0105! - BLOG carton.pl","description":"Zesp\u00f3\u0142 Koniec \u015awiata wraca z now\u0105 p\u0142yt\u0105! O czym jest? Ile p\u0142yt maj\u0105 ju\u017c na koncie? Wszystkiego dowiesz si\u0119 z bloga carton.pl.","robots":{"index":"index","follow":"follow","max-snippet":"max-snippet:-1","max-image-preview":"max-image-preview:large","max-video-preview":"max-video-preview:-1"},"canonical":"https:\/\/www.carton.pl\/blog\/konca-swiata-nie-widac-widac-i-to-z-nowa-plyta\/","og_locale":"pl_PL","og_type":"article","og_title":"Ko\u0144ca \u015awiata nie wida\u0107? Wida\u0107. I to z now\u0105 p\u0142yt\u0105! - BLOG carton.pl","og_description":"Zesp\u00f3\u0142 Koniec \u015awiata wraca z now\u0105 p\u0142yt\u0105! O czym jest? Ile p\u0142yt maj\u0105 ju\u017c na koncie? Wszystkiego dowiesz si\u0119 z bloga carton.pl.","og_url":"https:\/\/www.carton.pl\/blog\/konca-swiata-nie-widac-widac-i-to-z-nowa-plyta\/","og_site_name":"BLOG carton.pl","article_published_time":"2021-12-10T13:54:25+00:00","article_modified_time":"2022-02-02T15:07:16+00:00","og_image":[{"width":900,"height":600,"url":"https:\/\/www.carton.pl\/blog\/wp-content\/uploads\/2021\/12\/KONIEC-SWIATA-DURNY-BLOG.jpg","type":"image\/jpeg"}],"author":"Tomek","twitter_card":"summary_large_image","twitter_misc":{"Napisane przez":"Tomek","Szacowany czas czytania":"4 minuty"},"schema":{"@context":"https:\/\/schema.org","@graph":[{"@type":"Article","@id":"https:\/\/www.carton.pl\/blog\/konca-swiata-nie-widac-widac-i-to-z-nowa-plyta\/#article","isPartOf":{"@id":"https:\/\/www.carton.pl\/blog\/konca-swiata-nie-widac-widac-i-to-z-nowa-plyta\/"},"author":{"name":"Tomek","@id":"https:\/\/www.carton.pl\/blog\/#\/schema\/person\/de344cca6ded145c31c54b7017bb2d1d"},"headline":"Ko\u0144ca \u015awiata nie wida\u0107? Wida\u0107. I to z now\u0105 p\u0142yt\u0105!","datePublished":"2021-12-10T13:54:25+00:00","dateModified":"2022-02-02T15:07:16+00:00","mainEntityOfPage":{"@id":"https:\/\/www.carton.pl\/blog\/konca-swiata-nie-widac-widac-i-to-z-nowa-plyta\/"},"wordCount":760,"publisher":{"@id":"https:\/\/www.carton.pl\/blog\/#organization"},"image":{"@id":"https:\/\/www.carton.pl\/blog\/konca-swiata-nie-widac-widac-i-to-z-nowa-plyta\/#primaryimage"},"thumbnailUrl":"https:\/\/www.carton.pl\/blog\/wp-content\/uploads\/2021\/12\/KONIEC-SWIATA-DURNY-BLOG.jpg","articleSection":["Ciuchy","Zespo\u0142y"],"inLanguage":"pl-PL"},{"@type":"WebPage","@id":"https:\/\/www.carton.pl\/blog\/konca-swiata-nie-widac-widac-i-to-z-nowa-plyta\/","url":"https:\/\/www.carton.pl\/blog\/konca-swiata-nie-widac-widac-i-to-z-nowa-plyta\/","name":"Ko\u0144ca \u015awiata nie wida\u0107? Wida\u0107. I to z now\u0105 p\u0142yt\u0105! - BLOG carton.pl","isPartOf":{"@id":"https:\/\/www.carton.pl\/blog\/#website"},"primaryImageOfPage":{"@id":"https:\/\/www.carton.pl\/blog\/konca-swiata-nie-widac-widac-i-to-z-nowa-plyta\/#primaryimage"},"image":{"@id":"https:\/\/www.carton.pl\/blog\/konca-swiata-nie-widac-widac-i-to-z-nowa-plyta\/#primaryimage"},"thumbnailUrl":"https:\/\/www.carton.pl\/blog\/wp-content\/uploads\/2021\/12\/KONIEC-SWIATA-DURNY-BLOG.jpg","datePublished":"2021-12-10T13:54:25+00:00","dateModified":"2022-02-02T15:07:16+00:00","description":"Zesp\u00f3\u0142 Koniec \u015awiata wraca z now\u0105 p\u0142yt\u0105! O czym jest? Ile p\u0142yt maj\u0105 ju\u017c na koncie? Wszystkiego dowiesz si\u0119 z bloga carton.pl.","breadcrumb":{"@id":"https:\/\/www.carton.pl\/blog\/konca-swiata-nie-widac-widac-i-to-z-nowa-plyta\/#breadcrumb"},"inLanguage":"pl-PL","potentialAction":[{"@type":"ReadAction","target":["https:\/\/www.carton.pl\/blog\/konca-swiata-nie-widac-widac-i-to-z-nowa-plyta\/"]}]},{"@type":"ImageObject","inLanguage":"pl-PL","@id":"https:\/\/www.carton.pl\/blog\/konca-swiata-nie-widac-widac-i-to-z-nowa-plyta\/#primaryimage","url":"https:\/\/www.carton.pl\/blog\/wp-content\/uploads\/2021\/12\/KONIEC-SWIATA-DURNY-BLOG.jpg","contentUrl":"https:\/\/www.carton.pl\/blog\/wp-content\/uploads\/2021\/12\/KONIEC-SWIATA-DURNY-BLOG.jpg","width":900,"height":600},{"@type":"BreadcrumbList","@id":"https:\/\/www.carton.pl\/blog\/konca-swiata-nie-widac-widac-i-to-z-nowa-plyta\/#breadcrumb","itemListElement":[{"@type":"ListItem","position":1,"name":"Strona g\u0142\u00f3wna","item":"https:\/\/www.carton.pl\/blog\/"},{"@type":"ListItem","position":2,"name":"Ko\u0144ca \u015awiata nie wida\u0107? Wida\u0107. I to z now\u0105 p\u0142yt\u0105!"}]},{"@type":"WebSite","@id":"https:\/\/www.carton.pl\/blog\/#website","url":"https:\/\/www.carton.pl\/blog\/","name":"BLOG carton.pl","description":"Zespo\u0142y, ciuchy, muzyka - o tym piszemy","publisher":{"@id":"https:\/\/www.carton.pl\/blog\/#organization"},"potentialAction":[{"@type":"SearchAction","target":{"@type":"EntryPoint","urlTemplate":"https:\/\/www.carton.pl\/blog\/?s={search_term_string}"},"query-input":{"@type":"PropertyValueSpecification","valueRequired":true,"valueName":"search_term_string"}}],"inLanguage":"pl-PL"},{"@type":"Organization","@id":"https:\/\/www.carton.pl\/blog\/#organization","name":"CARTON Tomasz Kowalski","url":"https:\/\/www.carton.pl\/blog\/","logo":{"@type":"ImageObject","inLanguage":"pl-PL","@id":"https:\/\/www.carton.pl\/blog\/#\/schema\/logo\/image\/","url":"https:\/\/carton.pl\/blog\/wp-content\/uploads\/2021\/12\/carton_merch_logo.png","contentUrl":"https:\/\/carton.pl\/blog\/wp-content\/uploads\/2021\/12\/carton_merch_logo.png","width":205,"height":56,"caption":"CARTON Tomasz Kowalski"},"image":{"@id":"https:\/\/www.carton.pl\/blog\/#\/schema\/logo\/image\/"}},{"@type":"Person","@id":"https:\/\/www.carton.pl\/blog\/#\/schema\/person\/de344cca6ded145c31c54b7017bb2d1d","name":"Tomek","image":{"@type":"ImageObject","inLanguage":"pl-PL","@id":"https:\/\/www.carton.pl\/blog\/#\/schema\/person\/image\/","url":"https:\/\/secure.gravatar.com\/avatar\/c2a11a2e6f85d610387f5fc3605cf6b2b1af61f0ffb9fa4669a13a3e4c0e1281?s=96&d=mm&r=g","contentUrl":"https:\/\/secure.gravatar.com\/avatar\/c2a11a2e6f85d610387f5fc3605cf6b2b1af61f0ffb9fa4669a13a3e4c0e1281?s=96&d=mm&r=g","caption":"Tomek"},"url":"https:\/\/www.carton.pl\/blog\/author\/carton\/"}]}},"_links":{"self":[{"href":"https:\/\/www.carton.pl\/blog\/wp-json\/wp\/v2\/posts\/301","targetHints":{"allow":["GET"]}}],"collection":[{"href":"https:\/\/www.carton.pl\/blog\/wp-json\/wp\/v2\/posts"}],"about":[{"href":"https:\/\/www.carton.pl\/blog\/wp-json\/wp\/v2\/types\/post"}],"author":[{"embeddable":true,"href":"https:\/\/www.carton.pl\/blog\/wp-json\/wp\/v2\/users\/2"}],"replies":[{"embeddable":true,"href":"https:\/\/www.carton.pl\/blog\/wp-json\/wp\/v2\/comments?post=301"}],"version-history":[{"count":5,"href":"https:\/\/www.carton.pl\/blog\/wp-json\/wp\/v2\/posts\/301\/revisions"}],"predecessor-version":[{"id":406,"href":"https:\/\/www.carton.pl\/blog\/wp-json\/wp\/v2\/posts\/301\/revisions\/406"}],"wp:featuredmedia":[{"embeddable":true,"href":"https:\/\/www.carton.pl\/blog\/wp-json\/wp\/v2\/media\/305"}],"wp:attachment":[{"href":"https:\/\/www.carton.pl\/blog\/wp-json\/wp\/v2\/media?parent=301"}],"wp:term":[{"taxonomy":"category","embeddable":true,"href":"https:\/\/www.carton.pl\/blog\/wp-json\/wp\/v2\/categories?post=301"},{"taxonomy":"post_tag","embeddable":true,"href":"https:\/\/www.carton.pl\/blog\/wp-json\/wp\/v2\/tags?post=301"}],"curies":[{"name":"wp","href":"https:\/\/api.w.org\/{rel}","templated":true}]}}