{"id":327,"date":"2021-12-30T11:37:26","date_gmt":"2021-12-30T10:37:26","guid":{"rendered":"https:\/\/www.carton.pl\/blog\/?p=327"},"modified":"2022-02-02T16:08:09","modified_gmt":"2022-02-02T15:08:09","slug":"zespol-turbo-gra-juz-ponad-40-lat","status":"publish","type":"post","link":"https:\/\/www.carton.pl\/blog\/zespol-turbo-gra-juz-ponad-40-lat\/","title":{"rendered":"Zesp\u00f3\u0142 TURBO gra ju\u017c ponad 40 lat"},"content":{"rendered":"\n<p>Wa\u017cna informacja dla wszystkich mi\u0142o\u015bnik\u00f3w polskiego heavy metalu \u2013 <strong>zesp\u00f3\u0142 Turbo<\/strong> w\u0142a\u015bnie obchodzi swoje 40 urodziny. By uczci\u0107 okr\u0105g\u0142e cztery dekady na scenie, zesp\u00f3\u0142 ruszy\u0142 w jedyn\u0105 w swoim rodzaju tras\u0119 koncertow\u0105. My te\u017c \u015bwi\u0119tujemy ten czas, dlatego zaprojektowali\u015bmy jubileuszowe <a href=\"https:\/\/www.carton.pl\/koszulka-turbo-40-years-K_962\">koszulki Turbo na 40-lecie<\/a>.<\/p>\n\n\n\n<!--more-->\n\n\n\n<h2 class=\"wp-block-heading\" id=\"cztery-dekady-zespolu-turbo\">Cztery dekady zespo\u0142u Turbo<\/h2>\n\n\n\n<p><strong>Zesp\u00f3\u0142 Turbo<\/strong> mo\u017cna spokojnie zaliczy\u0107 do grona legend polskiej ci\u0119\u017ckiej muzyki. Nie chodzi tu tylko o ich ponadczasowe kawa\u0142ki, ale te\u017c o wyj\u0105tkowo d\u0142ugi sta\u017c na scenie. Ma\u0142o kt\u00f3ra ekipa mo\u017ce pochwali\u0107 si\u0119 czterema dekadami aktywnego grania. W mi\u0119dzyczasie zdarza\u0142y si\u0119 te\u017c niewielkie przerwy, ale kt\u00f3ry zesp\u00f3\u0142 ich nie mia\u0142?<\/p>\n\n\n\n<p>Okr\u0105g\u0142e 40 lat istnienia Turbo stukn\u0119\u0142o w\u0142a\u015bciwie ju\u017c w 2020 roku. Wtedy te\u017c mia\u0142a odby\u0107 si\u0119 wspomniana trasa koncertowa, jednak pandemia pokrzy\u017cowa\u0142a ch\u0142opakom plany. Wi\u0119kszo\u015b\u0107 event\u00f3w przenie\u015bli wi\u0119c na 2021 i 2022 rok, a cz\u0119\u015b\u0107 z nich b\u0119dzie mia\u0142a miejsce ju\u017c nied\u0142ugo.5 marca 2022 roku <strong>zesp\u00f3\u0142 Turbo<\/strong> zawita do Lublina i zagra w Klubie Graffiti. Maj\u0105 pojawi\u0107 si\u0119 tam kawa\u0142ki z wi\u0119kszo\u015bci ich album\u00f3w, wi\u0119c niezale\u017cnie od tego, z jakim okresem ich dzia\u0142alno\u015bci jeste\u015b zaznajomiony, na pewno trafi si\u0119 tam co\u015b, co ju\u017c znasz.<\/p>\n\n\n\n<h2 class=\"wp-block-heading\" id=\"turbo-kawal-historii\">Turbo \u2013 kawa\u0142 historii<\/h2>\n\n\n\n<p><strong>Zesp\u00f3\u0142 Turbo<\/strong> jest z nami ju\u017c od 1980 roku. Cho\u0107 ta pozna\u0144ska kapela powsta\u0142a w styczniu, ich koncertowy debiut mia\u0142 miejsce dopiero w kwietniu tego samego roku w lokalnym klubie studenckim TROPS. Ekipa spisa\u0142a si\u0119 tam na medal, zyskuj\u0105c sobie w ten spos\u00f3b grono fan\u00f3w. Cho\u0107 nie by\u0142o ono tak wielkie, jak dzisiaj, sceniczne wyczyny cz\u0142onk\u00f3w Turbo zagwarantowa\u0142y im zaproszenie na festiwal w Jarocinie. A to ju\u017c co\u015b znaczy.<\/p>\n\n\n\n<div class=\"wp-block-image is-style-default\"><figure class=\"aligncenter size-full\"><img loading=\"lazy\" decoding=\"async\" width=\"1000\" height=\"660\" src=\"https:\/\/www.carton.pl\/blog\/wp-content\/uploads\/2021\/12\/zespol-turbo.jpg\" alt=\"\" class=\"wp-image-337\" srcset=\"https:\/\/www.carton.pl\/blog\/wp-content\/uploads\/2021\/12\/zespol-turbo.jpg 1000w, https:\/\/www.carton.pl\/blog\/wp-content\/uploads\/2021\/12\/zespol-turbo-300x198.jpg 300w, https:\/\/www.carton.pl\/blog\/wp-content\/uploads\/2021\/12\/zespol-turbo-768x507.jpg 768w, https:\/\/www.carton.pl\/blog\/wp-content\/uploads\/2021\/12\/zespol-turbo-500x330.jpg 500w\" sizes=\"auto, (max-width: 1000px) 100vw, 1000px\" \/><\/figure><\/div>\n\n\n\n<p>Pierwszy pe\u0142noprawny album grupy pojawi\u0142 si\u0119 na rynku muzycznym w 1983 roku. Kr\u0105\u017cek zatytu\u0142owany by\u0142 \u201eDoros\u0142e dzieci\u201d i \u0142\u0105czy\u0142 heavy metalowe nuty z ostrym, hard rockowym brzmieniem. Na pierwszy rzut oka wida\u0107, \u017ce muzycy mocno inspirowali si\u0119 przy tym dorobkiem Iron Maiden, kt\u00f3re w tamtych czasach by\u0142o prawdziw\u0105 ikon\u0105 metalu na ca\u0142ym \u015bwiecie.<\/p>\n\n\n\n<p>Z czasem <strong>zesp\u00f3\u0142 Turbo<\/strong> ca\u0142kowicie zrezygnowa\u0142 z hard rockowych klimat\u00f3w i w pe\u0142ni po\u015bwi\u0119ci\u0142 si\u0119 swojej zajawce \u2013 ci\u0119\u017ckiemu metalowi. Kolejne p\u0142yty zdobywa\u0142y coraz wi\u0119ksze uznanie w\u015br\u00f3d polskich s\u0142uchaczy, dzi\u0119ki czemu ch\u0142opaki zdobywa\u0142y nale\u017cny im rozg\u0142os.<\/p>\n\n\n\n<p>Nie oby\u0142o si\u0119 te\u017c bez kilku roz\u0142am\u00f3w. Pierwszy z nich mia\u0142 miejsce w 1990 roku i by\u0142 wynikiem ostrego konfliktu w zespole. W kolejnych latach mia\u0142o miejsce par\u0119 pr\u00f3b reaktywacji (chcia\u0142 to zrobi\u0107 m.in. gitarzysta Wojciech Hoffman). Niestety, bez wi\u0119kszych sukces\u00f3w. Grupa dosta\u0142a swoje drugie \u017cycie dopiero w 1995 roku, gdy Turbo zagra\u0142 sw\u00f3j pierwszy od d\u0142u\u017cszego czasu koncert w nowym sk\u0142adzie. To by\u0142 strza\u0142 w dziesi\u0105tk\u0119, a Turbo wr\u00f3ci\u0142o na szczyt w ekspresowym tempie.<\/p>\n\n\n\n<div class=\"wp-block-columns is-layout-flex wp-container-core-columns-is-layout-9d6595d7 wp-block-columns-is-layout-flex\">\n<div class=\"wp-block-column is-vertically-aligned-center is-layout-flow wp-block-column-is-layout-flow\" style=\"flex-basis:66.66%\">\n<h2 class=\"wp-block-heading\" id=\"zespol-turbo-sklad-ktory-stale-sie-zmienial\">Zesp\u00f3\u0142 Turbo \u2013 sk\u0142ad, kt\u00f3ry stale si\u0119 zmienia\u0142<\/h2>\n\n\n\n<p>Ma\u0142o kto na polskiej scenie mia\u0142 tak burzliw\u0105 przesz\u0142o\u015b\u0107, jak <strong>zesp\u00f3\u0142 Turbo. Sk\u0142ad <\/strong>grupy zmienia\u0142 si\u0119 w ci\u0105gu tych czterech dekad kilkukrotnie i cz\u0119sto by\u0142y to ostre roszady.<\/p>\n\n\n\n<p>Sam\u0105 kapel\u0119 za\u0142o\u017cy\u0142 Henryk Tomczak, basista znany wcze\u015bniej m.in. z grania w zespo\u0142ach Heam czy Stress. Na pocz\u0105tek wzi\u0105\u0142 do siebie trzech Wojtk\u00f3w \u2013 wokalist\u0119 Wojciecha Sowula, perkusist\u0119 Wojciecha Anio\u0142a i gitarzyst\u0119 Wojciecha Hoffmanna. Z ca\u0142ej czw\u00f3rki tylko ten ostatni gra w Turbo do dzi\u015b.<\/p>\n\n\n\n<p>Tomczak odszed\u0142 do\u015b\u0107 szybko i zast\u0105pi\u0142 go 16-letni w\u00f3wczas Piotr Przybylski. Co wi\u0119cej, ju\u017c w pierwszych latach dwukrotnie zmieni\u0142 si\u0119 g\u0142\u00f3wny wokalista zespo\u0142u, a tak\u017ce pojawi\u0142 si\u0119 nowy gitarzysta \u2013 Andrzej \u0141ys\u00f3w. Skoro ju\u017c w latach 1980-1982 przez Turbo przewin\u0119\u0142o si\u0119 tyle nowych twarzy, to co by\u0142o p\u00f3\u017aniej? Wbrew pozorom, niewiele stabilniej. W 1983 roku zn\u00f3w zmienili si\u0119 perkusista i basista, a Przybylski odszed\u0142 ze swojej funkcji wokalisty.Tego typu zmian by\u0142o jeszcze wiele i nie starczy\u0142oby dnia, by wymieni\u0107 je wszystkie. \u0141\u0105cznie przez grup\u0119 przewin\u0119\u0142o si\u0119 kilkudziesi\u0119ciu artyst\u00f3w, ale ostatecznie w sk\u0142adzie pozostali: gitarzysta Wojciech Hoffmann, basista Bogusz Rutkiewicz, wokalista Tomasz Struszczyk i perkusista Mariusz Bobkowski. W takiej w\u0142a\u015bnie ekipie <strong>zesp\u00f3\u0142 Turbo<\/strong> gra obecne koncerty.<\/p>\n<\/div>\n\n\n\n<div class=\"wp-block-column is-vertically-aligned-center is-layout-flow wp-block-column-is-layout-flow\" style=\"flex-basis:33.33%\">\n<figure class=\"wp-block-image size-full\"><img loading=\"lazy\" decoding=\"async\" width=\"600\" height=\"440\" src=\"https:\/\/www.carton.pl\/blog\/wp-content\/uploads\/2021\/12\/wojciech_hoffmann.jpg\" alt=\"\" class=\"wp-image-329\" srcset=\"https:\/\/www.carton.pl\/blog\/wp-content\/uploads\/2021\/12\/wojciech_hoffmann.jpg 600w, https:\/\/www.carton.pl\/blog\/wp-content\/uploads\/2021\/12\/wojciech_hoffmann-300x220.jpg 300w\" sizes=\"auto, (max-width: 600px) 100vw, 600px\" \/><figcaption>Wojciech Hoffmann &#8211; gitarzysta<\/figcaption><\/figure>\n\n\n\n<figure class=\"wp-block-image size-full\"><img loading=\"lazy\" decoding=\"async\" width=\"600\" height=\"440\" src=\"https:\/\/www.carton.pl\/blog\/wp-content\/uploads\/2021\/12\/tomasz_struszczyk.jpg\" alt=\"\" class=\"wp-image-330\" srcset=\"https:\/\/www.carton.pl\/blog\/wp-content\/uploads\/2021\/12\/tomasz_struszczyk.jpg 600w, https:\/\/www.carton.pl\/blog\/wp-content\/uploads\/2021\/12\/tomasz_struszczyk-300x220.jpg 300w\" sizes=\"auto, (max-width: 600px) 100vw, 600px\" \/><figcaption>Tomasz Struszczyk &#8211; wokalista<\/figcaption><\/figure>\n<\/div>\n<\/div>\n\n\n\n<h2 class=\"wp-block-heading\" id=\"zespol-turbo-utwory-i-dyskografia\">Zesp\u00f3\u0142 Turbo \u2013 utwory i dyskografia<\/h2>\n\n\n\n<p>40 lat \u2013 a w\u0142a\u015bciwie ju\u017c 41 \u2013 to kupa czasu. Nie dziwi wi\u0119c solidny dorobek artystyczny, jakim mo\u017ce pochwali\u0107 si\u0119<strong> zesp\u00f3\u0142 Turbo. Utwory<\/strong> legendy polskiego heavy metalu mo\u017cna znale\u017a\u0107 m.in. na dwunastu albumach studyjnych:<\/p>\n\n\n\n<ul class=\"wp-block-list\"><li>Doros\u0142e dzieci (1983);<\/li><li>Smak ciszy (1985);<\/li><li>Kawaleria szatana (1986);<\/li><li>Ostatni wojownik \/ Last Warrior (1987);<\/li><li>Epidemie \/ Epidemic (1989);Dead End (1990);<\/li><li>One Way (1992);Awatar (2001);<\/li><li>To\u017csamo\u015b\u0107 \/ Identity (2004);<\/li><li>Stra\u017cnik \u015awiat\u0142a (2009);<\/li><li>Pi\u0105ty \u017cywio\u0142 (2013);<\/li><li>Pi\u0105ty element \/ The Fifth Element (2014).<\/li><\/ul>\n\n\n\n<p>Grupa i jej cz\u0142onkowie zdobyli tak\u017ce wiele nagr\u00f3d takich jak \u201eGitarzysta roku\u201d, \u201ePrzeb\u00f3j Roku\u201d, \u201eOsobowo\u015b\u0107 roku\u201d czy w ko\u0144cu \u201eAlbum roku\u201d.<\/p>\n\n\n\n<h2 class=\"wp-block-heading\" id=\"koszulki-turbo-40-years-na-carton-pl\">Koszulki TURBO &#8211; 40 YEARS na carton.pl<\/h2>\n\n\n\n<p>Zamierzasz celebrowa\u0107 40-lecie wraz ze swoim ulubionym zespo\u0142em? Mo\u017cesz robi\u0107 to w unikalnej <a href=\"https:\/\/www.carton.pl\/zespol\/turbo\">koszulce Turbo<\/a>. Nasze t-shirty maj\u0105 dwustronny nadruk, kt\u00f3ry b\u0119dzie si\u0119 trzyma\u0107 nawet po kilku bardziej intensywnych praniach. Produkujemy ciuchy tylko z naturalnej bawe\u0142ny, dzi\u0119ki czemu s\u0105 wyj\u0105tkowo przewiewne i przede wszystkim wytrzyma\u0142e.<\/p>\n\n\n\n<p><strong>Zesp\u00f3\u0142 Turbo<\/strong> ju\u017c w marcu gra koncert w Lublinie. Wybierz si\u0119 na niego w nowej koszulce i poka\u017c swoim idolom, jak bardzo ich cenisz.<\/p>\n\n\n\n<p>Sprawd\u017a nasz\u0105 ofert\u0119 i wybierz t-shirt w swoim rozmiarze, a dostarczymy Ci go b\u0142yskawicznie. Jeszcze przed koncertem.<\/p>\n\n\n\n<div style=\"height:48px\" aria-hidden=\"true\" class=\"wp-block-spacer\"><\/div>\n\n\n\n<p class=\"has-text-align-center has-large-font-size\"><strong><a href=\"https:\/\/www.carton.pl\/koszulka-turbo-40-years-K_962\">Koszulka TURBO &#8211; 40 years<\/a><\/strong><\/p>\n\n\n\n<div style=\"height:20px\" aria-hidden=\"true\" class=\"wp-block-spacer\"><\/div>\n\n\n\n<div class=\"wp-block-image\"><figure class=\"aligncenter size-large is-resized\"><img loading=\"lazy\" decoding=\"async\" src=\"https:\/\/www.carton.pl\/blog\/wp-content\/uploads\/2021\/12\/1_1_K_962-1024x620.jpg\" alt=\"\" class=\"wp-image-331\" width=\"512\" height=\"310\" srcset=\"https:\/\/www.carton.pl\/blog\/wp-content\/uploads\/2021\/12\/1_1_K_962-1024x620.jpg 1024w, https:\/\/www.carton.pl\/blog\/wp-content\/uploads\/2021\/12\/1_1_K_962-300x182.jpg 300w, https:\/\/www.carton.pl\/blog\/wp-content\/uploads\/2021\/12\/1_1_K_962-768x465.jpg 768w, https:\/\/www.carton.pl\/blog\/wp-content\/uploads\/2021\/12\/1_1_K_962.jpg 1077w\" sizes=\"auto, (max-width: 512px) 100vw, 512px\" \/><\/figure><\/div>\n\n\n\n<div style=\"height:20px\" aria-hidden=\"true\" class=\"wp-block-spacer\"><\/div>\n\n\n\n<p class=\"has-text-align-center has-large-font-size\"><strong>49,90 z\u0142<\/strong><\/p>\n\n\n\n<div style=\"height:20px\" aria-hidden=\"true\" class=\"wp-block-spacer\"><\/div>\n\n\n\n<div class=\"wp-block-buttons is-horizontal is-content-justification-center is-layout-flex wp-container-core-buttons-is-layout-499968f5 wp-block-buttons-is-layout-flex\">\n<div class=\"wp-block-button has-custom-font-size has-medium-font-size\"><a class=\"wp-block-button__link has-background\" href=\"https:\/\/www.carton.pl\/koszulka-turbo-40-years-K_962\" style=\"background-color:#c20e0e\">Kup teraz<\/a><\/div>\n<\/div>\n","protected":false},"excerpt":{"rendered":"<p>Wa\u017cna informacja dla wszystkich mi\u0142o\u015bnik\u00f3w polskiego heavy metalu \u2013 zesp\u00f3\u0142 Turbo w\u0142a\u015bnie obchodzi swoje 40 urodziny. By uczci\u0107 okr\u0105g\u0142e cztery dekady na scenie, zesp\u00f3\u0142 ruszy\u0142 w jedyn\u0105 w swoim rodzaju tras\u0119 koncertow\u0105. My te\u017c \u015bwi\u0119tujemy ten czas, dlatego zaprojektowali\u015bmy jubileuszowe koszulki Turbo na 40-lecie.<\/p>\n","protected":false},"author":2,"featured_media":328,"comment_status":"closed","ping_status":"open","sticky":false,"template":"","format":"standard","meta":{"footnotes":""},"categories":[2],"tags":[],"class_list":["post-327","post","type-post","status-publish","format-standard","has-post-thumbnail","hentry","category-zespoly"],"yoast_head":"<!-- This site is optimized with the Yoast SEO plugin v26.9 - https:\/\/yoast.com\/product\/yoast-seo-wordpress\/ -->\n<title>Zesp\u00f3\u0142 TURBO gra ju\u017c ponad 40 lat - BLOG carton.pl<\/title>\n<meta name=\"description\" content=\"Zesp\u00f3\u0142 TURBO jest ju\u017c z nami 40 lat. W 2022 roku b\u0119dzie to ju\u017c 42 lata. Kup koszulk\u0119 z tej okazji i dowiedz si\u0119 wi\u0119cej o zespole.\" \/>\n<meta name=\"robots\" content=\"index, follow, max-snippet:-1, max-image-preview:large, max-video-preview:-1\" \/>\n<link rel=\"canonical\" href=\"https:\/\/www.carton.pl\/blog\/zespol-turbo-gra-juz-ponad-40-lat\/\" \/>\n<meta property=\"og:locale\" content=\"pl_PL\" \/>\n<meta property=\"og:type\" content=\"article\" \/>\n<meta property=\"og:title\" content=\"Zesp\u00f3\u0142 TURBO gra ju\u017c ponad 40 lat - BLOG carton.pl\" \/>\n<meta property=\"og:description\" content=\"Zesp\u00f3\u0142 TURBO jest ju\u017c z nami 40 lat. W 2022 roku b\u0119dzie to ju\u017c 42 lata. Kup koszulk\u0119 z tej okazji i dowiedz si\u0119 wi\u0119cej o zespole.\" \/>\n<meta property=\"og:url\" content=\"https:\/\/www.carton.pl\/blog\/zespol-turbo-gra-juz-ponad-40-lat\/\" \/>\n<meta property=\"og:site_name\" content=\"BLOG carton.pl\" \/>\n<meta property=\"article:published_time\" content=\"2021-12-30T10:37:26+00:00\" \/>\n<meta property=\"article:modified_time\" content=\"2022-02-02T15:08:09+00:00\" \/>\n<meta property=\"og:image\" content=\"https:\/\/www.carton.pl\/blog\/wp-content\/uploads\/2021\/12\/turboband-1200x801-1.jpg\" \/>\n\t<meta property=\"og:image:width\" content=\"1200\" \/>\n\t<meta property=\"og:image:height\" content=\"801\" \/>\n\t<meta property=\"og:image:type\" content=\"image\/jpeg\" \/>\n<meta name=\"author\" content=\"Tomek\" \/>\n<meta name=\"twitter:card\" content=\"summary_large_image\" \/>\n<meta name=\"twitter:label1\" content=\"Napisane przez\" \/>\n\t<meta name=\"twitter:data1\" content=\"Tomek\" \/>\n\t<meta name=\"twitter:label2\" content=\"Szacowany czas czytania\" \/>\n\t<meta name=\"twitter:data2\" content=\"5 minut\" \/>\n<script type=\"application\/ld+json\" class=\"yoast-schema-graph\">{\"@context\":\"https:\/\/schema.org\",\"@graph\":[{\"@type\":\"Article\",\"@id\":\"https:\/\/www.carton.pl\/blog\/zespol-turbo-gra-juz-ponad-40-lat\/#article\",\"isPartOf\":{\"@id\":\"https:\/\/www.carton.pl\/blog\/zespol-turbo-gra-juz-ponad-40-lat\/\"},\"author\":{\"name\":\"Tomek\",\"@id\":\"https:\/\/www.carton.pl\/blog\/#\/schema\/person\/de344cca6ded145c31c54b7017bb2d1d\"},\"headline\":\"Zesp\u00f3\u0142 TURBO gra ju\u017c ponad 40 lat\",\"datePublished\":\"2021-12-30T10:37:26+00:00\",\"dateModified\":\"2022-02-02T15:08:09+00:00\",\"mainEntityOfPage\":{\"@id\":\"https:\/\/www.carton.pl\/blog\/zespol-turbo-gra-juz-ponad-40-lat\/\"},\"wordCount\":957,\"publisher\":{\"@id\":\"https:\/\/www.carton.pl\/blog\/#organization\"},\"image\":{\"@id\":\"https:\/\/www.carton.pl\/blog\/zespol-turbo-gra-juz-ponad-40-lat\/#primaryimage\"},\"thumbnailUrl\":\"https:\/\/www.carton.pl\/blog\/wp-content\/uploads\/2021\/12\/turboband-1200x801-1.jpg\",\"articleSection\":[\"Zespo\u0142y\"],\"inLanguage\":\"pl-PL\"},{\"@type\":\"WebPage\",\"@id\":\"https:\/\/www.carton.pl\/blog\/zespol-turbo-gra-juz-ponad-40-lat\/\",\"url\":\"https:\/\/www.carton.pl\/blog\/zespol-turbo-gra-juz-ponad-40-lat\/\",\"name\":\"Zesp\u00f3\u0142 TURBO gra ju\u017c ponad 40 lat - BLOG carton.pl\",\"isPartOf\":{\"@id\":\"https:\/\/www.carton.pl\/blog\/#website\"},\"primaryImageOfPage\":{\"@id\":\"https:\/\/www.carton.pl\/blog\/zespol-turbo-gra-juz-ponad-40-lat\/#primaryimage\"},\"image\":{\"@id\":\"https:\/\/www.carton.pl\/blog\/zespol-turbo-gra-juz-ponad-40-lat\/#primaryimage\"},\"thumbnailUrl\":\"https:\/\/www.carton.pl\/blog\/wp-content\/uploads\/2021\/12\/turboband-1200x801-1.jpg\",\"datePublished\":\"2021-12-30T10:37:26+00:00\",\"dateModified\":\"2022-02-02T15:08:09+00:00\",\"description\":\"Zesp\u00f3\u0142 TURBO jest ju\u017c z nami 40 lat. W 2022 roku b\u0119dzie to ju\u017c 42 lata. Kup koszulk\u0119 z tej okazji i dowiedz si\u0119 wi\u0119cej o zespole.\",\"breadcrumb\":{\"@id\":\"https:\/\/www.carton.pl\/blog\/zespol-turbo-gra-juz-ponad-40-lat\/#breadcrumb\"},\"inLanguage\":\"pl-PL\",\"potentialAction\":[{\"@type\":\"ReadAction\",\"target\":[\"https:\/\/www.carton.pl\/blog\/zespol-turbo-gra-juz-ponad-40-lat\/\"]}]},{\"@type\":\"ImageObject\",\"inLanguage\":\"pl-PL\",\"@id\":\"https:\/\/www.carton.pl\/blog\/zespol-turbo-gra-juz-ponad-40-lat\/#primaryimage\",\"url\":\"https:\/\/www.carton.pl\/blog\/wp-content\/uploads\/2021\/12\/turboband-1200x801-1.jpg\",\"contentUrl\":\"https:\/\/www.carton.pl\/blog\/wp-content\/uploads\/2021\/12\/turboband-1200x801-1.jpg\",\"width\":1200,\"height\":801},{\"@type\":\"BreadcrumbList\",\"@id\":\"https:\/\/www.carton.pl\/blog\/zespol-turbo-gra-juz-ponad-40-lat\/#breadcrumb\",\"itemListElement\":[{\"@type\":\"ListItem\",\"position\":1,\"name\":\"Strona g\u0142\u00f3wna\",\"item\":\"https:\/\/www.carton.pl\/blog\/\"},{\"@type\":\"ListItem\",\"position\":2,\"name\":\"Zesp\u00f3\u0142 TURBO gra ju\u017c ponad 40 lat\"}]},{\"@type\":\"WebSite\",\"@id\":\"https:\/\/www.carton.pl\/blog\/#website\",\"url\":\"https:\/\/www.carton.pl\/blog\/\",\"name\":\"BLOG carton.pl\",\"description\":\"Zespo\u0142y, ciuchy, muzyka - o tym piszemy\",\"publisher\":{\"@id\":\"https:\/\/www.carton.pl\/blog\/#organization\"},\"potentialAction\":[{\"@type\":\"SearchAction\",\"target\":{\"@type\":\"EntryPoint\",\"urlTemplate\":\"https:\/\/www.carton.pl\/blog\/?s={search_term_string}\"},\"query-input\":{\"@type\":\"PropertyValueSpecification\",\"valueRequired\":true,\"valueName\":\"search_term_string\"}}],\"inLanguage\":\"pl-PL\"},{\"@type\":\"Organization\",\"@id\":\"https:\/\/www.carton.pl\/blog\/#organization\",\"name\":\"CARTON Tomasz Kowalski\",\"url\":\"https:\/\/www.carton.pl\/blog\/\",\"logo\":{\"@type\":\"ImageObject\",\"inLanguage\":\"pl-PL\",\"@id\":\"https:\/\/www.carton.pl\/blog\/#\/schema\/logo\/image\/\",\"url\":\"https:\/\/carton.pl\/blog\/wp-content\/uploads\/2021\/12\/carton_merch_logo.png\",\"contentUrl\":\"https:\/\/carton.pl\/blog\/wp-content\/uploads\/2021\/12\/carton_merch_logo.png\",\"width\":205,\"height\":56,\"caption\":\"CARTON Tomasz Kowalski\"},\"image\":{\"@id\":\"https:\/\/www.carton.pl\/blog\/#\/schema\/logo\/image\/\"}},{\"@type\":\"Person\",\"@id\":\"https:\/\/www.carton.pl\/blog\/#\/schema\/person\/de344cca6ded145c31c54b7017bb2d1d\",\"name\":\"Tomek\",\"image\":{\"@type\":\"ImageObject\",\"inLanguage\":\"pl-PL\",\"@id\":\"https:\/\/www.carton.pl\/blog\/#\/schema\/person\/image\/\",\"url\":\"https:\/\/secure.gravatar.com\/avatar\/c2a11a2e6f85d610387f5fc3605cf6b2b1af61f0ffb9fa4669a13a3e4c0e1281?s=96&d=mm&r=g\",\"contentUrl\":\"https:\/\/secure.gravatar.com\/avatar\/c2a11a2e6f85d610387f5fc3605cf6b2b1af61f0ffb9fa4669a13a3e4c0e1281?s=96&d=mm&r=g\",\"caption\":\"Tomek\"},\"url\":\"https:\/\/www.carton.pl\/blog\/author\/carton\/\"}]}<\/script>\n<!-- \/ Yoast SEO plugin. -->","yoast_head_json":{"title":"Zesp\u00f3\u0142 TURBO gra ju\u017c ponad 40 lat - BLOG carton.pl","description":"Zesp\u00f3\u0142 TURBO jest ju\u017c z nami 40 lat. W 2022 roku b\u0119dzie to ju\u017c 42 lata. Kup koszulk\u0119 z tej okazji i dowiedz si\u0119 wi\u0119cej o zespole.","robots":{"index":"index","follow":"follow","max-snippet":"max-snippet:-1","max-image-preview":"max-image-preview:large","max-video-preview":"max-video-preview:-1"},"canonical":"https:\/\/www.carton.pl\/blog\/zespol-turbo-gra-juz-ponad-40-lat\/","og_locale":"pl_PL","og_type":"article","og_title":"Zesp\u00f3\u0142 TURBO gra ju\u017c ponad 40 lat - BLOG carton.pl","og_description":"Zesp\u00f3\u0142 TURBO jest ju\u017c z nami 40 lat. W 2022 roku b\u0119dzie to ju\u017c 42 lata. Kup koszulk\u0119 z tej okazji i dowiedz si\u0119 wi\u0119cej o zespole.","og_url":"https:\/\/www.carton.pl\/blog\/zespol-turbo-gra-juz-ponad-40-lat\/","og_site_name":"BLOG carton.pl","article_published_time":"2021-12-30T10:37:26+00:00","article_modified_time":"2022-02-02T15:08:09+00:00","og_image":[{"width":1200,"height":801,"url":"https:\/\/www.carton.pl\/blog\/wp-content\/uploads\/2021\/12\/turboband-1200x801-1.jpg","type":"image\/jpeg"}],"author":"Tomek","twitter_card":"summary_large_image","twitter_misc":{"Napisane przez":"Tomek","Szacowany czas czytania":"5 minut"},"schema":{"@context":"https:\/\/schema.org","@graph":[{"@type":"Article","@id":"https:\/\/www.carton.pl\/blog\/zespol-turbo-gra-juz-ponad-40-lat\/#article","isPartOf":{"@id":"https:\/\/www.carton.pl\/blog\/zespol-turbo-gra-juz-ponad-40-lat\/"},"author":{"name":"Tomek","@id":"https:\/\/www.carton.pl\/blog\/#\/schema\/person\/de344cca6ded145c31c54b7017bb2d1d"},"headline":"Zesp\u00f3\u0142 TURBO gra ju\u017c ponad 40 lat","datePublished":"2021-12-30T10:37:26+00:00","dateModified":"2022-02-02T15:08:09+00:00","mainEntityOfPage":{"@id":"https:\/\/www.carton.pl\/blog\/zespol-turbo-gra-juz-ponad-40-lat\/"},"wordCount":957,"publisher":{"@id":"https:\/\/www.carton.pl\/blog\/#organization"},"image":{"@id":"https:\/\/www.carton.pl\/blog\/zespol-turbo-gra-juz-ponad-40-lat\/#primaryimage"},"thumbnailUrl":"https:\/\/www.carton.pl\/blog\/wp-content\/uploads\/2021\/12\/turboband-1200x801-1.jpg","articleSection":["Zespo\u0142y"],"inLanguage":"pl-PL"},{"@type":"WebPage","@id":"https:\/\/www.carton.pl\/blog\/zespol-turbo-gra-juz-ponad-40-lat\/","url":"https:\/\/www.carton.pl\/blog\/zespol-turbo-gra-juz-ponad-40-lat\/","name":"Zesp\u00f3\u0142 TURBO gra ju\u017c ponad 40 lat - BLOG carton.pl","isPartOf":{"@id":"https:\/\/www.carton.pl\/blog\/#website"},"primaryImageOfPage":{"@id":"https:\/\/www.carton.pl\/blog\/zespol-turbo-gra-juz-ponad-40-lat\/#primaryimage"},"image":{"@id":"https:\/\/www.carton.pl\/blog\/zespol-turbo-gra-juz-ponad-40-lat\/#primaryimage"},"thumbnailUrl":"https:\/\/www.carton.pl\/blog\/wp-content\/uploads\/2021\/12\/turboband-1200x801-1.jpg","datePublished":"2021-12-30T10:37:26+00:00","dateModified":"2022-02-02T15:08:09+00:00","description":"Zesp\u00f3\u0142 TURBO jest ju\u017c z nami 40 lat. W 2022 roku b\u0119dzie to ju\u017c 42 lata. Kup koszulk\u0119 z tej okazji i dowiedz si\u0119 wi\u0119cej o zespole.","breadcrumb":{"@id":"https:\/\/www.carton.pl\/blog\/zespol-turbo-gra-juz-ponad-40-lat\/#breadcrumb"},"inLanguage":"pl-PL","potentialAction":[{"@type":"ReadAction","target":["https:\/\/www.carton.pl\/blog\/zespol-turbo-gra-juz-ponad-40-lat\/"]}]},{"@type":"ImageObject","inLanguage":"pl-PL","@id":"https:\/\/www.carton.pl\/blog\/zespol-turbo-gra-juz-ponad-40-lat\/#primaryimage","url":"https:\/\/www.carton.pl\/blog\/wp-content\/uploads\/2021\/12\/turboband-1200x801-1.jpg","contentUrl":"https:\/\/www.carton.pl\/blog\/wp-content\/uploads\/2021\/12\/turboband-1200x801-1.jpg","width":1200,"height":801},{"@type":"BreadcrumbList","@id":"https:\/\/www.carton.pl\/blog\/zespol-turbo-gra-juz-ponad-40-lat\/#breadcrumb","itemListElement":[{"@type":"ListItem","position":1,"name":"Strona g\u0142\u00f3wna","item":"https:\/\/www.carton.pl\/blog\/"},{"@type":"ListItem","position":2,"name":"Zesp\u00f3\u0142 TURBO gra ju\u017c ponad 40 lat"}]},{"@type":"WebSite","@id":"https:\/\/www.carton.pl\/blog\/#website","url":"https:\/\/www.carton.pl\/blog\/","name":"BLOG carton.pl","description":"Zespo\u0142y, ciuchy, muzyka - o tym piszemy","publisher":{"@id":"https:\/\/www.carton.pl\/blog\/#organization"},"potentialAction":[{"@type":"SearchAction","target":{"@type":"EntryPoint","urlTemplate":"https:\/\/www.carton.pl\/blog\/?s={search_term_string}"},"query-input":{"@type":"PropertyValueSpecification","valueRequired":true,"valueName":"search_term_string"}}],"inLanguage":"pl-PL"},{"@type":"Organization","@id":"https:\/\/www.carton.pl\/blog\/#organization","name":"CARTON Tomasz Kowalski","url":"https:\/\/www.carton.pl\/blog\/","logo":{"@type":"ImageObject","inLanguage":"pl-PL","@id":"https:\/\/www.carton.pl\/blog\/#\/schema\/logo\/image\/","url":"https:\/\/carton.pl\/blog\/wp-content\/uploads\/2021\/12\/carton_merch_logo.png","contentUrl":"https:\/\/carton.pl\/blog\/wp-content\/uploads\/2021\/12\/carton_merch_logo.png","width":205,"height":56,"caption":"CARTON Tomasz Kowalski"},"image":{"@id":"https:\/\/www.carton.pl\/blog\/#\/schema\/logo\/image\/"}},{"@type":"Person","@id":"https:\/\/www.carton.pl\/blog\/#\/schema\/person\/de344cca6ded145c31c54b7017bb2d1d","name":"Tomek","image":{"@type":"ImageObject","inLanguage":"pl-PL","@id":"https:\/\/www.carton.pl\/blog\/#\/schema\/person\/image\/","url":"https:\/\/secure.gravatar.com\/avatar\/c2a11a2e6f85d610387f5fc3605cf6b2b1af61f0ffb9fa4669a13a3e4c0e1281?s=96&d=mm&r=g","contentUrl":"https:\/\/secure.gravatar.com\/avatar\/c2a11a2e6f85d610387f5fc3605cf6b2b1af61f0ffb9fa4669a13a3e4c0e1281?s=96&d=mm&r=g","caption":"Tomek"},"url":"https:\/\/www.carton.pl\/blog\/author\/carton\/"}]}},"_links":{"self":[{"href":"https:\/\/www.carton.pl\/blog\/wp-json\/wp\/v2\/posts\/327","targetHints":{"allow":["GET"]}}],"collection":[{"href":"https:\/\/www.carton.pl\/blog\/wp-json\/wp\/v2\/posts"}],"about":[{"href":"https:\/\/www.carton.pl\/blog\/wp-json\/wp\/v2\/types\/post"}],"author":[{"embeddable":true,"href":"https:\/\/www.carton.pl\/blog\/wp-json\/wp\/v2\/users\/2"}],"replies":[{"embeddable":true,"href":"https:\/\/www.carton.pl\/blog\/wp-json\/wp\/v2\/comments?post=327"}],"version-history":[{"count":6,"href":"https:\/\/www.carton.pl\/blog\/wp-json\/wp\/v2\/posts\/327\/revisions"}],"predecessor-version":[{"id":407,"href":"https:\/\/www.carton.pl\/blog\/wp-json\/wp\/v2\/posts\/327\/revisions\/407"}],"wp:featuredmedia":[{"embeddable":true,"href":"https:\/\/www.carton.pl\/blog\/wp-json\/wp\/v2\/media\/328"}],"wp:attachment":[{"href":"https:\/\/www.carton.pl\/blog\/wp-json\/wp\/v2\/media?parent=327"}],"wp:term":[{"taxonomy":"category","embeddable":true,"href":"https:\/\/www.carton.pl\/blog\/wp-json\/wp\/v2\/categories?post=327"},{"taxonomy":"post_tag","embeddable":true,"href":"https:\/\/www.carton.pl\/blog\/wp-json\/wp\/v2\/tags?post=327"}],"curies":[{"name":"wp","href":"https:\/\/api.w.org\/{rel}","templated":true}]}}