{"id":342,"date":"2022-01-14T08:16:00","date_gmt":"2022-01-14T07:16:00","guid":{"rendered":"https:\/\/www.carton.pl\/blog\/?p=342"},"modified":"2022-06-10T14:53:36","modified_gmt":"2022-06-10T12:53:36","slug":"dwie-rocznice-jeden-koncert-big-cyc-z-okazji-stanu-wojennego-i-wolnych-wyborow","status":"publish","type":"post","link":"https:\/\/www.carton.pl\/blog\/dwie-rocznice-jeden-koncert-big-cyc-z-okazji-stanu-wojennego-i-wolnych-wyborow\/","title":{"rendered":"Dwie rocznice, jeden koncert. BIG CYC z okazji stanu wojennego i wolnych wybor\u00f3w"},"content":{"rendered":"\n<p>To ju\u017c lada dzie\u0144! 22 stycznia na jednej z hal budynku Mi\u0119dzynarodowych Targ\u00f3w Pozna\u0144skich odb\u0119dzie si\u0119 koncert, kt\u00f3ry b\u0119dziesz wspomina\u0107 przez lata. Okoliczno\u015bci s\u0105 naprawd\u0119 wyj\u0105tkowe. \u015awi\u0119tujemy dwie, niezwykle wa\u017cne daty w historii Polski. Kto opowie o latach ko\u0144c\u00f3wki PRL-u lepiej ni\u017c teksty kultowych polskich kapel rockowych?<\/p>\n\n\n\n<!--more-->\n\n\n\n<div style=\"height:50px\" aria-hidden=\"true\" class=\"wp-block-spacer\"><\/div>\n\n\n\n<p class=\"has-text-align-center\"><strong>Mamy artefakty dla ka\u017cdego fana zespo\u0142u BIG CYC<\/strong><\/p>\n\n\n\n<figure class=\"wp-block-gallery has-nested-images columns-5 is-cropped wp-block-gallery-1 is-layout-flex wp-block-gallery-is-layout-flex\">\n<figure class=\"wp-block-image size-large\"><img loading=\"lazy\" decoding=\"async\" width=\"360\" height=\"539\" data-id=\"349\" src=\"https:\/\/www.carton.pl\/blog\/wp-content\/uploads\/2022\/01\/mm_1_1_K_966-01.jpg\" alt=\"\" class=\"wp-image-349\" srcset=\"https:\/\/www.carton.pl\/blog\/wp-content\/uploads\/2022\/01\/mm_1_1_K_966-01.jpg 360w, https:\/\/www.carton.pl\/blog\/wp-content\/uploads\/2022\/01\/mm_1_1_K_966-01-200x300.jpg 200w\" sizes=\"auto, (max-width: 360px) 100vw, 360px\" \/><\/figure>\n\n\n\n<figure class=\"wp-block-image size-large\"><img loading=\"lazy\" decoding=\"async\" width=\"360\" height=\"539\" data-id=\"348\" src=\"https:\/\/www.carton.pl\/blog\/wp-content\/uploads\/2022\/01\/mm_1_1_K_305-01.jpg\" alt=\"\" class=\"wp-image-348\" srcset=\"https:\/\/www.carton.pl\/blog\/wp-content\/uploads\/2022\/01\/mm_1_1_K_305-01.jpg 360w, https:\/\/www.carton.pl\/blog\/wp-content\/uploads\/2022\/01\/mm_1_1_K_305-01-200x300.jpg 200w\" sizes=\"auto, (max-width: 360px) 100vw, 360px\" \/><\/figure>\n\n\n\n<figure class=\"wp-block-image size-large\"><img loading=\"lazy\" decoding=\"async\" width=\"360\" height=\"539\" data-id=\"350\" src=\"https:\/\/www.carton.pl\/blog\/wp-content\/uploads\/2022\/01\/mm_1_1_K_995-01.jpg\" alt=\"\" class=\"wp-image-350\" srcset=\"https:\/\/www.carton.pl\/blog\/wp-content\/uploads\/2022\/01\/mm_1_1_K_995-01.jpg 360w, https:\/\/www.carton.pl\/blog\/wp-content\/uploads\/2022\/01\/mm_1_1_K_995-01-200x300.jpg 200w\" sizes=\"auto, (max-width: 360px) 100vw, 360px\" \/><\/figure>\n\n\n\n<figure class=\"wp-block-image size-large\"><img loading=\"lazy\" decoding=\"async\" width=\"360\" height=\"539\" data-id=\"351\" src=\"https:\/\/www.carton.pl\/blog\/wp-content\/uploads\/2022\/01\/mm_1_1_M_003-01.jpg\" alt=\"\" class=\"wp-image-351\" srcset=\"https:\/\/www.carton.pl\/blog\/wp-content\/uploads\/2022\/01\/mm_1_1_M_003-01.jpg 360w, https:\/\/www.carton.pl\/blog\/wp-content\/uploads\/2022\/01\/mm_1_1_M_003-01-200x300.jpg 200w\" sizes=\"auto, (max-width: 360px) 100vw, 360px\" \/><\/figure>\n\n\n\n<figure class=\"wp-block-image size-large\"><img loading=\"lazy\" decoding=\"async\" width=\"683\" height=\"1024\" data-id=\"359\" src=\"https:\/\/www.carton.pl\/blog\/wp-content\/uploads\/2022\/01\/1_1_K_1020-02-683x1024.jpg\" alt=\"\" class=\"wp-image-359\" srcset=\"https:\/\/www.carton.pl\/blog\/wp-content\/uploads\/2022\/01\/1_1_K_1020-02-683x1024.jpg 683w, https:\/\/www.carton.pl\/blog\/wp-content\/uploads\/2022\/01\/1_1_K_1020-02-200x300.jpg 200w, https:\/\/www.carton.pl\/blog\/wp-content\/uploads\/2022\/01\/1_1_K_1020-02.jpg 700w\" sizes=\"auto, (max-width: 683px) 100vw, 683px\" \/><\/figure>\n<\/figure>\n\n\n\n<div class=\"wp-block-buttons is-horizontal is-content-justification-center is-layout-flex wp-container-core-buttons-is-layout-499968f5 wp-block-buttons-is-layout-flex\">\n<div class=\"wp-block-button has-custom-font-size has-medium-font-size\"><a class=\"wp-block-button__link has-background\" href=\"https:\/\/www.carton.pl\/zespol\/big-cyc\" style=\"background-color:#c20e0e\">Zobacz wszystko<\/a><\/div>\n<\/div>\n\n\n\n<div style=\"height:50px\" aria-hidden=\"true\" class=\"wp-block-spacer\"><\/div>\n\n\n\n<h2 class=\"wp-block-heading\" id=\"legendarne-zespoly-kultowe-miejsce-i-przelomowe-wydarzenia\">Legendarne zespo\u0142y, kultowe miejsce i prze\u0142omowe wydarzenia<\/h2>\n\n\n\n<p>Koncert \u201eZadzwo\u0144cie po milicj\u0119\u201d to co\u015b znacznie wi\u0119cej ni\u017c wyst\u0119p LIVE Twoich ulubionych zespo\u0142\u00f3w rockowych. To dobrze zaplanowany happening, w jednym z najs\u0142ynniejszych budynk\u00f3w w Polsce. Ka\u017cdy, kto mieszka w kraju nad Wis\u0142\u0105, powinien cho\u0107 raz w \u017cyciu wpa\u015b\u0107 na event w tym kultowym miejscu.<\/p>\n\n\n\n<p><strong><em>To te\u017c musisz wiedzie\u0107:<\/em><\/strong><em> <a href=\"https:\/\/www.carton.pl\/blog\/kim-jest-krzysztof-skiba-wodzirej-czy-wokalista-zespolu-big-cyc\/\">Kim jest Krzysztof Skiba? Wodzirej czy wokalista zespo\u0142u Big Cyc?<\/a><\/em><\/p>\n\n\n\n<p>Mi\u0119dzynarodowe Targi Pozna\u0144skie ju\u017c dawno uros\u0142y do rangi symbolu stolicy wielkopolski. Ich ogromny metra\u017c i innowacyjne mo\u017cliwo\u015bci techniczne przyci\u0105gaj\u0105 tysi\u0105ce wystawc\u00f3w ka\u017cdego roku. Organizatorzy koncertu postanowili wykorzysta\u0107 potencja\u0142 tego miejsca. Dlatego przebieg wydarzenia urozmaica\u0107 b\u0119d\u0105 wizualizacje i materia\u0142y archiwalne wy\u015bwietlane na ogromnym ekranie LED. Na uczestnik\u00f3w czekaj\u0105 te\u017c przek\u0105ski na zimno i ciep\u0142o!<\/p>\n\n\n\n<h2 class=\"wp-block-heading\" id=\"koncert-big-cyc-zadzwoncie-po-milicje\">Koncert BIG CYC &#8220;Zadzwo\u0144cie po milicj\u0119&#8221;<\/h2>\n\n\n\n<p>A kto zagra? Zespo\u0142y g\u0142\u0119boko zanurzone w specyfice kraju nad Wis\u0142\u0105. Czyli BIG CYC, IRA, SZTYWNY PAL AZJI, CH\u0141OPCY Z PLACU BRONI, R\u00d3\u017bE EUROPY oraz WANDA I BANDA. Dla tekst\u00f3w z album\u00f3w tych wykonawc\u00f3w Polska jest wr\u0119cz naturalnym t\u0142em. To g\u0142osy pokole\u0144 \u017cyj\u0105cych w prze\u0142omowych czasach upadku komunizmu. Ka\u017cdy obeznany z ich tw\u00f3rczo\u015bci\u0105 doskonale o tym wie!<\/p>\n\n\n\n<p>Nie wa\u017cne czy w dowodzie masz rocznik 68\u2019, 89\u2019 czy 2000. Te dwa wydarzenia musisz kojarzy\u0107! Jak nie z lekcji historii, to z opowie\u015bci rodzic\u00f3w. Wprowadzenie stanu wojennego w 1981 roku i przeprowadzenie pierwszych cz\u0119\u015bciowo wolnych wybor\u00f3w w 1989 na sta\u0142e wpisa\u0142y si\u0119 w histori\u0119 Polski jako prze\u0142omowe i ko\u0144cz\u0105ce pewn\u0105 epok\u0119 wydarzenia. Nie chodzi tu tylko o zmiany gospodarcze i ustrojowe \u2014 po 89\u2019 zmieni\u0142 si\u0119 spos\u00f3b my\u015blenia Polak\u00f3w.<\/p>\n\n\n\n<h2 class=\"wp-block-heading\" id=\"stan-wojenny-czyli-proba-zatrzymania-rewolucji\"><a><\/a>Stan wojenny \u2013 czyli pr\u00f3ba zatrzymania rewolucji<\/h2>\n\n\n\n<p>Ponad 4 dekady temu \u00f3wczesny genera\u0142 Armii Polskiej Wojciech Jaruzelski wyg\u0142osi\u0142 przem\u00f3wienie, kt\u00f3re na sta\u0142e zapisa\u0142o si\u0119 na kartach historii. Polskie Radio nada\u0142o je o godzinie 6 rano 13 grudnia 1981 roku. Og\u0142oszenie informowa\u0142o o uformowaniu Wojskowej Rady Ocalenia Narodowego (WRON) i wprowadzeniu stanu wojennego.<\/p>\n\n\n\n<p>Na ulicach zawrza\u0142o! W ca\u0142ej Polsce zorganizowano protesty. Przez Gda\u0144sk, Szczecin przez Katowice, \u0141\u00f3d\u017a a\u017c po Lublin i Krak\u00f3w. W Kopalni W\u0119gla Kamiennego Piast 1000 g\u00f3rnik\u00f3w w ramach strajku przez 14 dni nie opu\u015bci\u0142o miejsca pracy (najd\u0142u\u017cszy strajk w powojennej historii g\u00f3rnictwa). W Gda\u0144sku ponad 100 000 os\u00f3b manifestowa\u0142o sw\u00f3j sprzeciw wobec totalitarnych w\u0142adz PRL-u. Efektem tej kontrrewolucji robotniczej by\u0142o internowanie ok. 10 000 os\u00f3b oraz zwolnienie kilku tysi\u0119cy robotnik\u00f3w. \u00d3wczesna w\u0142adza nie wiedzia\u0142a, \u017ce rewolucji nie da si\u0119 zatrzyma\u0107, mogli j\u0105 jedynie troch\u0119 odwlec\u2026<\/p>\n\n\n\n<h2 class=\"wp-block-heading\" id=\"pierwsze-wolne-wybory-i-dlugo-wyczekiwana-wolnosc\"><a><\/a>Pierwsze wolne wybory i d\u0142ugo wyczekiwana wolno\u015b\u0107<\/h2>\n\n\n\n<p>4 czerwca 1989 roku pomi\u0119dzy w\u0142adzami PRL a cz\u0119\u015bci\u0105 opozycji dosz\u0142o do porozumienia. Odby\u0142y si\u0119 cz\u0119\u015bciowo wolne wybory parlamentarne. Z perspektywy czasu mo\u017cna powiedzie\u0107, \u017ce by\u0142 to jeden z ostatnich klock\u00f3w Domino w procesie upadku PRL-u. Poprzedzi\u0142y je fale strajk\u00f3w w kwietniu i sierpniu 88\u2019. Ca\u0142kowicie wolne wybory odby\u0142y si\u0119 ju\u017c dwa lata p\u00f3\u017aniej, czyli 27 pa\u017adziernika 1991 roku.<\/p>\n\n\n\n<p>Jednak to rok 1989 uznaje si\u0119 za ten symboliczny czas, w kt\u00f3rym upad\u0142 PRL. To w\u0142a\u015bnie w tym roku Joanna Szczepkowska wypowiedzia\u0142a s\u0142owa \u201eProsz\u0119 pa\u0144stwa, 4 czerwca 1989 roku sko\u0144czy\u0142 si\u0119 w Polsce komunizm\u201d, co wtedy konfundowa\u0142o, dzi\u015b \u2014 wcale. W 89\u2019 oficjalnie zmieniono nazw\u0119 naszego kraju z Polskiej Republiki Ludowej na Rzeczpospolita Polska. Wybory zako\u0144czy\u0142y si\u0119 sukcesem Solidarno\u015bci \u2014 Solidarno\u015b\u0107 zdoby\u0142a praktycznie wszystko, co mog\u0142a zdoby\u0107; czyli 160 mandat\u00f3w ze 161 przeznaczonych dla kandydat\u00f3w bezpartyjnych. By\u0142a to druzgoc\u0105ca kl\u0119ska rz\u0105dz\u0105cych.<\/p>\n\n\n\n<h2 class=\"wp-block-heading\" id=\"koszulki-big-cyc-o-historii-z-humorem\"><a href=\"https:\/\/www.carton.pl\/zespol\/big-cyc\">Koszulki BIG CYC<\/a> \u2013 o historii z humorem<\/h2>\n\n\n\n<p>Adam Bilik w rozmowie z Krzysztofem Skib\u0105 (lider ekipy BIG CYC) nazywa <a href=\"https:\/\/www.carton.pl\/blog\/zespol-big-cyc-skad-sie-wzial-i-co-tworzy\/\">zesp\u00f3\u0142 BIG CYC<\/a> zespo\u0142em \u201efelietonowym\u201d. To trafne okre\u015blenie. Rzeczywisto\u015b\u0107 czas\u00f3w PRL-u jest naturalnym sztafa\u017cem dla pierwszych album\u00f3w tego kultowego zespo\u0142u. Ekipa zawsze by\u0142a zaanga\u017cowana politycznie. Wystarczy wspomnie\u0107 kilka ich happening\u00f3w. Na przyk\u0142ad ten, kiedy cz\u0142onkowie zespo\u0142u przykuli si\u0119 do kaloryfer\u00f3w w wydawnictwie Polskie Nagrania, by wyrazi\u0107 protest przeciwko niewyp\u0142acaniu tantiem artystom. Sam zesp\u00f3\u0142 nazywany jest muzyczn\u0105 frakcj\u0105 Pomara\u0144czowej Alternatywy (pocz\u0105tki grupy maj\u0105 miejsce w\u0142a\u015bnie w sercu wydarze\u0144 tego ruchu), co wiele m\u00f3wi o charakterze grupy.<\/p>\n\n\n\n<p>Te\u017c lubimy ich s\u0142ucha\u0107. Dlatego przygotowali\u015bmy dla Was ubrania i akcesoria graficznie nawi\u0105zuj\u0105ce do tw\u00f3rczo\u015bci zespo\u0142u BIG CYC. Je\u017celi chodzi o jako\u015b\u0107, to zawsze mo\u017cecie na nas liczy\u0107. Na koncertach spotykamy osoby w naszych koszulkach, nosz\u0105ce je na ju\u017c kt\u00f3ry\u015b rok z rz\u0119du przy okazji wyst\u0119p\u00f3w. Nie dziwimy si\u0119 \u2013 wszystko jest w nich, jak trzeba. Poczynaj\u0105c od materia\u0142u, przez nadruk i gramatur\u0119, ko\u0144cz\u0105c na wytrzyma\u0142o\u015bci szw\u00f3w. Wygoda, jako\u015b\u0107 i du\u017co serducha w\u0142o\u017conego w prac\u0119 \u2013 tego mo\u017cesz od nas oczekiwa\u0107.<\/p>\n\n\n\n<h2 class=\"wp-block-heading\" id=\"do-zobaczenia-na-miejscu\"><a><\/a>Do zobaczenia na miejscu!<\/h2>\n\n\n\n<p>Kultowa muzyka \u2013 jest! Profesjonalna organizacja \u2013 a jak\u017ce! Legendarne miejsce \u2013 owszem. Mo\u017cliwo\u015b\u0107 kupienia pami\u0105tki? \u2013 my j\u0105 gwarantujemy. Mo\u017ce to by\u0107 np. T-shirt, badzik, bluza czy naszywka z Twoim ulubionym zespo\u0142em. Taki dodatek na pewno doda klimatu wydarzeniu, a do tego zostanie z Tob\u0105 na lata! Dla naszych klient\u00f3w mamy te\u017c specjalne udogodnienia. <\/p>\n","protected":false},"excerpt":{"rendered":"<p>To ju\u017c lada dzie\u0144! 22 stycznia na jednej z hal budynku Mi\u0119dzynarodowych Targ\u00f3w Pozna\u0144skich odb\u0119dzie si\u0119 koncert, kt\u00f3ry b\u0119dziesz wspomina\u0107 przez lata. Okoliczno\u015bci s\u0105 naprawd\u0119 wyj\u0105tkowe. \u015awi\u0119tujemy dwie, niezwykle wa\u017cne daty w historii Polski. Kto opowie o latach ko\u0144c\u00f3wki PRL-u lepiej ni\u017c teksty kultowych polskich kapel rockowych?<\/p>\n","protected":false},"author":2,"featured_media":343,"comment_status":"closed","ping_status":"open","sticky":false,"template":"","format":"standard","meta":{"footnotes":""},"categories":[2],"tags":[],"class_list":["post-342","post","type-post","status-publish","format-standard","has-post-thumbnail","hentry","category-zespoly"],"yoast_head":"<!-- This site is optimized with the Yoast SEO plugin v26.9 - https:\/\/yoast.com\/product\/yoast-seo-wordpress\/ -->\n<title>Dwie rocznice, jeden koncert. BIG CYC z okazji stanu wojennego i wolnych wybor\u00f3w - BLOG carton.pl<\/title>\n<meta name=\"robots\" content=\"index, follow, max-snippet:-1, max-image-preview:large, max-video-preview:-1\" \/>\n<link rel=\"canonical\" href=\"https:\/\/www.carton.pl\/blog\/dwie-rocznice-jeden-koncert-big-cyc-z-okazji-stanu-wojennego-i-wolnych-wyborow\/\" \/>\n<meta property=\"og:locale\" content=\"pl_PL\" \/>\n<meta property=\"og:type\" content=\"article\" \/>\n<meta property=\"og:title\" content=\"Dwie rocznice, jeden koncert. BIG CYC z okazji stanu wojennego i wolnych wybor\u00f3w - BLOG carton.pl\" \/>\n<meta property=\"og:description\" content=\"To ju\u017c lada dzie\u0144! 22 stycznia na jednej z hal budynku Mi\u0119dzynarodowych Targ\u00f3w Pozna\u0144skich odb\u0119dzie si\u0119 koncert, kt\u00f3ry b\u0119dziesz wspomina\u0107 przez lata. Okoliczno\u015bci s\u0105 naprawd\u0119 wyj\u0105tkowe. \u015awi\u0119tujemy dwie, niezwykle wa\u017cne daty w historii Polski. Kto opowie o latach ko\u0144c\u00f3wki PRL-u lepiej ni\u017c teksty kultowych polskich kapel rockowych?\" \/>\n<meta property=\"og:url\" content=\"https:\/\/www.carton.pl\/blog\/dwie-rocznice-jeden-koncert-big-cyc-z-okazji-stanu-wojennego-i-wolnych-wyborow\/\" \/>\n<meta property=\"og:site_name\" content=\"BLOG carton.pl\" \/>\n<meta property=\"article:published_time\" content=\"2022-01-14T07:16:00+00:00\" \/>\n<meta property=\"article:modified_time\" content=\"2022-06-10T12:53:36+00:00\" \/>\n<meta property=\"og:image\" content=\"https:\/\/www.carton.pl\/blog\/wp-content\/uploads\/2022\/01\/Bic_Cyc_ZpM-26.jpg\" \/>\n\t<meta property=\"og:image:width\" content=\"2048\" \/>\n\t<meta property=\"og:image:height\" content=\"1365\" \/>\n\t<meta property=\"og:image:type\" content=\"image\/jpeg\" \/>\n<meta name=\"author\" content=\"Tomek\" \/>\n<meta name=\"twitter:card\" content=\"summary_large_image\" \/>\n<meta name=\"twitter:label1\" content=\"Napisane przez\" \/>\n\t<meta name=\"twitter:data1\" content=\"Tomek\" \/>\n\t<meta name=\"twitter:label2\" content=\"Szacowany czas czytania\" \/>\n\t<meta name=\"twitter:data2\" content=\"5 minut\" \/>\n<script type=\"application\/ld+json\" class=\"yoast-schema-graph\">{\"@context\":\"https:\/\/schema.org\",\"@graph\":[{\"@type\":\"Article\",\"@id\":\"https:\/\/www.carton.pl\/blog\/dwie-rocznice-jeden-koncert-big-cyc-z-okazji-stanu-wojennego-i-wolnych-wyborow\/#article\",\"isPartOf\":{\"@id\":\"https:\/\/www.carton.pl\/blog\/dwie-rocznice-jeden-koncert-big-cyc-z-okazji-stanu-wojennego-i-wolnych-wyborow\/\"},\"author\":{\"name\":\"Tomek\",\"@id\":\"https:\/\/www.carton.pl\/blog\/#\/schema\/person\/de344cca6ded145c31c54b7017bb2d1d\"},\"headline\":\"Dwie rocznice, jeden koncert. BIG CYC z okazji stanu wojennego i wolnych wybor\u00f3w\",\"datePublished\":\"2022-01-14T07:16:00+00:00\",\"dateModified\":\"2022-06-10T12:53:36+00:00\",\"mainEntityOfPage\":{\"@id\":\"https:\/\/www.carton.pl\/blog\/dwie-rocznice-jeden-koncert-big-cyc-z-okazji-stanu-wojennego-i-wolnych-wyborow\/\"},\"wordCount\":988,\"publisher\":{\"@id\":\"https:\/\/www.carton.pl\/blog\/#organization\"},\"image\":{\"@id\":\"https:\/\/www.carton.pl\/blog\/dwie-rocznice-jeden-koncert-big-cyc-z-okazji-stanu-wojennego-i-wolnych-wyborow\/#primaryimage\"},\"thumbnailUrl\":\"https:\/\/www.carton.pl\/blog\/wp-content\/uploads\/2022\/01\/Bic_Cyc_ZpM-26.jpg\",\"articleSection\":[\"Zespo\u0142y\"],\"inLanguage\":\"pl-PL\"},{\"@type\":\"WebPage\",\"@id\":\"https:\/\/www.carton.pl\/blog\/dwie-rocznice-jeden-koncert-big-cyc-z-okazji-stanu-wojennego-i-wolnych-wyborow\/\",\"url\":\"https:\/\/www.carton.pl\/blog\/dwie-rocznice-jeden-koncert-big-cyc-z-okazji-stanu-wojennego-i-wolnych-wyborow\/\",\"name\":\"Dwie rocznice, jeden koncert. BIG CYC z okazji stanu wojennego i wolnych wybor\u00f3w - BLOG carton.pl\",\"isPartOf\":{\"@id\":\"https:\/\/www.carton.pl\/blog\/#website\"},\"primaryImageOfPage\":{\"@id\":\"https:\/\/www.carton.pl\/blog\/dwie-rocznice-jeden-koncert-big-cyc-z-okazji-stanu-wojennego-i-wolnych-wyborow\/#primaryimage\"},\"image\":{\"@id\":\"https:\/\/www.carton.pl\/blog\/dwie-rocznice-jeden-koncert-big-cyc-z-okazji-stanu-wojennego-i-wolnych-wyborow\/#primaryimage\"},\"thumbnailUrl\":\"https:\/\/www.carton.pl\/blog\/wp-content\/uploads\/2022\/01\/Bic_Cyc_ZpM-26.jpg\",\"datePublished\":\"2022-01-14T07:16:00+00:00\",\"dateModified\":\"2022-06-10T12:53:36+00:00\",\"breadcrumb\":{\"@id\":\"https:\/\/www.carton.pl\/blog\/dwie-rocznice-jeden-koncert-big-cyc-z-okazji-stanu-wojennego-i-wolnych-wyborow\/#breadcrumb\"},\"inLanguage\":\"pl-PL\",\"potentialAction\":[{\"@type\":\"ReadAction\",\"target\":[\"https:\/\/www.carton.pl\/blog\/dwie-rocznice-jeden-koncert-big-cyc-z-okazji-stanu-wojennego-i-wolnych-wyborow\/\"]}]},{\"@type\":\"ImageObject\",\"inLanguage\":\"pl-PL\",\"@id\":\"https:\/\/www.carton.pl\/blog\/dwie-rocznice-jeden-koncert-big-cyc-z-okazji-stanu-wojennego-i-wolnych-wyborow\/#primaryimage\",\"url\":\"https:\/\/www.carton.pl\/blog\/wp-content\/uploads\/2022\/01\/Bic_Cyc_ZpM-26.jpg\",\"contentUrl\":\"https:\/\/www.carton.pl\/blog\/wp-content\/uploads\/2022\/01\/Bic_Cyc_ZpM-26.jpg\",\"width\":2048,\"height\":1365},{\"@type\":\"BreadcrumbList\",\"@id\":\"https:\/\/www.carton.pl\/blog\/dwie-rocznice-jeden-koncert-big-cyc-z-okazji-stanu-wojennego-i-wolnych-wyborow\/#breadcrumb\",\"itemListElement\":[{\"@type\":\"ListItem\",\"position\":1,\"name\":\"Strona g\u0142\u00f3wna\",\"item\":\"https:\/\/www.carton.pl\/blog\/\"},{\"@type\":\"ListItem\",\"position\":2,\"name\":\"Dwie rocznice, jeden koncert. BIG CYC z okazji stanu wojennego i wolnych wybor\u00f3w\"}]},{\"@type\":\"WebSite\",\"@id\":\"https:\/\/www.carton.pl\/blog\/#website\",\"url\":\"https:\/\/www.carton.pl\/blog\/\",\"name\":\"BLOG carton.pl\",\"description\":\"Zespo\u0142y, ciuchy, muzyka - o tym piszemy\",\"publisher\":{\"@id\":\"https:\/\/www.carton.pl\/blog\/#organization\"},\"potentialAction\":[{\"@type\":\"SearchAction\",\"target\":{\"@type\":\"EntryPoint\",\"urlTemplate\":\"https:\/\/www.carton.pl\/blog\/?s={search_term_string}\"},\"query-input\":{\"@type\":\"PropertyValueSpecification\",\"valueRequired\":true,\"valueName\":\"search_term_string\"}}],\"inLanguage\":\"pl-PL\"},{\"@type\":\"Organization\",\"@id\":\"https:\/\/www.carton.pl\/blog\/#organization\",\"name\":\"CARTON Tomasz Kowalski\",\"url\":\"https:\/\/www.carton.pl\/blog\/\",\"logo\":{\"@type\":\"ImageObject\",\"inLanguage\":\"pl-PL\",\"@id\":\"https:\/\/www.carton.pl\/blog\/#\/schema\/logo\/image\/\",\"url\":\"https:\/\/carton.pl\/blog\/wp-content\/uploads\/2021\/12\/carton_merch_logo.png\",\"contentUrl\":\"https:\/\/carton.pl\/blog\/wp-content\/uploads\/2021\/12\/carton_merch_logo.png\",\"width\":205,\"height\":56,\"caption\":\"CARTON Tomasz Kowalski\"},\"image\":{\"@id\":\"https:\/\/www.carton.pl\/blog\/#\/schema\/logo\/image\/\"}},{\"@type\":\"Person\",\"@id\":\"https:\/\/www.carton.pl\/blog\/#\/schema\/person\/de344cca6ded145c31c54b7017bb2d1d\",\"name\":\"Tomek\",\"image\":{\"@type\":\"ImageObject\",\"inLanguage\":\"pl-PL\",\"@id\":\"https:\/\/www.carton.pl\/blog\/#\/schema\/person\/image\/\",\"url\":\"https:\/\/secure.gravatar.com\/avatar\/c2a11a2e6f85d610387f5fc3605cf6b2b1af61f0ffb9fa4669a13a3e4c0e1281?s=96&d=mm&r=g\",\"contentUrl\":\"https:\/\/secure.gravatar.com\/avatar\/c2a11a2e6f85d610387f5fc3605cf6b2b1af61f0ffb9fa4669a13a3e4c0e1281?s=96&d=mm&r=g\",\"caption\":\"Tomek\"},\"url\":\"https:\/\/www.carton.pl\/blog\/author\/carton\/\"}]}<\/script>\n<!-- \/ Yoast SEO plugin. -->","yoast_head_json":{"title":"Dwie rocznice, jeden koncert. BIG CYC z okazji stanu wojennego i wolnych wybor\u00f3w - BLOG carton.pl","robots":{"index":"index","follow":"follow","max-snippet":"max-snippet:-1","max-image-preview":"max-image-preview:large","max-video-preview":"max-video-preview:-1"},"canonical":"https:\/\/www.carton.pl\/blog\/dwie-rocznice-jeden-koncert-big-cyc-z-okazji-stanu-wojennego-i-wolnych-wyborow\/","og_locale":"pl_PL","og_type":"article","og_title":"Dwie rocznice, jeden koncert. BIG CYC z okazji stanu wojennego i wolnych wybor\u00f3w - BLOG carton.pl","og_description":"To ju\u017c lada dzie\u0144! 22 stycznia na jednej z hal budynku Mi\u0119dzynarodowych Targ\u00f3w Pozna\u0144skich odb\u0119dzie si\u0119 koncert, kt\u00f3ry b\u0119dziesz wspomina\u0107 przez lata. Okoliczno\u015bci s\u0105 naprawd\u0119 wyj\u0105tkowe. \u015awi\u0119tujemy dwie, niezwykle wa\u017cne daty w historii Polski. Kto opowie o latach ko\u0144c\u00f3wki PRL-u lepiej ni\u017c teksty kultowych polskich kapel rockowych?","og_url":"https:\/\/www.carton.pl\/blog\/dwie-rocznice-jeden-koncert-big-cyc-z-okazji-stanu-wojennego-i-wolnych-wyborow\/","og_site_name":"BLOG carton.pl","article_published_time":"2022-01-14T07:16:00+00:00","article_modified_time":"2022-06-10T12:53:36+00:00","og_image":[{"width":2048,"height":1365,"url":"https:\/\/www.carton.pl\/blog\/wp-content\/uploads\/2022\/01\/Bic_Cyc_ZpM-26.jpg","type":"image\/jpeg"}],"author":"Tomek","twitter_card":"summary_large_image","twitter_misc":{"Napisane przez":"Tomek","Szacowany czas czytania":"5 minut"},"schema":{"@context":"https:\/\/schema.org","@graph":[{"@type":"Article","@id":"https:\/\/www.carton.pl\/blog\/dwie-rocznice-jeden-koncert-big-cyc-z-okazji-stanu-wojennego-i-wolnych-wyborow\/#article","isPartOf":{"@id":"https:\/\/www.carton.pl\/blog\/dwie-rocznice-jeden-koncert-big-cyc-z-okazji-stanu-wojennego-i-wolnych-wyborow\/"},"author":{"name":"Tomek","@id":"https:\/\/www.carton.pl\/blog\/#\/schema\/person\/de344cca6ded145c31c54b7017bb2d1d"},"headline":"Dwie rocznice, jeden koncert. BIG CYC z okazji stanu wojennego i wolnych wybor\u00f3w","datePublished":"2022-01-14T07:16:00+00:00","dateModified":"2022-06-10T12:53:36+00:00","mainEntityOfPage":{"@id":"https:\/\/www.carton.pl\/blog\/dwie-rocznice-jeden-koncert-big-cyc-z-okazji-stanu-wojennego-i-wolnych-wyborow\/"},"wordCount":988,"publisher":{"@id":"https:\/\/www.carton.pl\/blog\/#organization"},"image":{"@id":"https:\/\/www.carton.pl\/blog\/dwie-rocznice-jeden-koncert-big-cyc-z-okazji-stanu-wojennego-i-wolnych-wyborow\/#primaryimage"},"thumbnailUrl":"https:\/\/www.carton.pl\/blog\/wp-content\/uploads\/2022\/01\/Bic_Cyc_ZpM-26.jpg","articleSection":["Zespo\u0142y"],"inLanguage":"pl-PL"},{"@type":"WebPage","@id":"https:\/\/www.carton.pl\/blog\/dwie-rocznice-jeden-koncert-big-cyc-z-okazji-stanu-wojennego-i-wolnych-wyborow\/","url":"https:\/\/www.carton.pl\/blog\/dwie-rocznice-jeden-koncert-big-cyc-z-okazji-stanu-wojennego-i-wolnych-wyborow\/","name":"Dwie rocznice, jeden koncert. BIG CYC z okazji stanu wojennego i wolnych wybor\u00f3w - BLOG carton.pl","isPartOf":{"@id":"https:\/\/www.carton.pl\/blog\/#website"},"primaryImageOfPage":{"@id":"https:\/\/www.carton.pl\/blog\/dwie-rocznice-jeden-koncert-big-cyc-z-okazji-stanu-wojennego-i-wolnych-wyborow\/#primaryimage"},"image":{"@id":"https:\/\/www.carton.pl\/blog\/dwie-rocznice-jeden-koncert-big-cyc-z-okazji-stanu-wojennego-i-wolnych-wyborow\/#primaryimage"},"thumbnailUrl":"https:\/\/www.carton.pl\/blog\/wp-content\/uploads\/2022\/01\/Bic_Cyc_ZpM-26.jpg","datePublished":"2022-01-14T07:16:00+00:00","dateModified":"2022-06-10T12:53:36+00:00","breadcrumb":{"@id":"https:\/\/www.carton.pl\/blog\/dwie-rocznice-jeden-koncert-big-cyc-z-okazji-stanu-wojennego-i-wolnych-wyborow\/#breadcrumb"},"inLanguage":"pl-PL","potentialAction":[{"@type":"ReadAction","target":["https:\/\/www.carton.pl\/blog\/dwie-rocznice-jeden-koncert-big-cyc-z-okazji-stanu-wojennego-i-wolnych-wyborow\/"]}]},{"@type":"ImageObject","inLanguage":"pl-PL","@id":"https:\/\/www.carton.pl\/blog\/dwie-rocznice-jeden-koncert-big-cyc-z-okazji-stanu-wojennego-i-wolnych-wyborow\/#primaryimage","url":"https:\/\/www.carton.pl\/blog\/wp-content\/uploads\/2022\/01\/Bic_Cyc_ZpM-26.jpg","contentUrl":"https:\/\/www.carton.pl\/blog\/wp-content\/uploads\/2022\/01\/Bic_Cyc_ZpM-26.jpg","width":2048,"height":1365},{"@type":"BreadcrumbList","@id":"https:\/\/www.carton.pl\/blog\/dwie-rocznice-jeden-koncert-big-cyc-z-okazji-stanu-wojennego-i-wolnych-wyborow\/#breadcrumb","itemListElement":[{"@type":"ListItem","position":1,"name":"Strona g\u0142\u00f3wna","item":"https:\/\/www.carton.pl\/blog\/"},{"@type":"ListItem","position":2,"name":"Dwie rocznice, jeden koncert. BIG CYC z okazji stanu wojennego i wolnych wybor\u00f3w"}]},{"@type":"WebSite","@id":"https:\/\/www.carton.pl\/blog\/#website","url":"https:\/\/www.carton.pl\/blog\/","name":"BLOG carton.pl","description":"Zespo\u0142y, ciuchy, muzyka - o tym piszemy","publisher":{"@id":"https:\/\/www.carton.pl\/blog\/#organization"},"potentialAction":[{"@type":"SearchAction","target":{"@type":"EntryPoint","urlTemplate":"https:\/\/www.carton.pl\/blog\/?s={search_term_string}"},"query-input":{"@type":"PropertyValueSpecification","valueRequired":true,"valueName":"search_term_string"}}],"inLanguage":"pl-PL"},{"@type":"Organization","@id":"https:\/\/www.carton.pl\/blog\/#organization","name":"CARTON Tomasz Kowalski","url":"https:\/\/www.carton.pl\/blog\/","logo":{"@type":"ImageObject","inLanguage":"pl-PL","@id":"https:\/\/www.carton.pl\/blog\/#\/schema\/logo\/image\/","url":"https:\/\/carton.pl\/blog\/wp-content\/uploads\/2021\/12\/carton_merch_logo.png","contentUrl":"https:\/\/carton.pl\/blog\/wp-content\/uploads\/2021\/12\/carton_merch_logo.png","width":205,"height":56,"caption":"CARTON Tomasz Kowalski"},"image":{"@id":"https:\/\/www.carton.pl\/blog\/#\/schema\/logo\/image\/"}},{"@type":"Person","@id":"https:\/\/www.carton.pl\/blog\/#\/schema\/person\/de344cca6ded145c31c54b7017bb2d1d","name":"Tomek","image":{"@type":"ImageObject","inLanguage":"pl-PL","@id":"https:\/\/www.carton.pl\/blog\/#\/schema\/person\/image\/","url":"https:\/\/secure.gravatar.com\/avatar\/c2a11a2e6f85d610387f5fc3605cf6b2b1af61f0ffb9fa4669a13a3e4c0e1281?s=96&d=mm&r=g","contentUrl":"https:\/\/secure.gravatar.com\/avatar\/c2a11a2e6f85d610387f5fc3605cf6b2b1af61f0ffb9fa4669a13a3e4c0e1281?s=96&d=mm&r=g","caption":"Tomek"},"url":"https:\/\/www.carton.pl\/blog\/author\/carton\/"}]}},"_links":{"self":[{"href":"https:\/\/www.carton.pl\/blog\/wp-json\/wp\/v2\/posts\/342","targetHints":{"allow":["GET"]}}],"collection":[{"href":"https:\/\/www.carton.pl\/blog\/wp-json\/wp\/v2\/posts"}],"about":[{"href":"https:\/\/www.carton.pl\/blog\/wp-json\/wp\/v2\/types\/post"}],"author":[{"embeddable":true,"href":"https:\/\/www.carton.pl\/blog\/wp-json\/wp\/v2\/users\/2"}],"replies":[{"embeddable":true,"href":"https:\/\/www.carton.pl\/blog\/wp-json\/wp\/v2\/comments?post=342"}],"version-history":[{"count":8,"href":"https:\/\/www.carton.pl\/blog\/wp-json\/wp\/v2\/posts\/342\/revisions"}],"predecessor-version":[{"id":609,"href":"https:\/\/www.carton.pl\/blog\/wp-json\/wp\/v2\/posts\/342\/revisions\/609"}],"wp:featuredmedia":[{"embeddable":true,"href":"https:\/\/www.carton.pl\/blog\/wp-json\/wp\/v2\/media\/343"}],"wp:attachment":[{"href":"https:\/\/www.carton.pl\/blog\/wp-json\/wp\/v2\/media?parent=342"}],"wp:term":[{"taxonomy":"category","embeddable":true,"href":"https:\/\/www.carton.pl\/blog\/wp-json\/wp\/v2\/categories?post=342"},{"taxonomy":"post_tag","embeddable":true,"href":"https:\/\/www.carton.pl\/blog\/wp-json\/wp\/v2\/tags?post=342"}],"curies":[{"name":"wp","href":"https:\/\/api.w.org\/{rel}","templated":true}]}}