{"id":625,"date":"2022-08-02T15:04:56","date_gmt":"2022-08-02T13:04:56","guid":{"rendered":"https:\/\/www.carton.pl\/blog\/?p=625"},"modified":"2022-08-02T15:14:14","modified_gmt":"2022-08-02T13:14:14","slug":"piotr-rogucki-i-jego-kariera-jak-to-sie-rozwija","status":"publish","type":"post","link":"https:\/\/www.carton.pl\/blog\/piotr-rogucki-i-jego-kariera-jak-to-sie-rozwija\/","title":{"rendered":"Piotr Rogucki i jego kariera. Jak to si\u0119 rozwija?"},"content":{"rendered":"\n<p>Frontman \u0142\u00f3dzkiego zespo\u0142u rockowego Coma, aktor z wyr\u00f3\u017cnieniami\u2026 Piotr Rogucki to ten typ cz\u0142owieka, kt\u00f3ry robi wiele rzeczy naraz \u2013 i wszystko wychodzi mu \u015bwietnie. Zdecydowanie warto przedstawi\u0107 jego sylwetk\u0119 bli\u017cej i zapozna\u0107 si\u0119 z bogatym dorobkiem artystycznym tego nietuzinkowego faceta. Dowiedz si\u0119 wi\u0119cej o Piotrze Roguckim!<\/p>\n\n\n\n<h2 class=\"wp-block-heading\">Kim jest Piotr Rogucki?<\/h2>\n\n\n\n<p>Piotr Rogucki urodzi\u0142 si\u0119 5 maja 1978 roku w \u0141odzi. To w\u0142a\u015bnie tam artysta ucz\u0119szcza\u0142 do szko\u0142y i sp\u0119dzi\u0142 ca\u0142\u0105 swoj\u0105 m\u0142odo\u015b\u0107. Swoje pierwsze lata prze\u017cy\u0142 w blokowej klitce \u2013 9 os\u00f3b na dwa pokoje. Gdy jednak sko\u0144czy\u0142 sze\u015b\u0107 lat i poszed\u0142 do zer\u00f3wki, jego rodzice zmienili mieszkanie na wi\u0119ksze.<\/p>\n\n\n\n<p>Rogucki wspomina pewn\u0105 \u201estraszn\u0105\u201d histori\u0119 ze swojego dzieci\u0144stwa. Gdy wraz z siostr\u0105 zostali sami w domu, z sufitu zacz\u0119\u0142a kapa\u0107 woda. Przera\u017cone dzieciaki by\u0142y w\u00f3wczas przekonane, \u017ce uton\u0105 i zacz\u0119li wo\u0142a\u0107 o pomoc. Jak mo\u017cna si\u0119 by\u0142o spodziewa\u0107, okaza\u0142o si\u0119, \u017ce strach ma wielkie oczy \u2013 wody nie uzbiera\u0142a si\u0119 nawet solidna ka\u0142u\u017ca. W tym wieku lubi\u0142 te\u017c biega\u0107 po nieodkrytych terenach.<\/p>\n\n\n\n<p>Jak to zwykle bywa w przypadku wybitnych artyst\u00f3w, pierwsze zajawki Roguckiego pojawi\u0142y si\u0119 w bardzo m\u0142odym w wieku. Swoj\u0105 pierwsz\u0105 gitar\u0119 dosta\u0142 ju\u017c w wieku 10 lat i bardzo pokocha\u0142 ten instrument. Nied\u0142ugo p\u00f3\u017aniej, bo w sz\u00f3stej klasie, zacz\u0105\u0142 ju\u017c pisa\u0107 w\u0142asne teksty muzyczne.<\/p>\n\n\n\n<p>Jednak talenty aktorskie Roguckiego nie ko\u0144czy\u0142y si\u0119 na muzyce. Pod koniec podstaw\u00f3wki nauczyciele zach\u0119cali go nie tylko do liceum muzycznego, ale i plastycznego. Ostatecznie spr\u00f3bowa\u0142 z teatrem, a dok\u0142adniej \u0142\u00f3dzkim Teatrem Amatorskim Studia Teatralnego \u201eS\u0142up\u201d, ale szybko si\u0119 zniech\u0119ci\u0142. Wyl\u0105dowa\u0142 w technikum elektrycznym, jednak przez jaki\u015b czas chodzi\u0142 na zaj\u0119cia do szko\u0142y muzycznej, gdzie m.in. gra\u0142 na pianinie.<\/p>\n\n\n\n<p>Ostatecznie w 2006 roku Piotr Rogucki zosta\u0142 absolwentem Pa\u0144stwowej Wy\u017cszej Szko\u0142y Teatralnej im. Ludwika Solskiego w Krakowie. To by\u0142 te\u017c czas powstawania jego flagowego projektu \u2013 rockowego zespo\u0142u Coma.<\/p>\n\n\n\n<h2 class=\"wp-block-heading\">Dorobek muzyczny Roguckiego<\/h2>\n\n\n\n<p>Rogucki karier\u0119 sceniczn\u0105 rozpocz\u0105\u0142 od \u015bpiewania na festiwalach piosenki i przegl\u0105dach takich jak <em>Wrzosowisko<\/em>, <em>Oran\u017ceria<\/em>, <em>Piostury <\/em>i <em>Spotkania Zamkowe w Olsztynie<\/em>. Jednak najbardziej znan\u0105 inicjatyw\u0105, w jakiej bra\u0142 udzia\u0142, jest niew\u0105tpliwie zesp\u00f3\u0142 Coma. To&nbsp;kapela muzyczna za\u0142o\u017cona w 1998 roku w ramach wsp\u00f3\u0142pracy perkusisty Tomasza Stasiaka i Dominika&nbsp;Witczaka, kt\u00f3ry gra\u0142 na gitarze. Wkr\u00f3tce potem do\u0142\u0105czy\u0142 do nich tak\u017ce Piotr Rogucki. Pierwszym&nbsp;g\u0142o\u015bnym singlem tego zespo\u0142u by\u0142 kawa\u0142ek Skaczemy\/Pasa\u017cer, kt\u00f3ry \u2013 jak na tamte czasy \u2013 zrobi\u0142&nbsp;prawdziw\u0105 furor\u0119.<\/p>\n\n\n\n<p>Coma zdoby\u0142a rozg\u0142os tak\u017ce przez to, w jakim towarzystwie si\u0119 obraca\u0142a. Rogucki wraz z zespo\u0142em Coma mia\u0142 okazj\u0119 koncertowa\u0107 m.in. z Kazikiem Staszewskim, T. Love czy Acid Drinkers. I tak a\u017c do 2004 roku, gdy pojawi\u0142a si\u0119 ich pierwsza p\u0142yta studyjna \u2013 <em>Pierwsze wyj\u015bcie z mroku<\/em>.\u00a0W\u00f3wczas zacz\u0119li \u015bpiewa\u0107 piosenki swojego autorstwa na przegl\u0105dach i festiwalach takich jak Przystanek Woodstock.<\/p>\n\n\n\n<p>Lata p\u00f3\u017aniej Piotr Rogucki otrzyma\u0142, wraz ze swoim zespo\u0142em, liczne nagrody i wyr\u00f3\u017cnienia. W 2001 roku zdoby\u0142 II nagrod\u0119 na 37. Festiwalu Piosenki w Krakowie. Trzy lata p\u00f3\u017aniej ch\u0142opaki zapracowa\u0142y sobie na Nagrod\u0119 Grand Prix im. Agnieszki Osieckiej. Zostali te\u017c wyr\u00f3\u017cnieni na Przegl\u0105dzie Piosenki Aktorskiej we Wroc\u0142awiu.<\/p>\n\n\n\n<p>Zesp\u00f3\u0142 w 2007 roku mia\u0142 okazj\u0119 zagra\u0107 na Woodstocku, gdzie nagrodzono ich Z\u0142otym B\u0105czkiem. Ich dalsze sukcesy tak\u017ce by\u0142y imponuj\u0105ce \u2013 grali nawet na jednej scenie z Linkin Park i Pearl Jam. Ostatecznie w 2019 roku Piotr zawiesi\u0142 dzia\u0142alno\u015b\u0107 zespo\u0142u Coma i wraz z muzykiem Jakubem Karasiem za\u0142o\u017cy\u0142 jedyny w swoim rodzaju duet Kara\u015b\/Rogucki.<\/p>\n\n\n\n<h2 class=\"wp-block-heading\">Kariera aktorska Roguckiego \u2013 nie tylko Stulecie Winnych<\/h2>\n\n\n\n<p>Kariera aktorska Roguckiego zacz\u0119\u0142a si\u0119 grubo ponad dwie dekady temu. Ju\u017c podczas studi\u00f3w wyst\u0119powa\u0142 w przedstawieniach, m.in. w <em>Zaryzykuj wszystko<\/em> Grzegorza Jarzyny. Z czasem jego dorobek aktorski si\u0119 powi\u0119ksza\u0142, a on sam mia\u0142 okazj\u0119 zagra\u0107 tak\u017ce w innych spektaklach.<\/p>\n\n\n\n<p><strong><em>Sprawd\u017a te\u017c:<\/em><\/strong><em> <a href=\"https:\/\/www.carton.pl\/blog\/zespol-coma-hipertrofia-i-inne-albumy-poznaj-ich\/\">Zesp\u00f3\u0142 COMA. Hipertrofia i inne albumy. Poznaj ich!<\/a><\/em><\/p>\n\n\n\n<p>A co z telewizj\u0105? Tutaj debiut mia\u0142 miejsce jeszcze szybciej, bo w 1998 roku.&nbsp;Rogucki mia\u0142 w\u00f3wczas okazj\u0119 wzi\u0105\u0107 udzia\u0142 w serialu <em>Syzyfowe prace<\/em>. To nie by\u0142 jego ostatni serial \u2013 z doskoku pojawia\u0142 si\u0119 tak\u017ce w produkcjach takich jak <em>Czas Honoru, Lekarze <\/em>czy <em>To nie koniec \u015bwiata<\/em>. W 2010 roku zagra\u0142 w znanej pe\u0142nometra\u017c\u00f3wce Skrzydlate \u015awinie.<\/p>\n\n\n\n<p>Dzi\u015b najpopularniejsz\u0105 rol\u0105 Roguckiego jest jednak posta\u0107 Ryszard Borkowski w serialu Stulecie Winnych.<\/p>\n\n\n\n<h2 class=\"wp-block-heading\">Piotr Rogucki \u2013 \u017cona, rodzina<\/h2>\n\n\n\n<p>Rogucki jest szcz\u0119\u015bliwym m\u0119\u017cem i ojcem dw\u00f3jki dzieci. Jego \u017cona Zofia pracuje jako lekarz-radiolog, a dzieci urodzi\u0142y si\u0119 kolejno w 2013 i 2014 roku. Jak twierdzi sam artysta, ojcostwo przewr\u00f3ci\u0142o jego \u017cycie do g\u00f3ry nogami \u2013 ale tak pozytywnie.<\/p>\n\n\n\n<h2 class=\"wp-block-heading\">Dyskografia Piotra Roguckiego<\/h2>\n\n\n\n<p>Rogucki by\u0142 nie tylko cz\u0142onkiem zespo\u0142u Coma, ale tak\u017ce solowym artyst\u0105. W jego portfolio pojawi\u0142y si\u0119 cztery w\u0142asne albumy:<\/p>\n\n\n\n<ul class=\"wp-block-list\"><li>Loki \u2013 wizja d\u017awi\u0119ku (2011);<\/li><li>95-2003 (2012);<\/li><li>J.P. \u015aliwa (2015);<\/li><li>Ostatni bastion romantyzmu (2020).<\/li><\/ul>\n\n\n\n<p>Chcesz dowiedzie\u0107 si\u0119 wi\u0119cej o znanych polskich autorach tekst\u00f3w i piosenek? \u015aled\u017a naszego bloga i b\u0105d\u017a na bie\u017c\u0105co z ciekawostkami o legendarnych postaciach ze \u015bwiata rocka!<\/p>\n\n\n\n<div style=\"height:50px\" aria-hidden=\"true\" class=\"wp-block-spacer\"><\/div>\n\n\n\n<p class=\"has-text-align-center\"><strong>Ogarnij nasz <\/strong><a href=\"https:\/\/www.carton.pl\/zespol\/coma\"><strong>sklep<\/strong> <strong>COMY<\/strong><\/a><\/p>\n\n\n\n<figure class=\"wp-block-gallery has-nested-images columns-5 is-cropped wp-block-gallery-1 is-layout-flex wp-block-gallery-is-layout-flex\">\n<figure class=\"wp-block-image size-full\"><img loading=\"lazy\" decoding=\"async\" width=\"360\" height=\"539\" data-id=\"448\" src=\"https:\/\/www.carton.pl\/blog\/wp-content\/uploads\/2022\/03\/mm_1_1_K_137-01.jpg\" alt=\"\" class=\"wp-image-448\" srcset=\"https:\/\/www.carton.pl\/blog\/wp-content\/uploads\/2022\/03\/mm_1_1_K_137-01.jpg 360w, https:\/\/www.carton.pl\/blog\/wp-content\/uploads\/2022\/03\/mm_1_1_K_137-01-200x300.jpg 200w\" sizes=\"auto, (max-width: 360px) 100vw, 360px\" \/><\/figure>\n\n\n\n<figure class=\"wp-block-image size-full\"><img loading=\"lazy\" decoding=\"async\" width=\"360\" height=\"539\" data-id=\"449\" src=\"https:\/\/www.carton.pl\/blog\/wp-content\/uploads\/2022\/03\/mm_1_1_K_761-01.jpg\" alt=\"\" class=\"wp-image-449\" srcset=\"https:\/\/www.carton.pl\/blog\/wp-content\/uploads\/2022\/03\/mm_1_1_K_761-01.jpg 360w, https:\/\/www.carton.pl\/blog\/wp-content\/uploads\/2022\/03\/mm_1_1_K_761-01-200x300.jpg 200w\" sizes=\"auto, (max-width: 360px) 100vw, 360px\" \/><\/figure>\n\n\n\n<figure class=\"wp-block-image size-full\"><img loading=\"lazy\" decoding=\"async\" width=\"360\" height=\"539\" data-id=\"450\" src=\"https:\/\/www.carton.pl\/blog\/wp-content\/uploads\/2022\/03\/mm_1_1_K_897-01.jpg\" alt=\"\" class=\"wp-image-450\" srcset=\"https:\/\/www.carton.pl\/blog\/wp-content\/uploads\/2022\/03\/mm_1_1_K_897-01.jpg 360w, https:\/\/www.carton.pl\/blog\/wp-content\/uploads\/2022\/03\/mm_1_1_K_897-01-200x300.jpg 200w\" sizes=\"auto, (max-width: 360px) 100vw, 360px\" \/><\/figure>\n\n\n\n<figure class=\"wp-block-image size-full\"><img loading=\"lazy\" decoding=\"async\" width=\"360\" height=\"539\" data-id=\"451\" src=\"https:\/\/www.carton.pl\/blog\/wp-content\/uploads\/2022\/03\/mm_1_1_KD_085-01.jpg\" alt=\"\" class=\"wp-image-451\" srcset=\"https:\/\/www.carton.pl\/blog\/wp-content\/uploads\/2022\/03\/mm_1_1_KD_085-01.jpg 360w, https:\/\/www.carton.pl\/blog\/wp-content\/uploads\/2022\/03\/mm_1_1_KD_085-01-200x300.jpg 200w\" sizes=\"auto, (max-width: 360px) 100vw, 360px\" \/><\/figure>\n\n\n\n<figure class=\"wp-block-image size-full\"><img loading=\"lazy\" decoding=\"async\" width=\"360\" height=\"539\" data-id=\"452\" src=\"https:\/\/www.carton.pl\/blog\/wp-content\/uploads\/2022\/03\/mm_1_1_KD_761-01.jpg\" alt=\"\" class=\"wp-image-452\" srcset=\"https:\/\/www.carton.pl\/blog\/wp-content\/uploads\/2022\/03\/mm_1_1_KD_761-01.jpg 360w, https:\/\/www.carton.pl\/blog\/wp-content\/uploads\/2022\/03\/mm_1_1_KD_761-01-200x300.jpg 200w\" sizes=\"auto, (max-width: 360px) 100vw, 360px\" \/><\/figure>\n<\/figure>\n\n\n\n<div class=\"wp-block-buttons is-horizontal is-content-justification-center is-layout-flex wp-container-core-buttons-is-layout-499968f5 wp-block-buttons-is-layout-flex\">\n<div class=\"wp-block-button has-custom-font-size has-medium-font-size\"><a class=\"wp-block-button__link has-background\" href=\"https:\/\/www.carton.pl\/zespol\/pidzama-porno\" style=\"background-color:#c20e0e\">Zobacz wszystko<\/a><\/div>\n<\/div>\n","protected":false},"excerpt":{"rendered":"<p>Frontman \u0142\u00f3dzkiego zespo\u0142u rockowego Coma, aktor z wyr\u00f3\u017cnieniami\u2026 Piotr Rogucki to ten typ cz\u0142owieka, kt\u00f3ry robi wiele rzeczy naraz \u2013 i wszystko wychodzi mu \u015bwietnie. Zdecydowanie warto przedstawi\u0107 jego sylwetk\u0119 bli\u017cej i zapozna\u0107 si\u0119 z bogatym dorobkiem artystycznym tego nietuzinkowego faceta. Dowiedz si\u0119 wi\u0119cej o Piotrze Roguckim! Kim jest Piotr Rogucki? Piotr Rogucki urodzi\u0142 si\u0119 5 maja 1978 roku w \u0141odzi. To w\u0142a\u015bnie tam artysta ucz\u0119szcza\u0142 do szko\u0142y i sp\u0119dzi\u0142 ca\u0142\u0105 swoj\u0105 m\u0142odo\u015b\u0107. Swoje pierwsze lata prze\u017cy\u0142 w blokowej klitce \u2013 9 os\u00f3b na dwa pokoje. Gdy jednak sko\u0144czy\u0142 sze\u015b\u0107 lat i poszed\u0142 do zer\u00f3wki, jego rodzice zmienili mieszkanie na wi\u0119ksze. Rogucki wspomina pewn\u0105 \u201estraszn\u0105\u201d histori\u0119 ze swojego dzieci\u0144stwa. Gdy wraz z siostr\u0105 zostali sami w domu, z sufitu zacz\u0119\u0142a kapa\u0107 woda. Przera\u017cone dzieciaki by\u0142y w\u00f3wczas przekonane, \u017ce uton\u0105 i zacz\u0119li wo\u0142a\u0107 o pomoc. Jak mo\u017cna si\u0119 by\u0142o spodziewa\u0107, okaza\u0142o si\u0119, \u017ce strach ma wielkie oczy \u2013 wody nie uzbiera\u0142a si\u0119 nawet solidna ka\u0142u\u017ca. W tym wieku lubi\u0142 te\u017c biega\u0107 po nieodkrytych terenach. Jak to zwykle bywa w przypadku wybitnych artyst\u00f3w, pierwsze zajawki Roguckiego pojawi\u0142y si\u0119 w bardzo m\u0142odym w wieku. Swoj\u0105 pierwsz\u0105 gitar\u0119 dosta\u0142 ju\u017c w wieku 10 lat i bardzo pokocha\u0142 ten instrument. Nied\u0142ugo p\u00f3\u017aniej, bo w sz\u00f3stej klasie, zacz\u0105\u0142 ju\u017c pisa\u0107 w\u0142asne teksty muzyczne. Jednak talenty aktorskie Roguckiego nie ko\u0144czy\u0142y si\u0119 na muzyce. Pod koniec podstaw\u00f3wki nauczyciele zach\u0119cali go nie tylko do liceum muzycznego, ale i plastycznego. Ostatecznie spr\u00f3bowa\u0142 z teatrem, a dok\u0142adniej \u0142\u00f3dzkim Teatrem Amatorskim Studia Teatralnego \u201eS\u0142up\u201d, ale szybko si\u0119 zniech\u0119ci\u0142. Wyl\u0105dowa\u0142 w technikum elektrycznym, jednak przez jaki\u015b czas chodzi\u0142 na zaj\u0119cia do szko\u0142y muzycznej, gdzie m.in. gra\u0142 na pianinie. Ostatecznie w 2006 roku Piotr Rogucki zosta\u0142 absolwentem Pa\u0144stwowej Wy\u017cszej Szko\u0142y Teatralnej im. Ludwika Solskiego w Krakowie. To by\u0142 te\u017c czas powstawania jego flagowego projektu \u2013 rockowego zespo\u0142u Coma. Dorobek muzyczny Roguckiego Rogucki karier\u0119 sceniczn\u0105 rozpocz\u0105\u0142 od \u015bpiewania na festiwalach piosenki i przegl\u0105dach takich jak Wrzosowisko, Oran\u017ceria, Piostury i Spotkania Zamkowe w Olsztynie. Jednak najbardziej znan\u0105 inicjatyw\u0105, w jakiej bra\u0142 udzia\u0142, jest niew\u0105tpliwie zesp\u00f3\u0142 Coma. To&nbsp;kapela muzyczna za\u0142o\u017cona w 1998 roku w ramach wsp\u00f3\u0142pracy perkusisty Tomasza Stasiaka i Dominika&nbsp;Witczaka, kt\u00f3ry gra\u0142 na gitarze. Wkr\u00f3tce potem do\u0142\u0105czy\u0142 do nich tak\u017ce Piotr Rogucki. Pierwszym&nbsp;g\u0142o\u015bnym singlem tego zespo\u0142u by\u0142 kawa\u0142ek Skaczemy\/Pasa\u017cer, kt\u00f3ry \u2013 jak na tamte czasy \u2013 zrobi\u0142&nbsp;prawdziw\u0105 furor\u0119. Coma zdoby\u0142a rozg\u0142os tak\u017ce przez to, w jakim towarzystwie si\u0119 obraca\u0142a. Rogucki wraz z zespo\u0142em Coma mia\u0142 okazj\u0119 koncertowa\u0107 m.in. z Kazikiem Staszewskim, T. Love czy Acid Drinkers. I tak a\u017c do 2004 roku, gdy pojawi\u0142a si\u0119 ich pierwsza p\u0142yta studyjna \u2013 Pierwsze wyj\u015bcie z mroku.\u00a0W\u00f3wczas zacz\u0119li \u015bpiewa\u0107 piosenki swojego autorstwa na przegl\u0105dach i festiwalach takich jak Przystanek Woodstock. Lata p\u00f3\u017aniej Piotr Rogucki otrzyma\u0142, wraz ze swoim zespo\u0142em, liczne nagrody i wyr\u00f3\u017cnienia. W 2001 roku zdoby\u0142 II nagrod\u0119 na 37. Festiwalu Piosenki w Krakowie. Trzy lata p\u00f3\u017aniej ch\u0142opaki zapracowa\u0142y sobie na Nagrod\u0119 Grand Prix im. Agnieszki Osieckiej. Zostali te\u017c wyr\u00f3\u017cnieni na Przegl\u0105dzie Piosenki Aktorskiej we Wroc\u0142awiu. Zesp\u00f3\u0142 w 2007 roku mia\u0142 okazj\u0119 zagra\u0107 na Woodstocku, gdzie nagrodzono ich Z\u0142otym B\u0105czkiem. Ich dalsze sukcesy tak\u017ce by\u0142y imponuj\u0105ce \u2013 grali nawet na jednej scenie z Linkin Park i Pearl Jam. Ostatecznie w 2019 roku Piotr zawiesi\u0142 dzia\u0142alno\u015b\u0107 zespo\u0142u Coma i wraz z muzykiem Jakubem Karasiem za\u0142o\u017cy\u0142 jedyny w swoim rodzaju duet Kara\u015b\/Rogucki. Kariera aktorska Roguckiego \u2013 nie tylko Stulecie Winnych Kariera aktorska Roguckiego zacz\u0119\u0142a si\u0119 grubo ponad dwie dekady temu. Ju\u017c podczas studi\u00f3w wyst\u0119powa\u0142 w przedstawieniach, m.in. w Zaryzykuj wszystko Grzegorza Jarzyny. Z czasem jego dorobek aktorski si\u0119 powi\u0119ksza\u0142, a on sam mia\u0142 okazj\u0119 zagra\u0107 tak\u017ce w innych spektaklach. Sprawd\u017a te\u017c: Zesp\u00f3\u0142 COMA. Hipertrofia i inne albumy. Poznaj ich! A co z telewizj\u0105? Tutaj debiut mia\u0142 miejsce jeszcze szybciej, bo w 1998 roku.&nbsp;Rogucki mia\u0142 w\u00f3wczas okazj\u0119 wzi\u0105\u0107 udzia\u0142 w serialu Syzyfowe prace. To nie by\u0142 jego ostatni serial \u2013 z doskoku pojawia\u0142 si\u0119 tak\u017ce w produkcjach takich jak Czas Honoru, Lekarze czy To nie koniec \u015bwiata. W 2010 roku zagra\u0142 w znanej pe\u0142nometra\u017c\u00f3wce Skrzydlate \u015awinie. Dzi\u015b najpopularniejsz\u0105 rol\u0105 Roguckiego jest jednak posta\u0107 Ryszard Borkowski w serialu Stulecie Winnych. Piotr Rogucki \u2013 \u017cona, rodzina Rogucki jest szcz\u0119\u015bliwym m\u0119\u017cem i ojcem dw\u00f3jki dzieci. Jego \u017cona Zofia pracuje jako lekarz-radiolog, a dzieci urodzi\u0142y si\u0119 kolejno w 2013 i 2014 roku. Jak twierdzi sam artysta, ojcostwo przewr\u00f3ci\u0142o jego \u017cycie do g\u00f3ry nogami \u2013 ale tak pozytywnie. Dyskografia Piotra Roguckiego Rogucki by\u0142 nie tylko cz\u0142onkiem zespo\u0142u Coma, ale tak\u017ce solowym artyst\u0105. W jego portfolio pojawi\u0142y si\u0119 cztery w\u0142asne albumy: Loki \u2013 wizja d\u017awi\u0119ku (2011); 95-2003 (2012); J.P. \u015aliwa (2015); Ostatni bastion romantyzmu (2020). Chcesz dowiedzie\u0107 si\u0119 wi\u0119cej o znanych polskich autorach tekst\u00f3w i piosenek? \u015aled\u017a naszego bloga i b\u0105d\u017a na bie\u017c\u0105co z ciekawostkami o legendarnych postaciach ze \u015bwiata rocka! Ogarnij nasz sklep COMY<\/p>\n","protected":false},"author":2,"featured_media":626,"comment_status":"closed","ping_status":"open","sticky":false,"template":"","format":"standard","meta":{"footnotes":""},"categories":[2],"tags":[],"class_list":["post-625","post","type-post","status-publish","format-standard","has-post-thumbnail","hentry","category-zespoly"],"yoast_head":"<!-- This site is optimized with the Yoast SEO plugin v26.9 - https:\/\/yoast.com\/product\/yoast-seo-wordpress\/ -->\n<title>Piotr Rogucki i jego kariera. Jak to si\u0119 rozwija? - blog carton.pl<\/title>\n<meta name=\"description\" content=\"Piotr Rogucki. Wokalista zespo\u0142u COMA i... wielu solowych projekt\u00f3w. Kim jest? Co musisz o nim wiedzie\u0107? Gdzie kupisz koszulki COMA?\" \/>\n<meta name=\"robots\" content=\"index, follow, max-snippet:-1, max-image-preview:large, max-video-preview:-1\" \/>\n<link rel=\"canonical\" href=\"https:\/\/www.carton.pl\/blog\/piotr-rogucki-i-jego-kariera-jak-to-sie-rozwija\/\" \/>\n<meta property=\"og:locale\" content=\"pl_PL\" \/>\n<meta property=\"og:type\" content=\"article\" \/>\n<meta property=\"og:title\" content=\"Piotr Rogucki i jego kariera. Jak to si\u0119 rozwija? - blog carton.pl\" \/>\n<meta property=\"og:description\" content=\"Piotr Rogucki. Wokalista zespo\u0142u COMA i... wielu solowych projekt\u00f3w. Kim jest? Co musisz o nim wiedzie\u0107? Gdzie kupisz koszulki COMA?\" \/>\n<meta property=\"og:url\" content=\"https:\/\/www.carton.pl\/blog\/piotr-rogucki-i-jego-kariera-jak-to-sie-rozwija\/\" \/>\n<meta property=\"og:site_name\" content=\"BLOG carton.pl\" \/>\n<meta property=\"article:published_time\" content=\"2022-08-02T13:04:56+00:00\" \/>\n<meta property=\"article:modified_time\" content=\"2022-08-02T13:14:14+00:00\" \/>\n<meta property=\"og:image\" content=\"https:\/\/www.carton.pl\/blog\/wp-content\/uploads\/2022\/08\/ROGUCKI-BLOG.jpg\" \/>\n\t<meta property=\"og:image:width\" content=\"900\" \/>\n\t<meta property=\"og:image:height\" content=\"600\" \/>\n\t<meta property=\"og:image:type\" content=\"image\/jpeg\" \/>\n<meta name=\"author\" content=\"Tomek\" \/>\n<meta name=\"twitter:card\" content=\"summary_large_image\" \/>\n<meta name=\"twitter:label1\" content=\"Napisane przez\" \/>\n\t<meta name=\"twitter:data1\" content=\"Tomek\" \/>\n\t<meta name=\"twitter:label2\" content=\"Szacowany czas czytania\" \/>\n\t<meta name=\"twitter:data2\" content=\"5 minut\" \/>\n<script type=\"application\/ld+json\" class=\"yoast-schema-graph\">{\"@context\":\"https:\/\/schema.org\",\"@graph\":[{\"@type\":\"Article\",\"@id\":\"https:\/\/www.carton.pl\/blog\/piotr-rogucki-i-jego-kariera-jak-to-sie-rozwija\/#article\",\"isPartOf\":{\"@id\":\"https:\/\/www.carton.pl\/blog\/piotr-rogucki-i-jego-kariera-jak-to-sie-rozwija\/\"},\"author\":{\"name\":\"Tomek\",\"@id\":\"https:\/\/www.carton.pl\/blog\/#\/schema\/person\/de344cca6ded145c31c54b7017bb2d1d\"},\"headline\":\"Piotr Rogucki i jego kariera. Jak to si\u0119 rozwija?\",\"datePublished\":\"2022-08-02T13:04:56+00:00\",\"dateModified\":\"2022-08-02T13:14:14+00:00\",\"mainEntityOfPage\":{\"@id\":\"https:\/\/www.carton.pl\/blog\/piotr-rogucki-i-jego-kariera-jak-to-sie-rozwija\/\"},\"wordCount\":888,\"publisher\":{\"@id\":\"https:\/\/www.carton.pl\/blog\/#organization\"},\"image\":{\"@id\":\"https:\/\/www.carton.pl\/blog\/piotr-rogucki-i-jego-kariera-jak-to-sie-rozwija\/#primaryimage\"},\"thumbnailUrl\":\"https:\/\/www.carton.pl\/blog\/wp-content\/uploads\/2022\/08\/ROGUCKI-BLOG.jpg\",\"articleSection\":[\"Zespo\u0142y\"],\"inLanguage\":\"pl-PL\"},{\"@type\":\"WebPage\",\"@id\":\"https:\/\/www.carton.pl\/blog\/piotr-rogucki-i-jego-kariera-jak-to-sie-rozwija\/\",\"url\":\"https:\/\/www.carton.pl\/blog\/piotr-rogucki-i-jego-kariera-jak-to-sie-rozwija\/\",\"name\":\"Piotr Rogucki i jego kariera. Jak to si\u0119 rozwija? - blog carton.pl\",\"isPartOf\":{\"@id\":\"https:\/\/www.carton.pl\/blog\/#website\"},\"primaryImageOfPage\":{\"@id\":\"https:\/\/www.carton.pl\/blog\/piotr-rogucki-i-jego-kariera-jak-to-sie-rozwija\/#primaryimage\"},\"image\":{\"@id\":\"https:\/\/www.carton.pl\/blog\/piotr-rogucki-i-jego-kariera-jak-to-sie-rozwija\/#primaryimage\"},\"thumbnailUrl\":\"https:\/\/www.carton.pl\/blog\/wp-content\/uploads\/2022\/08\/ROGUCKI-BLOG.jpg\",\"datePublished\":\"2022-08-02T13:04:56+00:00\",\"dateModified\":\"2022-08-02T13:14:14+00:00\",\"description\":\"Piotr Rogucki. Wokalista zespo\u0142u COMA i... wielu solowych projekt\u00f3w. Kim jest? Co musisz o nim wiedzie\u0107? Gdzie kupisz koszulki COMA?\",\"breadcrumb\":{\"@id\":\"https:\/\/www.carton.pl\/blog\/piotr-rogucki-i-jego-kariera-jak-to-sie-rozwija\/#breadcrumb\"},\"inLanguage\":\"pl-PL\",\"potentialAction\":[{\"@type\":\"ReadAction\",\"target\":[\"https:\/\/www.carton.pl\/blog\/piotr-rogucki-i-jego-kariera-jak-to-sie-rozwija\/\"]}]},{\"@type\":\"ImageObject\",\"inLanguage\":\"pl-PL\",\"@id\":\"https:\/\/www.carton.pl\/blog\/piotr-rogucki-i-jego-kariera-jak-to-sie-rozwija\/#primaryimage\",\"url\":\"https:\/\/www.carton.pl\/blog\/wp-content\/uploads\/2022\/08\/ROGUCKI-BLOG.jpg\",\"contentUrl\":\"https:\/\/www.carton.pl\/blog\/wp-content\/uploads\/2022\/08\/ROGUCKI-BLOG.jpg\",\"width\":900,\"height\":600,\"caption\":\"Piotr Rogucki i jego kariera. Jak to si\u0119 rozwija?\"},{\"@type\":\"BreadcrumbList\",\"@id\":\"https:\/\/www.carton.pl\/blog\/piotr-rogucki-i-jego-kariera-jak-to-sie-rozwija\/#breadcrumb\",\"itemListElement\":[{\"@type\":\"ListItem\",\"position\":1,\"name\":\"Strona g\u0142\u00f3wna\",\"item\":\"https:\/\/www.carton.pl\/blog\/\"},{\"@type\":\"ListItem\",\"position\":2,\"name\":\"Piotr Rogucki i jego kariera. Jak to si\u0119 rozwija?\"}]},{\"@type\":\"WebSite\",\"@id\":\"https:\/\/www.carton.pl\/blog\/#website\",\"url\":\"https:\/\/www.carton.pl\/blog\/\",\"name\":\"BLOG carton.pl\",\"description\":\"Zespo\u0142y, ciuchy, muzyka - o tym piszemy\",\"publisher\":{\"@id\":\"https:\/\/www.carton.pl\/blog\/#organization\"},\"potentialAction\":[{\"@type\":\"SearchAction\",\"target\":{\"@type\":\"EntryPoint\",\"urlTemplate\":\"https:\/\/www.carton.pl\/blog\/?s={search_term_string}\"},\"query-input\":{\"@type\":\"PropertyValueSpecification\",\"valueRequired\":true,\"valueName\":\"search_term_string\"}}],\"inLanguage\":\"pl-PL\"},{\"@type\":\"Organization\",\"@id\":\"https:\/\/www.carton.pl\/blog\/#organization\",\"name\":\"CARTON Tomasz Kowalski\",\"url\":\"https:\/\/www.carton.pl\/blog\/\",\"logo\":{\"@type\":\"ImageObject\",\"inLanguage\":\"pl-PL\",\"@id\":\"https:\/\/www.carton.pl\/blog\/#\/schema\/logo\/image\/\",\"url\":\"https:\/\/carton.pl\/blog\/wp-content\/uploads\/2021\/12\/carton_merch_logo.png\",\"contentUrl\":\"https:\/\/carton.pl\/blog\/wp-content\/uploads\/2021\/12\/carton_merch_logo.png\",\"width\":205,\"height\":56,\"caption\":\"CARTON Tomasz Kowalski\"},\"image\":{\"@id\":\"https:\/\/www.carton.pl\/blog\/#\/schema\/logo\/image\/\"}},{\"@type\":\"Person\",\"@id\":\"https:\/\/www.carton.pl\/blog\/#\/schema\/person\/de344cca6ded145c31c54b7017bb2d1d\",\"name\":\"Tomek\",\"image\":{\"@type\":\"ImageObject\",\"inLanguage\":\"pl-PL\",\"@id\":\"https:\/\/www.carton.pl\/blog\/#\/schema\/person\/image\/\",\"url\":\"https:\/\/secure.gravatar.com\/avatar\/c2a11a2e6f85d610387f5fc3605cf6b2b1af61f0ffb9fa4669a13a3e4c0e1281?s=96&d=mm&r=g\",\"contentUrl\":\"https:\/\/secure.gravatar.com\/avatar\/c2a11a2e6f85d610387f5fc3605cf6b2b1af61f0ffb9fa4669a13a3e4c0e1281?s=96&d=mm&r=g\",\"caption\":\"Tomek\"},\"url\":\"https:\/\/www.carton.pl\/blog\/author\/carton\/\"}]}<\/script>\n<!-- \/ Yoast SEO plugin. -->","yoast_head_json":{"title":"Piotr Rogucki i jego kariera. Jak to si\u0119 rozwija? - blog carton.pl","description":"Piotr Rogucki. Wokalista zespo\u0142u COMA i... wielu solowych projekt\u00f3w. Kim jest? Co musisz o nim wiedzie\u0107? Gdzie kupisz koszulki COMA?","robots":{"index":"index","follow":"follow","max-snippet":"max-snippet:-1","max-image-preview":"max-image-preview:large","max-video-preview":"max-video-preview:-1"},"canonical":"https:\/\/www.carton.pl\/blog\/piotr-rogucki-i-jego-kariera-jak-to-sie-rozwija\/","og_locale":"pl_PL","og_type":"article","og_title":"Piotr Rogucki i jego kariera. Jak to si\u0119 rozwija? - blog carton.pl","og_description":"Piotr Rogucki. Wokalista zespo\u0142u COMA i... wielu solowych projekt\u00f3w. Kim jest? Co musisz o nim wiedzie\u0107? Gdzie kupisz koszulki COMA?","og_url":"https:\/\/www.carton.pl\/blog\/piotr-rogucki-i-jego-kariera-jak-to-sie-rozwija\/","og_site_name":"BLOG carton.pl","article_published_time":"2022-08-02T13:04:56+00:00","article_modified_time":"2022-08-02T13:14:14+00:00","og_image":[{"width":900,"height":600,"url":"https:\/\/www.carton.pl\/blog\/wp-content\/uploads\/2022\/08\/ROGUCKI-BLOG.jpg","type":"image\/jpeg"}],"author":"Tomek","twitter_card":"summary_large_image","twitter_misc":{"Napisane przez":"Tomek","Szacowany czas czytania":"5 minut"},"schema":{"@context":"https:\/\/schema.org","@graph":[{"@type":"Article","@id":"https:\/\/www.carton.pl\/blog\/piotr-rogucki-i-jego-kariera-jak-to-sie-rozwija\/#article","isPartOf":{"@id":"https:\/\/www.carton.pl\/blog\/piotr-rogucki-i-jego-kariera-jak-to-sie-rozwija\/"},"author":{"name":"Tomek","@id":"https:\/\/www.carton.pl\/blog\/#\/schema\/person\/de344cca6ded145c31c54b7017bb2d1d"},"headline":"Piotr Rogucki i jego kariera. Jak to si\u0119 rozwija?","datePublished":"2022-08-02T13:04:56+00:00","dateModified":"2022-08-02T13:14:14+00:00","mainEntityOfPage":{"@id":"https:\/\/www.carton.pl\/blog\/piotr-rogucki-i-jego-kariera-jak-to-sie-rozwija\/"},"wordCount":888,"publisher":{"@id":"https:\/\/www.carton.pl\/blog\/#organization"},"image":{"@id":"https:\/\/www.carton.pl\/blog\/piotr-rogucki-i-jego-kariera-jak-to-sie-rozwija\/#primaryimage"},"thumbnailUrl":"https:\/\/www.carton.pl\/blog\/wp-content\/uploads\/2022\/08\/ROGUCKI-BLOG.jpg","articleSection":["Zespo\u0142y"],"inLanguage":"pl-PL"},{"@type":"WebPage","@id":"https:\/\/www.carton.pl\/blog\/piotr-rogucki-i-jego-kariera-jak-to-sie-rozwija\/","url":"https:\/\/www.carton.pl\/blog\/piotr-rogucki-i-jego-kariera-jak-to-sie-rozwija\/","name":"Piotr Rogucki i jego kariera. Jak to si\u0119 rozwija? - blog carton.pl","isPartOf":{"@id":"https:\/\/www.carton.pl\/blog\/#website"},"primaryImageOfPage":{"@id":"https:\/\/www.carton.pl\/blog\/piotr-rogucki-i-jego-kariera-jak-to-sie-rozwija\/#primaryimage"},"image":{"@id":"https:\/\/www.carton.pl\/blog\/piotr-rogucki-i-jego-kariera-jak-to-sie-rozwija\/#primaryimage"},"thumbnailUrl":"https:\/\/www.carton.pl\/blog\/wp-content\/uploads\/2022\/08\/ROGUCKI-BLOG.jpg","datePublished":"2022-08-02T13:04:56+00:00","dateModified":"2022-08-02T13:14:14+00:00","description":"Piotr Rogucki. Wokalista zespo\u0142u COMA i... wielu solowych projekt\u00f3w. Kim jest? Co musisz o nim wiedzie\u0107? Gdzie kupisz koszulki COMA?","breadcrumb":{"@id":"https:\/\/www.carton.pl\/blog\/piotr-rogucki-i-jego-kariera-jak-to-sie-rozwija\/#breadcrumb"},"inLanguage":"pl-PL","potentialAction":[{"@type":"ReadAction","target":["https:\/\/www.carton.pl\/blog\/piotr-rogucki-i-jego-kariera-jak-to-sie-rozwija\/"]}]},{"@type":"ImageObject","inLanguage":"pl-PL","@id":"https:\/\/www.carton.pl\/blog\/piotr-rogucki-i-jego-kariera-jak-to-sie-rozwija\/#primaryimage","url":"https:\/\/www.carton.pl\/blog\/wp-content\/uploads\/2022\/08\/ROGUCKI-BLOG.jpg","contentUrl":"https:\/\/www.carton.pl\/blog\/wp-content\/uploads\/2022\/08\/ROGUCKI-BLOG.jpg","width":900,"height":600,"caption":"Piotr Rogucki i jego kariera. Jak to si\u0119 rozwija?"},{"@type":"BreadcrumbList","@id":"https:\/\/www.carton.pl\/blog\/piotr-rogucki-i-jego-kariera-jak-to-sie-rozwija\/#breadcrumb","itemListElement":[{"@type":"ListItem","position":1,"name":"Strona g\u0142\u00f3wna","item":"https:\/\/www.carton.pl\/blog\/"},{"@type":"ListItem","position":2,"name":"Piotr Rogucki i jego kariera. Jak to si\u0119 rozwija?"}]},{"@type":"WebSite","@id":"https:\/\/www.carton.pl\/blog\/#website","url":"https:\/\/www.carton.pl\/blog\/","name":"BLOG carton.pl","description":"Zespo\u0142y, ciuchy, muzyka - o tym piszemy","publisher":{"@id":"https:\/\/www.carton.pl\/blog\/#organization"},"potentialAction":[{"@type":"SearchAction","target":{"@type":"EntryPoint","urlTemplate":"https:\/\/www.carton.pl\/blog\/?s={search_term_string}"},"query-input":{"@type":"PropertyValueSpecification","valueRequired":true,"valueName":"search_term_string"}}],"inLanguage":"pl-PL"},{"@type":"Organization","@id":"https:\/\/www.carton.pl\/blog\/#organization","name":"CARTON Tomasz Kowalski","url":"https:\/\/www.carton.pl\/blog\/","logo":{"@type":"ImageObject","inLanguage":"pl-PL","@id":"https:\/\/www.carton.pl\/blog\/#\/schema\/logo\/image\/","url":"https:\/\/carton.pl\/blog\/wp-content\/uploads\/2021\/12\/carton_merch_logo.png","contentUrl":"https:\/\/carton.pl\/blog\/wp-content\/uploads\/2021\/12\/carton_merch_logo.png","width":205,"height":56,"caption":"CARTON Tomasz Kowalski"},"image":{"@id":"https:\/\/www.carton.pl\/blog\/#\/schema\/logo\/image\/"}},{"@type":"Person","@id":"https:\/\/www.carton.pl\/blog\/#\/schema\/person\/de344cca6ded145c31c54b7017bb2d1d","name":"Tomek","image":{"@type":"ImageObject","inLanguage":"pl-PL","@id":"https:\/\/www.carton.pl\/blog\/#\/schema\/person\/image\/","url":"https:\/\/secure.gravatar.com\/avatar\/c2a11a2e6f85d610387f5fc3605cf6b2b1af61f0ffb9fa4669a13a3e4c0e1281?s=96&d=mm&r=g","contentUrl":"https:\/\/secure.gravatar.com\/avatar\/c2a11a2e6f85d610387f5fc3605cf6b2b1af61f0ffb9fa4669a13a3e4c0e1281?s=96&d=mm&r=g","caption":"Tomek"},"url":"https:\/\/www.carton.pl\/blog\/author\/carton\/"}]}},"_links":{"self":[{"href":"https:\/\/www.carton.pl\/blog\/wp-json\/wp\/v2\/posts\/625","targetHints":{"allow":["GET"]}}],"collection":[{"href":"https:\/\/www.carton.pl\/blog\/wp-json\/wp\/v2\/posts"}],"about":[{"href":"https:\/\/www.carton.pl\/blog\/wp-json\/wp\/v2\/types\/post"}],"author":[{"embeddable":true,"href":"https:\/\/www.carton.pl\/blog\/wp-json\/wp\/v2\/users\/2"}],"replies":[{"embeddable":true,"href":"https:\/\/www.carton.pl\/blog\/wp-json\/wp\/v2\/comments?post=625"}],"version-history":[{"count":3,"href":"https:\/\/www.carton.pl\/blog\/wp-json\/wp\/v2\/posts\/625\/revisions"}],"predecessor-version":[{"id":632,"href":"https:\/\/www.carton.pl\/blog\/wp-json\/wp\/v2\/posts\/625\/revisions\/632"}],"wp:featuredmedia":[{"embeddable":true,"href":"https:\/\/www.carton.pl\/blog\/wp-json\/wp\/v2\/media\/626"}],"wp:attachment":[{"href":"https:\/\/www.carton.pl\/blog\/wp-json\/wp\/v2\/media?parent=625"}],"wp:term":[{"taxonomy":"category","embeddable":true,"href":"https:\/\/www.carton.pl\/blog\/wp-json\/wp\/v2\/categories?post=625"},{"taxonomy":"post_tag","embeddable":true,"href":"https:\/\/www.carton.pl\/blog\/wp-json\/wp\/v2\/tags?post=625"}],"curies":[{"name":"wp","href":"https:\/\/api.w.org\/{rel}","templated":true}]}}