{"id":71,"date":"2024-01-31T19:05:00","date_gmt":"2024-01-31T18:05:00","guid":{"rendered":"https:\/\/carton.pl\/blog\/?p=71"},"modified":"2025-05-20T17:25:07","modified_gmt":"2025-05-20T15:25:07","slug":"jarocin-festiwal-lineup-bilety-artysci","status":"publish","type":"post","link":"https:\/\/www.carton.pl\/blog\/jarocin-festiwal-lineup-bilety-artysci\/","title":{"rendered":"Jarocin Festiwal 2025, czyli m.in. Coma i KSU. Gdzie kupi\u0107 bilety?"},"content":{"rendered":"\n<p>Na przestrzeni lat bywa\u0142o r\u00f3\u017cnie, jednak jedno z pewno\u015bci\u0105 si\u0119 nie zmieni\u0142o. Festiwal Jarocin to od wielu lat okazja do wspania\u0142ej zabawy w rytm muzyki znakomitych artyst\u00f3w. Mali i wielcy, legendarni i mniej znani \u2013 na scenach Jarocin Festiwal jest miejsce dla ka\u017cdego. Nie inaczej b\u0119dzie w tym roku: w dniach 17\u201320 lipca 2025 w powietrze w Jarocinie b\u0119dzie dr\u017ce\u0107 nie tylko od ciep\u0142a, ale tak\u017ce od gor\u0105cych d\u017awi\u0119k\u00f3w muzyki na \u017cywo!<\/p>\n\n\n\n<p>Czy Jarocin Festiwal kiedykolwiek zawi\u00f3d\u0142, je\u015bli chodzi o line-up? Co roku zje\u017cd\u017caj\u0105 si\u0119 tam wybitni przedstawiciele r\u00f3\u017cnych gatunk\u00f3w muzycznych. W 2025 roku lista artyst\u00f3w jest naprawd\u0119 imponuj\u0105ca. Kto zawita w Jarocinie? Oto pe\u0142ne zestawienie muzyk\u00f3w i zespo\u0142\u00f3w:<\/p>\n\n\n\n<ul class=\"wp-block-list\">\n<li>KSU,<\/li>\n\n\n\n<li>Myslovitz,<\/li>\n\n\n\n<li>Grzegorz Kupczyk (ex Turbo),<\/li>\n\n\n\n<li>Ho\u0142dys\/Waglewski &#8211; Karimski Orchestra,<\/li>\n\n\n\n<li>Miko\u0142aj Wi\u015bniosz,<\/li>\n\n\n\n<li>COMA,<\/li>\n\n\n\n<li>Bracia Figo Fagot,<\/li>\n\n\n\n<li>The Analogs,<\/li>\n\n\n\n<li>Vari\u00e9t\u00e9,<\/li>\n\n\n\n<li>MASTURBATOR,<\/li>\n\n\n\n<li>Lock Down,<\/li>\n\n\n\n<li>Kult,<\/li>\n\n\n\n<li>Kobranocka 40-lecie,<\/li>\n\n\n\n<li>Hunter 40-lecie,<\/li>\n\n\n\n<li>Maleo 40-lecie,<\/li>\n\n\n\n<li>Atmosphere\/Marcin Rozynek,<\/li>\n\n\n\n<li>Senders,<\/li>\n\n\n\n<li>Edyta Bartosiewicz SoloAct,<\/li>\n\n\n\n<li>Kasia Kowalska,<\/li>\n\n\n\n<li>Booze &amp; Glory,<\/li>\n\n\n\n<li>Dziady Kapitana Klossa,<\/li>\n\n\n\n<li>Opozycja,<\/li>\n\n\n\n<li>Willa Kosmos,<\/li>\n\n\n\n<li>Bongostan,<\/li>\n\n\n\n<li>Pogo-dni,<\/li>\n\n\n\n<li>New Model Army,<\/li>\n\n\n\n<li>Metro,<\/li>\n\n\n\n<li>Mrozu,<\/li>\n\n\n\n<li>Wirefall,<\/li>\n\n\n\n<li>W\u0119\u017ce.<\/li>\n<\/ul>\n\n\n\n<h2 class=\"wp-block-heading\">Gdzie kupi\u0107 bilety?<\/h2>\n\n\n\n<p>Je\u015bli wybierasz si\u0119 w tym roku na Jarocin Festiwal, bilety kupisz <a href=\"https:\/\/www.eventim.pl\/artist\/jarocin-festiwal\/\">tutaj<\/a>. Ceny s\u0105 nieco wy\u017csze ni\u017c rok temu: trzydniowy karnet dla jednej osoby kosztuje 316 z\u0142otyh. Jednak oferta nadal jest niezwykle korzystna \u2013 szczeg\u00f3lnie w por\u00f3wnaniu z cenami wej\u015bci\u00f3wek na inne polskie festiwale. Je\u017celi jedziesz kamperem lub szykujesz namiot na Jarocin Festiwal, pole namiotowe kosztuje w tym roku od 129 do 600 z\u0142otych. Dro\u017cej, rzecz jasna, wychodzi za kampera, a jeszcze wi\u0119cej za glamping.<\/p>\n\n\n\n<p><strong>Sprawd\u017a te\u017c:<\/strong> <a href=\"https:\/\/www.carton.pl\/blog\/pierwszy-festiwal-muzyczny-sprawdz-jak-sie-przygotowac\/\"><em>Pierwszy festiwal muzyczny? Sprawd\u017a, jak si\u0119 przygotowa\u0107!<\/em><\/a><\/p>\n\n\n\n<p>Gdyby\u015b zastanawia\u0142 si\u0119, gdzie w tym roku odb\u0119dzie si\u0119 Jarocin Festiwal, adres pozostaje taki sam, jak co roku. Zespo\u0142y jak zwykle zagraj\u0105 koncerty przy ulicy Marato\u0144skiej.<\/p>\n\n\n\n<h2 class=\"wp-block-heading\">Jarocin, czyli Festiwal rockowy w Wielkopolsce, gdzie narodzi\u0142y si\u0119 legendy<\/h2>\n\n\n\n<p>Kultowy i z legendami. Taki jest Jarocin Festiwal, kt\u00f3rego historia si\u0119ga ju\u017c lat \u201980. Przynajmniej we wsp\u00f3\u0142czesnym i uwielbianym przez wszystkich kszta\u0142cie. Tak naprawd\u0119 to pierwsza impreza w Jarocinie zosta\u0142a zorganizowana ju\u017c w 1970 roku. Od samego pocz\u0105tku ze sceny wybrzmiewa\u0142y rockowe i heavy metalowe d\u017awi\u0119ki, grano tak\u017ce bluesa, punk rocka i reggae. Festiwal w Jarocinie to co\u015b wi\u0119cej ni\u017c impreza muzyczna dla mi\u0142o\u015bnik\u00f3w ci\u0119\u017ckich brzmie\u0144. To miejsce i wydarzenie, dzi\u0119ki kt\u00f3remu debiutowa\u0142o wiele dzisiejszych gwiazd, mi\u0119dzy innymi:&nbsp;<\/p>\n\n\n\n<ul class=\"wp-block-list\">\n<li>T. Love<\/li>\n\n\n\n<li>Oddzia\u0142 Zamkni\u0119ty;<\/li>\n\n\n\n<li>D\u017cem;<\/li>\n\n\n\n<li>Dezerter;<\/li>\n\n\n\n<li>Sztywny Pal Azji,&nbsp;<\/li>\n\n\n\n<li>Hey;<\/li>\n\n\n\n<li>Closterkeller;<\/li>\n\n\n\n<li>Kat;<\/li>\n\n\n\n<li>TSA.<\/li>\n<\/ul>\n\n\n\n<p>Z ka\u017cd\u0105 edycj\u0105 szans\u0119 na debiut maj\u0105 kolejne zespo\u0142y, dzi\u0119ki Jaroci\u0144skim Rytmom M\u0142odych. Zwyci\u0119zca przegl\u0105du zagra na du\u017cej scenie, zyskuj\u0105c w ten spos\u00f3b nie tylko wybitne wyr\u00f3\u017cnienie (w ko\u0144cu staje na tych samych deskach, co legendarne zespo\u0142y), ale tak\u017ce niepowtarzaln\u0105 szans\u0119 na to, by zosta\u0107 dostrze\u017conym przez szerok\u0105 publiczno\u015b\u0107.<\/p>\n\n\n\n<h2 class=\"wp-block-heading\">Carton na Jarocin Festiwal 2025<\/h2>\n\n\n\n<p>Jak przy ka\u017cdej edycji festiwalu, tak\u017ce tym razem bez w\u0105tpienia nie zabraknie pozytywnej energii p\u0142yn\u0105cej zar\u00f3wno ze sceny, jak i ze strony wspania\u0142ej publiczno\u015bci. Nie zabraknie r\u00f3wnie\u017c nas \u2013 w podw\u00f3jnej roli: uczestnik\u00f3w wydarzenia oraz dostawc\u00f3w merchu Waszych ulubionych zespo\u0142\u00f3w.<\/p>\n\n\n\n<p>Szukajcie stoiska z <a href=\"https:\/\/www.carton.pl\/produkty\/koszulki\">koszulkami rockowymi<\/a>, bluzami i akcesoriami Carton, by bardziej poczu\u0107 klimat tej wyj\u0105tkowej imprezy i wesprze\u0107 ulubione zespo\u0142y.<\/p>\n\n\n\n<h2 class=\"wp-block-heading\">Jarocin Festiwal, historia legendarnej imprezy rockowej<\/h2>\n\n\n\n<p>W niewielkiej wielkopolskiej miejscowo\u015bci narodzi\u0142a si\u0119 jedna z najbardziej znanych i najd\u0142u\u017cej odbywaj\u0105cych si\u0119 imprez muzycznych w Polsce. Pierwszy festiwal w Jarocinie zorganizowano ju\u017c w 1970 roku, cho\u0107 wtedy nosi\u0142 on jeszcze ca\u0142kiem inn\u0105 nazw\u0119. To by\u0142 stan wojenny \u2013 czas niepokoj\u00f3w politycznych i wszechobecnej cenzury. Festiwal pocz\u0105tkowo odbywa\u0142 si\u0119 jako impreza undergroundowa, na kt\u00f3rej wyst\u0119powa\u0142y zespo\u0142y rockowe i punkowe z Polski i kraj\u00f3w Europy Wschodniej.<\/p>\n\n\n\n<h2 class=\"wp-block-heading\">Pierwszy festiwal w Jarocinie \u2013 sprawd\u017a, jak do tego dosz\u0142o<\/h2>\n\n\n\n<p>Pierwszy Festiwal w Jarocinie zorganizowa\u0142a grupa m\u0142odych ludzi, kt\u00f3rzy chcieli stworzy\u0107 alternatywn\u0105 przestrze\u0144 kulturaln\u0105 dla polskiej m\u0142odzie\u017cy. Na miejsce festiwalu wybrali po\u0142o\u017cone w zachodniej Polsce miasteczko Jarocin. Pierwsza edycja okaza\u0142a si\u0119 ogromnym sukcesem i przyci\u0105gn\u0119\u0142a tysi\u0105ce os\u00f3b \u2013 mimo, \u017ce nie zosta\u0142a oficjalnie usankcjonowana przez w\u0142adze.<\/p>\n\n\n\n<p>Cho\u0107 ju\u017c na pocz\u0105tku nie da\u0142o si\u0119 ukry\u0107 zainteresowania, jakie przyci\u0105ga\u0142 festiwal w Jarocinie, lata 80 okaza\u0142y si\u0119 z\u0142otymi czasami dla tej imprezy. Mniej wi\u0119cej w po\u0142owie dziesi\u0119ciolecia festiwal sta\u0142 si\u0119 wa\u017cnym wydarzeniem polskiej sceny muzycznej, znanym z prezentowania muzyki punkowej i nowej fali, a tak\u017ce innych gatunk\u00f3w alternatywnych.<\/p>\n\n\n\n<h2 class=\"wp-block-heading\">Publiczno\u015b\u0107 pokocha\u0142a festiwal<\/h2>\n\n\n\n<p>W latach 90., po upadku komunizmu w Polsce, Festiwal Jarocin przeszed\u0142 do mainstreamu i zacz\u0105\u0142 prezentowa\u0107 bardziej r\u00f3\u017cnorodne style muzyczne. Jednak nadal zachowywa\u0142 swojego alternatywnego ducha, a przy tym przyci\u0105ga\u0142 zar\u00f3wno polskie, jak i mi\u0119dzynarodowe zespo\u0142y. W 1995 roku festiwal zosta\u0142 zawieszony z powodu trudno\u015bci finansowych. Kilka razy pr\u00f3bowano go reaktywowa\u0107, ale uda\u0142o si\u0119 to porz\u0105dnie zrobi\u0107 dopiero 9 lat p\u00f3\u017aniej, w 2005 roku.<\/p>\n\n\n\n<p>Jaroci\u0144ski Festiwal do dzi\u015b cieszy si\u0119 nies\u0142abn\u0105c\u0105 popularno\u015bci\u0105 na polskiej scenie muzycznej. Impreza przyci\u0105ga tysi\u0105ce fan\u00f3w z ca\u0142ego kraju i nie tylko. Obecnie znajdziesz tam nie tylko muzyk\u0119, ale te\u017c wystawy sztuki, pokazy filmowe i inne wydarzenia kulturalne. Cho\u0107 festiwal ewoluowa\u0142 przez lata, pozosta\u0142 wierny swoim korzeniom jako przestrze\u0144 alternatywnej, eksperymentalnej muzyki i kultury.<\/p>\n\n\n\n<p><strong>Wybierasz si\u0119 w tym roku na Festiwal w Jarocinie? Do zobaczenia pod scen\u0105 lub przy stoisku!<\/strong><\/p>\n\n\n\n<div style=\"height:50px\" aria-hidden=\"true\" class=\"wp-block-spacer\"><\/div>\n\n\n\n<p class=\"has-text-align-center has-medium-font-size\"><strong><strong>Zobacz nasze <a href=\"https:\/\/www.carton.pl\/produkty\/koszulki\">koszulki rockowe<\/a>. Idealne na Festiwal w Jarocinie!<\/strong><\/strong><\/p>\n\n\n\n<figure class=\"wp-block-gallery has-nested-images columns-5 is-cropped wp-block-gallery-1 is-layout-flex wp-block-gallery-is-layout-flex\">\n<figure class=\"wp-block-image size-full\"><img loading=\"lazy\" decoding=\"async\" width=\"360\" height=\"539\" data-id=\"1491\" src=\"https:\/\/www.carton.pl\/blog\/wp-content\/uploads\/2024\/02\/mm_1_1_K_886-01.jpg\" alt=\"mm 1 1 K 886 01\" class=\"wp-image-1491\" srcset=\"https:\/\/www.carton.pl\/blog\/wp-content\/uploads\/2024\/02\/mm_1_1_K_886-01.jpg 360w, https:\/\/www.carton.pl\/blog\/wp-content\/uploads\/2024\/02\/mm_1_1_K_886-01-200x300.jpg 200w\" sizes=\"auto, (max-width: 360px) 100vw, 360px\" \/><\/figure>\n\n\n\n<figure class=\"wp-block-image size-full\"><img loading=\"lazy\" decoding=\"async\" width=\"360\" height=\"539\" data-id=\"1492\" src=\"https:\/\/www.carton.pl\/blog\/wp-content\/uploads\/2024\/02\/mm_1_1_K_546-01.jpg\" alt=\"mm 1 1 K 546 01\" class=\"wp-image-1492\" srcset=\"https:\/\/www.carton.pl\/blog\/wp-content\/uploads\/2024\/02\/mm_1_1_K_546-01.jpg 360w, https:\/\/www.carton.pl\/blog\/wp-content\/uploads\/2024\/02\/mm_1_1_K_546-01-200x300.jpg 200w\" sizes=\"auto, (max-width: 360px) 100vw, 360px\" \/><\/figure>\n\n\n\n<figure class=\"wp-block-image size-full\"><img loading=\"lazy\" decoding=\"async\" width=\"360\" height=\"539\" data-id=\"1493\" src=\"https:\/\/www.carton.pl\/blog\/wp-content\/uploads\/2024\/02\/mm_1_1_K_009-01.jpg\" alt=\"mm 1 1 K 009 01\" class=\"wp-image-1493\" srcset=\"https:\/\/www.carton.pl\/blog\/wp-content\/uploads\/2024\/02\/mm_1_1_K_009-01.jpg 360w, https:\/\/www.carton.pl\/blog\/wp-content\/uploads\/2024\/02\/mm_1_1_K_009-01-200x300.jpg 200w\" sizes=\"auto, (max-width: 360px) 100vw, 360px\" \/><\/figure>\n\n\n\n<figure class=\"wp-block-image size-full\"><img loading=\"lazy\" decoding=\"async\" width=\"360\" height=\"539\" data-id=\"1494\" src=\"https:\/\/www.carton.pl\/blog\/wp-content\/uploads\/2024\/02\/mm_1_1_K_575A-01.jpg\" alt=\"mm 1 1 K 575A 01\" class=\"wp-image-1494\" srcset=\"https:\/\/www.carton.pl\/blog\/wp-content\/uploads\/2024\/02\/mm_1_1_K_575A-01.jpg 360w, https:\/\/www.carton.pl\/blog\/wp-content\/uploads\/2024\/02\/mm_1_1_K_575A-01-200x300.jpg 200w\" sizes=\"auto, (max-width: 360px) 100vw, 360px\" \/><\/figure>\n\n\n\n<figure class=\"wp-block-image size-full\"><img loading=\"lazy\" decoding=\"async\" width=\"360\" height=\"539\" data-id=\"1495\" src=\"https:\/\/www.carton.pl\/blog\/wp-content\/uploads\/2024\/02\/mm_1_1_KD_325-01.jpg\" alt=\"mm 1 1 KD 325 01\" class=\"wp-image-1495\" srcset=\"https:\/\/www.carton.pl\/blog\/wp-content\/uploads\/2024\/02\/mm_1_1_KD_325-01.jpg 360w, https:\/\/www.carton.pl\/blog\/wp-content\/uploads\/2024\/02\/mm_1_1_KD_325-01-200x300.jpg 200w\" sizes=\"auto, (max-width: 360px) 100vw, 360px\" \/><\/figure>\n<\/figure>\n\n\n\n<div style=\"height:10px\" aria-hidden=\"true\" class=\"wp-block-spacer\"><\/div>\n\n\n\n<div class=\"wp-block-buttons is-horizontal is-content-justification-center is-layout-flex wp-container-core-buttons-is-layout-499968f5 wp-block-buttons-is-layout-flex\">\n<div class=\"wp-block-button\"><a class=\"wp-block-button__link has-background has-medium-font-size has-custom-font-size wp-element-button\" href=\"https:\/\/www.carton.pl\/produkty\/koszulki\" style=\"background-color:#c20e0e\">Zobacz wszystko<\/a><\/div>\n<\/div>\n","protected":false},"excerpt":{"rendered":"<p>Na przestrzeni lat bywa\u0142o r\u00f3\u017cnie, jednak jedno z pewno\u015bci\u0105 si\u0119 nie zmieni\u0142o. Festiwal Jarocin to od wielu lat okazja do wspania\u0142ej zabawy w rytm muzyki znakomitych artyst\u00f3w. Mali i wielcy, legendarni i mniej znani \u2013 na scenach Jarocin Festiwal jest miejsce dla ka\u017cdego. Nie inaczej b\u0119dzie w tym roku: w dniach 17\u201320 lipca 2025 w powietrze w Jarocinie b\u0119dzie dr\u017ce\u0107 nie tylko od ciep\u0142a, ale tak\u017ce od gor\u0105cych d\u017awi\u0119k\u00f3w muzyki na \u017cywo! Czy Jarocin Festiwal kiedykolwiek zawi\u00f3d\u0142, je\u015bli chodzi o line-up? Co roku zje\u017cd\u017caj\u0105 si\u0119 tam wybitni przedstawiciele r\u00f3\u017cnych gatunk\u00f3w muzycznych. W 2025 roku lista artyst\u00f3w jest naprawd\u0119 imponuj\u0105ca. Kto zawita w Jarocinie? Oto pe\u0142ne zestawienie muzyk\u00f3w i zespo\u0142\u00f3w: Gdzie kupi\u0107 bilety? Je\u015bli wybierasz si\u0119 w tym roku na Jarocin Festiwal, bilety kupisz tutaj. Ceny s\u0105 nieco wy\u017csze ni\u017c rok temu: trzydniowy karnet dla jednej osoby kosztuje 316 z\u0142otyh. Jednak oferta nadal jest niezwykle korzystna \u2013 szczeg\u00f3lnie w por\u00f3wnaniu z cenami wej\u015bci\u00f3wek na inne polskie festiwale. Je\u017celi jedziesz kamperem lub szykujesz namiot na Jarocin Festiwal, pole namiotowe kosztuje w tym roku od 129 do 600 z\u0142otych. Dro\u017cej, rzecz jasna, wychodzi za kampera, a jeszcze wi\u0119cej za glamping. Sprawd\u017a te\u017c: Pierwszy festiwal muzyczny? Sprawd\u017a, jak si\u0119 przygotowa\u0107! Gdyby\u015b zastanawia\u0142 si\u0119, gdzie w tym roku odb\u0119dzie si\u0119 Jarocin Festiwal, adres pozostaje taki sam, jak co roku. Zespo\u0142y jak zwykle zagraj\u0105 koncerty przy ulicy Marato\u0144skiej. Jarocin, czyli Festiwal rockowy w Wielkopolsce, gdzie narodzi\u0142y si\u0119 legendy Kultowy i z legendami. Taki jest Jarocin Festiwal, kt\u00f3rego historia si\u0119ga ju\u017c lat \u201980. Przynajmniej we wsp\u00f3\u0142czesnym i uwielbianym przez wszystkich kszta\u0142cie. Tak naprawd\u0119 to pierwsza impreza w Jarocinie zosta\u0142a zorganizowana ju\u017c w 1970 roku. Od samego pocz\u0105tku ze sceny wybrzmiewa\u0142y rockowe i heavy metalowe d\u017awi\u0119ki, grano tak\u017ce bluesa, punk rocka i reggae. Festiwal w Jarocinie to co\u015b wi\u0119cej ni\u017c impreza muzyczna dla mi\u0142o\u015bnik\u00f3w ci\u0119\u017ckich brzmie\u0144. To miejsce i wydarzenie, dzi\u0119ki kt\u00f3remu debiutowa\u0142o wiele dzisiejszych gwiazd, mi\u0119dzy innymi:&nbsp; Z ka\u017cd\u0105 edycj\u0105 szans\u0119 na debiut maj\u0105 kolejne zespo\u0142y, dzi\u0119ki Jaroci\u0144skim Rytmom M\u0142odych. Zwyci\u0119zca przegl\u0105du zagra na du\u017cej scenie, zyskuj\u0105c w ten spos\u00f3b nie tylko wybitne wyr\u00f3\u017cnienie (w ko\u0144cu staje na tych samych deskach, co legendarne zespo\u0142y), ale tak\u017ce niepowtarzaln\u0105 szans\u0119 na to, by zosta\u0107 dostrze\u017conym przez szerok\u0105 publiczno\u015b\u0107. Carton na Jarocin Festiwal 2025 Jak przy ka\u017cdej edycji festiwalu, tak\u017ce tym razem bez w\u0105tpienia nie zabraknie pozytywnej energii p\u0142yn\u0105cej zar\u00f3wno ze sceny, jak i ze strony wspania\u0142ej publiczno\u015bci. Nie zabraknie r\u00f3wnie\u017c nas \u2013 w podw\u00f3jnej roli: uczestnik\u00f3w wydarzenia oraz dostawc\u00f3w merchu Waszych ulubionych zespo\u0142\u00f3w. Szukajcie stoiska z koszulkami rockowymi, bluzami i akcesoriami Carton, by bardziej poczu\u0107 klimat tej wyj\u0105tkowej imprezy i wesprze\u0107 ulubione zespo\u0142y. Jarocin Festiwal, historia legendarnej imprezy rockowej W niewielkiej wielkopolskiej miejscowo\u015bci narodzi\u0142a si\u0119 jedna z najbardziej znanych i najd\u0142u\u017cej odbywaj\u0105cych si\u0119 imprez muzycznych w Polsce. Pierwszy festiwal w Jarocinie zorganizowano ju\u017c w 1970 roku, cho\u0107 wtedy nosi\u0142 on jeszcze ca\u0142kiem inn\u0105 nazw\u0119. To by\u0142 stan wojenny \u2013 czas niepokoj\u00f3w politycznych i wszechobecnej cenzury. Festiwal pocz\u0105tkowo odbywa\u0142 si\u0119 jako impreza undergroundowa, na kt\u00f3rej wyst\u0119powa\u0142y zespo\u0142y rockowe i punkowe z Polski i kraj\u00f3w Europy Wschodniej. Pierwszy festiwal w Jarocinie \u2013 sprawd\u017a, jak do tego dosz\u0142o Pierwszy Festiwal w Jarocinie zorganizowa\u0142a grupa m\u0142odych ludzi, kt\u00f3rzy chcieli stworzy\u0107 alternatywn\u0105 przestrze\u0144 kulturaln\u0105 dla polskiej m\u0142odzie\u017cy. Na miejsce festiwalu wybrali po\u0142o\u017cone w zachodniej Polsce miasteczko Jarocin. Pierwsza edycja okaza\u0142a si\u0119 ogromnym sukcesem i przyci\u0105gn\u0119\u0142a tysi\u0105ce os\u00f3b \u2013 mimo, \u017ce nie zosta\u0142a oficjalnie usankcjonowana przez w\u0142adze. Cho\u0107 ju\u017c na pocz\u0105tku nie da\u0142o si\u0119 ukry\u0107 zainteresowania, jakie przyci\u0105ga\u0142 festiwal w Jarocinie, lata 80 okaza\u0142y si\u0119 z\u0142otymi czasami dla tej imprezy. Mniej wi\u0119cej w po\u0142owie dziesi\u0119ciolecia festiwal sta\u0142 si\u0119 wa\u017cnym wydarzeniem polskiej sceny muzycznej, znanym z prezentowania muzyki punkowej i nowej fali, a tak\u017ce innych gatunk\u00f3w alternatywnych. Publiczno\u015b\u0107 pokocha\u0142a festiwal W latach 90., po upadku komunizmu w Polsce, Festiwal Jarocin przeszed\u0142 do mainstreamu i zacz\u0105\u0142 prezentowa\u0107 bardziej r\u00f3\u017cnorodne style muzyczne. Jednak nadal zachowywa\u0142 swojego alternatywnego ducha, a przy tym przyci\u0105ga\u0142 zar\u00f3wno polskie, jak i mi\u0119dzynarodowe zespo\u0142y. W 1995 roku festiwal zosta\u0142 zawieszony z powodu trudno\u015bci finansowych. Kilka razy pr\u00f3bowano go reaktywowa\u0107, ale uda\u0142o si\u0119 to porz\u0105dnie zrobi\u0107 dopiero 9 lat p\u00f3\u017aniej, w 2005 roku. Jaroci\u0144ski Festiwal do dzi\u015b cieszy si\u0119 nies\u0142abn\u0105c\u0105 popularno\u015bci\u0105 na polskiej scenie muzycznej. Impreza przyci\u0105ga tysi\u0105ce fan\u00f3w z ca\u0142ego kraju i nie tylko. Obecnie znajdziesz tam nie tylko muzyk\u0119, ale te\u017c wystawy sztuki, pokazy filmowe i inne wydarzenia kulturalne. Cho\u0107 festiwal ewoluowa\u0142 przez lata, pozosta\u0142 wierny swoim korzeniom jako przestrze\u0144 alternatywnej, eksperymentalnej muzyki i kultury. Wybierasz si\u0119 w tym roku na Festiwal w Jarocinie? Do zobaczenia pod scen\u0105 lub przy stoisku! Zobacz nasze koszulki rockowe. Idealne na Festiwal w Jarocinie!<\/p>\n","protected":false},"author":2,"featured_media":1818,"comment_status":"closed","ping_status":"open","sticky":false,"template":"","format":"standard","meta":{"footnotes":""},"categories":[7],"tags":[],"class_list":["post-71","post","type-post","status-publish","format-standard","has-post-thumbnail","hentry","category-festiwale"],"yoast_head":"<!-- This site is optimized with the Yoast SEO plugin v26.9 - https:\/\/yoast.com\/product\/yoast-seo-wordpress\/ -->\n<title>Jarocin Festiwal 2025 - kto zagra i gdzie kupi\u0107 bilety?<\/title>\n<meta name=\"description\" content=\"Legendarny Jarocin festiwal 2025. Wyst\u0105pi\u0105 m.in. Coma, Kult, Mrozu, KSU, Myslowitz i Kasia Kowalewska. Bilety i line-up.\" \/>\n<meta name=\"robots\" content=\"index, follow, max-snippet:-1, max-image-preview:large, max-video-preview:-1\" \/>\n<link rel=\"canonical\" href=\"https:\/\/www.carton.pl\/blog\/jarocin-festiwal-lineup-bilety-artysci\/\" \/>\n<meta property=\"og:locale\" content=\"pl_PL\" \/>\n<meta property=\"og:type\" content=\"article\" \/>\n<meta property=\"og:title\" content=\"Jarocin Festiwal 2025 - kto zagra i gdzie kupi\u0107 bilety?\" \/>\n<meta property=\"og:description\" content=\"Legendarny Jarocin festiwal 2025. Wyst\u0105pi\u0105 m.in. Coma, Kult, Mrozu, KSU, Myslowitz i Kasia Kowalewska. Bilety i line-up.\" \/>\n<meta property=\"og:url\" content=\"https:\/\/www.carton.pl\/blog\/jarocin-festiwal-lineup-bilety-artysci\/\" \/>\n<meta property=\"og:site_name\" content=\"BLOG carton.pl\" \/>\n<meta property=\"article:published_time\" content=\"2024-01-31T18:05:00+00:00\" \/>\n<meta property=\"article:modified_time\" content=\"2025-05-20T15:25:07+00:00\" \/>\n<meta property=\"og:image\" content=\"https:\/\/www.carton.pl\/blog\/wp-content\/uploads\/2024\/01\/JAROCIN-FESTIWAL-2025-BLOG-1.jpg\" \/>\n\t<meta property=\"og:image:width\" content=\"900\" \/>\n\t<meta property=\"og:image:height\" content=\"600\" \/>\n\t<meta property=\"og:image:type\" content=\"image\/jpeg\" \/>\n<meta name=\"author\" content=\"Tomek\" \/>\n<meta name=\"twitter:card\" content=\"summary_large_image\" \/>\n<meta name=\"twitter:label1\" content=\"Napisane przez\" \/>\n\t<meta name=\"twitter:data1\" content=\"Tomek\" \/>\n\t<meta name=\"twitter:label2\" content=\"Szacowany czas czytania\" \/>\n\t<meta name=\"twitter:data2\" content=\"7 minut\" \/>\n<script type=\"application\/ld+json\" class=\"yoast-schema-graph\">{\"@context\":\"https:\/\/schema.org\",\"@graph\":[{\"@type\":\"Article\",\"@id\":\"https:\/\/www.carton.pl\/blog\/jarocin-festiwal-lineup-bilety-artysci\/#article\",\"isPartOf\":{\"@id\":\"https:\/\/www.carton.pl\/blog\/jarocin-festiwal-lineup-bilety-artysci\/\"},\"author\":{\"name\":\"Tomek\",\"@id\":\"https:\/\/www.carton.pl\/blog\/#\/schema\/person\/de344cca6ded145c31c54b7017bb2d1d\"},\"headline\":\"Jarocin Festiwal 2025, czyli m.in. Coma i KSU. Gdzie kupi\u0107 bilety?\",\"datePublished\":\"2024-01-31T18:05:00+00:00\",\"dateModified\":\"2025-05-20T15:25:07+00:00\",\"mainEntityOfPage\":{\"@id\":\"https:\/\/www.carton.pl\/blog\/jarocin-festiwal-lineup-bilety-artysci\/\"},\"wordCount\":967,\"publisher\":{\"@id\":\"https:\/\/www.carton.pl\/blog\/#organization\"},\"image\":{\"@id\":\"https:\/\/www.carton.pl\/blog\/jarocin-festiwal-lineup-bilety-artysci\/#primaryimage\"},\"thumbnailUrl\":\"https:\/\/www.carton.pl\/blog\/wp-content\/uploads\/2024\/01\/JAROCIN-FESTIWAL-2025-BLOG-1.jpg\",\"articleSection\":[\"Festiwale\"],\"inLanguage\":\"pl-PL\"},{\"@type\":\"WebPage\",\"@id\":\"https:\/\/www.carton.pl\/blog\/jarocin-festiwal-lineup-bilety-artysci\/\",\"url\":\"https:\/\/www.carton.pl\/blog\/jarocin-festiwal-lineup-bilety-artysci\/\",\"name\":\"Jarocin Festiwal 2025 - kto zagra i gdzie kupi\u0107 bilety?\",\"isPartOf\":{\"@id\":\"https:\/\/www.carton.pl\/blog\/#website\"},\"primaryImageOfPage\":{\"@id\":\"https:\/\/www.carton.pl\/blog\/jarocin-festiwal-lineup-bilety-artysci\/#primaryimage\"},\"image\":{\"@id\":\"https:\/\/www.carton.pl\/blog\/jarocin-festiwal-lineup-bilety-artysci\/#primaryimage\"},\"thumbnailUrl\":\"https:\/\/www.carton.pl\/blog\/wp-content\/uploads\/2024\/01\/JAROCIN-FESTIWAL-2025-BLOG-1.jpg\",\"datePublished\":\"2024-01-31T18:05:00+00:00\",\"dateModified\":\"2025-05-20T15:25:07+00:00\",\"description\":\"Legendarny Jarocin festiwal 2025. Wyst\u0105pi\u0105 m.in. Coma, Kult, Mrozu, KSU, Myslowitz i Kasia Kowalewska. Bilety i line-up.\",\"breadcrumb\":{\"@id\":\"https:\/\/www.carton.pl\/blog\/jarocin-festiwal-lineup-bilety-artysci\/#breadcrumb\"},\"inLanguage\":\"pl-PL\",\"potentialAction\":[{\"@type\":\"ReadAction\",\"target\":[\"https:\/\/www.carton.pl\/blog\/jarocin-festiwal-lineup-bilety-artysci\/\"]}]},{\"@type\":\"ImageObject\",\"inLanguage\":\"pl-PL\",\"@id\":\"https:\/\/www.carton.pl\/blog\/jarocin-festiwal-lineup-bilety-artysci\/#primaryimage\",\"url\":\"https:\/\/www.carton.pl\/blog\/wp-content\/uploads\/2024\/01\/JAROCIN-FESTIWAL-2025-BLOG-1.jpg\",\"contentUrl\":\"https:\/\/www.carton.pl\/blog\/wp-content\/uploads\/2024\/01\/JAROCIN-FESTIWAL-2025-BLOG-1.jpg\",\"width\":900,\"height\":600,\"caption\":\"JAROCIN FESTIWAL 2025 BLOG (1)\"},{\"@type\":\"BreadcrumbList\",\"@id\":\"https:\/\/www.carton.pl\/blog\/jarocin-festiwal-lineup-bilety-artysci\/#breadcrumb\",\"itemListElement\":[{\"@type\":\"ListItem\",\"position\":1,\"name\":\"Strona g\u0142\u00f3wna\",\"item\":\"https:\/\/www.carton.pl\/blog\/\"},{\"@type\":\"ListItem\",\"position\":2,\"name\":\"Jarocin Festiwal 2025, czyli m.in. Coma i KSU. Gdzie kupi\u0107 bilety?\"}]},{\"@type\":\"WebSite\",\"@id\":\"https:\/\/www.carton.pl\/blog\/#website\",\"url\":\"https:\/\/www.carton.pl\/blog\/\",\"name\":\"BLOG carton.pl\",\"description\":\"Zespo\u0142y, ciuchy, muzyka - o tym piszemy\",\"publisher\":{\"@id\":\"https:\/\/www.carton.pl\/blog\/#organization\"},\"potentialAction\":[{\"@type\":\"SearchAction\",\"target\":{\"@type\":\"EntryPoint\",\"urlTemplate\":\"https:\/\/www.carton.pl\/blog\/?s={search_term_string}\"},\"query-input\":{\"@type\":\"PropertyValueSpecification\",\"valueRequired\":true,\"valueName\":\"search_term_string\"}}],\"inLanguage\":\"pl-PL\"},{\"@type\":\"Organization\",\"@id\":\"https:\/\/www.carton.pl\/blog\/#organization\",\"name\":\"CARTON Tomasz Kowalski\",\"url\":\"https:\/\/www.carton.pl\/blog\/\",\"logo\":{\"@type\":\"ImageObject\",\"inLanguage\":\"pl-PL\",\"@id\":\"https:\/\/www.carton.pl\/blog\/#\/schema\/logo\/image\/\",\"url\":\"https:\/\/carton.pl\/blog\/wp-content\/uploads\/2021\/12\/carton_merch_logo.png\",\"contentUrl\":\"https:\/\/carton.pl\/blog\/wp-content\/uploads\/2021\/12\/carton_merch_logo.png\",\"width\":205,\"height\":56,\"caption\":\"CARTON Tomasz Kowalski\"},\"image\":{\"@id\":\"https:\/\/www.carton.pl\/blog\/#\/schema\/logo\/image\/\"}},{\"@type\":\"Person\",\"@id\":\"https:\/\/www.carton.pl\/blog\/#\/schema\/person\/de344cca6ded145c31c54b7017bb2d1d\",\"name\":\"Tomek\",\"image\":{\"@type\":\"ImageObject\",\"inLanguage\":\"pl-PL\",\"@id\":\"https:\/\/www.carton.pl\/blog\/#\/schema\/person\/image\/\",\"url\":\"https:\/\/secure.gravatar.com\/avatar\/c2a11a2e6f85d610387f5fc3605cf6b2b1af61f0ffb9fa4669a13a3e4c0e1281?s=96&d=mm&r=g\",\"contentUrl\":\"https:\/\/secure.gravatar.com\/avatar\/c2a11a2e6f85d610387f5fc3605cf6b2b1af61f0ffb9fa4669a13a3e4c0e1281?s=96&d=mm&r=g\",\"caption\":\"Tomek\"},\"url\":\"https:\/\/www.carton.pl\/blog\/author\/carton\/\"}]}<\/script>\n<!-- \/ Yoast SEO plugin. -->","yoast_head_json":{"title":"Jarocin Festiwal 2025 - kto zagra i gdzie kupi\u0107 bilety?","description":"Legendarny Jarocin festiwal 2025. Wyst\u0105pi\u0105 m.in. Coma, Kult, Mrozu, KSU, Myslowitz i Kasia Kowalewska. Bilety i line-up.","robots":{"index":"index","follow":"follow","max-snippet":"max-snippet:-1","max-image-preview":"max-image-preview:large","max-video-preview":"max-video-preview:-1"},"canonical":"https:\/\/www.carton.pl\/blog\/jarocin-festiwal-lineup-bilety-artysci\/","og_locale":"pl_PL","og_type":"article","og_title":"Jarocin Festiwal 2025 - kto zagra i gdzie kupi\u0107 bilety?","og_description":"Legendarny Jarocin festiwal 2025. Wyst\u0105pi\u0105 m.in. Coma, Kult, Mrozu, KSU, Myslowitz i Kasia Kowalewska. Bilety i line-up.","og_url":"https:\/\/www.carton.pl\/blog\/jarocin-festiwal-lineup-bilety-artysci\/","og_site_name":"BLOG carton.pl","article_published_time":"2024-01-31T18:05:00+00:00","article_modified_time":"2025-05-20T15:25:07+00:00","og_image":[{"width":900,"height":600,"url":"https:\/\/www.carton.pl\/blog\/wp-content\/uploads\/2024\/01\/JAROCIN-FESTIWAL-2025-BLOG-1.jpg","type":"image\/jpeg"}],"author":"Tomek","twitter_card":"summary_large_image","twitter_misc":{"Napisane przez":"Tomek","Szacowany czas czytania":"7 minut"},"schema":{"@context":"https:\/\/schema.org","@graph":[{"@type":"Article","@id":"https:\/\/www.carton.pl\/blog\/jarocin-festiwal-lineup-bilety-artysci\/#article","isPartOf":{"@id":"https:\/\/www.carton.pl\/blog\/jarocin-festiwal-lineup-bilety-artysci\/"},"author":{"name":"Tomek","@id":"https:\/\/www.carton.pl\/blog\/#\/schema\/person\/de344cca6ded145c31c54b7017bb2d1d"},"headline":"Jarocin Festiwal 2025, czyli m.in. Coma i KSU. Gdzie kupi\u0107 bilety?","datePublished":"2024-01-31T18:05:00+00:00","dateModified":"2025-05-20T15:25:07+00:00","mainEntityOfPage":{"@id":"https:\/\/www.carton.pl\/blog\/jarocin-festiwal-lineup-bilety-artysci\/"},"wordCount":967,"publisher":{"@id":"https:\/\/www.carton.pl\/blog\/#organization"},"image":{"@id":"https:\/\/www.carton.pl\/blog\/jarocin-festiwal-lineup-bilety-artysci\/#primaryimage"},"thumbnailUrl":"https:\/\/www.carton.pl\/blog\/wp-content\/uploads\/2024\/01\/JAROCIN-FESTIWAL-2025-BLOG-1.jpg","articleSection":["Festiwale"],"inLanguage":"pl-PL"},{"@type":"WebPage","@id":"https:\/\/www.carton.pl\/blog\/jarocin-festiwal-lineup-bilety-artysci\/","url":"https:\/\/www.carton.pl\/blog\/jarocin-festiwal-lineup-bilety-artysci\/","name":"Jarocin Festiwal 2025 - kto zagra i gdzie kupi\u0107 bilety?","isPartOf":{"@id":"https:\/\/www.carton.pl\/blog\/#website"},"primaryImageOfPage":{"@id":"https:\/\/www.carton.pl\/blog\/jarocin-festiwal-lineup-bilety-artysci\/#primaryimage"},"image":{"@id":"https:\/\/www.carton.pl\/blog\/jarocin-festiwal-lineup-bilety-artysci\/#primaryimage"},"thumbnailUrl":"https:\/\/www.carton.pl\/blog\/wp-content\/uploads\/2024\/01\/JAROCIN-FESTIWAL-2025-BLOG-1.jpg","datePublished":"2024-01-31T18:05:00+00:00","dateModified":"2025-05-20T15:25:07+00:00","description":"Legendarny Jarocin festiwal 2025. Wyst\u0105pi\u0105 m.in. Coma, Kult, Mrozu, KSU, Myslowitz i Kasia Kowalewska. Bilety i line-up.","breadcrumb":{"@id":"https:\/\/www.carton.pl\/blog\/jarocin-festiwal-lineup-bilety-artysci\/#breadcrumb"},"inLanguage":"pl-PL","potentialAction":[{"@type":"ReadAction","target":["https:\/\/www.carton.pl\/blog\/jarocin-festiwal-lineup-bilety-artysci\/"]}]},{"@type":"ImageObject","inLanguage":"pl-PL","@id":"https:\/\/www.carton.pl\/blog\/jarocin-festiwal-lineup-bilety-artysci\/#primaryimage","url":"https:\/\/www.carton.pl\/blog\/wp-content\/uploads\/2024\/01\/JAROCIN-FESTIWAL-2025-BLOG-1.jpg","contentUrl":"https:\/\/www.carton.pl\/blog\/wp-content\/uploads\/2024\/01\/JAROCIN-FESTIWAL-2025-BLOG-1.jpg","width":900,"height":600,"caption":"JAROCIN FESTIWAL 2025 BLOG (1)"},{"@type":"BreadcrumbList","@id":"https:\/\/www.carton.pl\/blog\/jarocin-festiwal-lineup-bilety-artysci\/#breadcrumb","itemListElement":[{"@type":"ListItem","position":1,"name":"Strona g\u0142\u00f3wna","item":"https:\/\/www.carton.pl\/blog\/"},{"@type":"ListItem","position":2,"name":"Jarocin Festiwal 2025, czyli m.in. Coma i KSU. Gdzie kupi\u0107 bilety?"}]},{"@type":"WebSite","@id":"https:\/\/www.carton.pl\/blog\/#website","url":"https:\/\/www.carton.pl\/blog\/","name":"BLOG carton.pl","description":"Zespo\u0142y, ciuchy, muzyka - o tym piszemy","publisher":{"@id":"https:\/\/www.carton.pl\/blog\/#organization"},"potentialAction":[{"@type":"SearchAction","target":{"@type":"EntryPoint","urlTemplate":"https:\/\/www.carton.pl\/blog\/?s={search_term_string}"},"query-input":{"@type":"PropertyValueSpecification","valueRequired":true,"valueName":"search_term_string"}}],"inLanguage":"pl-PL"},{"@type":"Organization","@id":"https:\/\/www.carton.pl\/blog\/#organization","name":"CARTON Tomasz Kowalski","url":"https:\/\/www.carton.pl\/blog\/","logo":{"@type":"ImageObject","inLanguage":"pl-PL","@id":"https:\/\/www.carton.pl\/blog\/#\/schema\/logo\/image\/","url":"https:\/\/carton.pl\/blog\/wp-content\/uploads\/2021\/12\/carton_merch_logo.png","contentUrl":"https:\/\/carton.pl\/blog\/wp-content\/uploads\/2021\/12\/carton_merch_logo.png","width":205,"height":56,"caption":"CARTON Tomasz Kowalski"},"image":{"@id":"https:\/\/www.carton.pl\/blog\/#\/schema\/logo\/image\/"}},{"@type":"Person","@id":"https:\/\/www.carton.pl\/blog\/#\/schema\/person\/de344cca6ded145c31c54b7017bb2d1d","name":"Tomek","image":{"@type":"ImageObject","inLanguage":"pl-PL","@id":"https:\/\/www.carton.pl\/blog\/#\/schema\/person\/image\/","url":"https:\/\/secure.gravatar.com\/avatar\/c2a11a2e6f85d610387f5fc3605cf6b2b1af61f0ffb9fa4669a13a3e4c0e1281?s=96&d=mm&r=g","contentUrl":"https:\/\/secure.gravatar.com\/avatar\/c2a11a2e6f85d610387f5fc3605cf6b2b1af61f0ffb9fa4669a13a3e4c0e1281?s=96&d=mm&r=g","caption":"Tomek"},"url":"https:\/\/www.carton.pl\/blog\/author\/carton\/"}]}},"_links":{"self":[{"href":"https:\/\/www.carton.pl\/blog\/wp-json\/wp\/v2\/posts\/71","targetHints":{"allow":["GET"]}}],"collection":[{"href":"https:\/\/www.carton.pl\/blog\/wp-json\/wp\/v2\/posts"}],"about":[{"href":"https:\/\/www.carton.pl\/blog\/wp-json\/wp\/v2\/types\/post"}],"author":[{"embeddable":true,"href":"https:\/\/www.carton.pl\/blog\/wp-json\/wp\/v2\/users\/2"}],"replies":[{"embeddable":true,"href":"https:\/\/www.carton.pl\/blog\/wp-json\/wp\/v2\/comments?post=71"}],"version-history":[{"count":17,"href":"https:\/\/www.carton.pl\/blog\/wp-json\/wp\/v2\/posts\/71\/revisions"}],"predecessor-version":[{"id":1820,"href":"https:\/\/www.carton.pl\/blog\/wp-json\/wp\/v2\/posts\/71\/revisions\/1820"}],"wp:featuredmedia":[{"embeddable":true,"href":"https:\/\/www.carton.pl\/blog\/wp-json\/wp\/v2\/media\/1818"}],"wp:attachment":[{"href":"https:\/\/www.carton.pl\/blog\/wp-json\/wp\/v2\/media?parent=71"}],"wp:term":[{"taxonomy":"category","embeddable":true,"href":"https:\/\/www.carton.pl\/blog\/wp-json\/wp\/v2\/categories?post=71"},{"taxonomy":"post_tag","embeddable":true,"href":"https:\/\/www.carton.pl\/blog\/wp-json\/wp\/v2\/tags?post=71"}],"curies":[{"name":"wp","href":"https:\/\/api.w.org\/{rel}","templated":true}]}}