{"id":803,"date":"2022-09-16T18:17:04","date_gmt":"2022-09-16T16:17:04","guid":{"rendered":"https:\/\/www.carton.pl\/blog\/?p=803"},"modified":"2022-09-16T18:17:09","modified_gmt":"2022-09-16T16:17:09","slug":"krolowie-sceny-w-jeleniej-gorze-poznaj-zespol-muzyczny-leniwiec","status":"publish","type":"post","link":"https:\/\/www.carton.pl\/blog\/krolowie-sceny-w-jeleniej-gorze-poznaj-zespol-muzyczny-leniwiec\/","title":{"rendered":"Kr\u00f3lowie sceny w Jeleniej G\u00f3rze. Poznaj zesp\u00f3\u0142 muzyczny Leniwiec!"},"content":{"rendered":"\n<p>Leniwiec punk \u2013 to brzmi jak totalna sprzeczno\u015b\u0107. Lenistwo to ostatnie, o co pos\u0105dzi\u0142by\u015b kogo\u015b, kto gra tak energiczn\u0105 muzyk\u0119. Jednak ten jeleniog\u00f3rski <em>\u201e<\/em>leniuch\u201d sprawi, \u017ce nogi same poderw\u0105 Ci si\u0119 do ostrego pogo. Dowiedz si\u0119, jakie by\u0142y pocz\u0105tki formacji Leniwiec i jak prezentuje si\u0119 ich dorobek artystyczny!<\/p>\n\n\n\n<!--more-->\n\n\n\n<h2 class=\"wp-block-heading\">Pocz\u0105tki zespo\u0142u Leniwiec<\/h2>\n\n\n\n<p>Jeleniog\u00f3rski Leniwiec to formacja, kt\u00f3ra w wyj\u0105tkowy spos\u00f3b miesza ze sob\u0105 style muzyczne. Ich kawa\u0142ki to misz-masz punka, reggae i ska z zauwa\u017caln\u0105 domieszk\u0105 instrument\u00f3w takich jak puzon, akordeon czy saksofon. Sam zesp\u00f3\u0142 powsta\u0142 ju\u017c w 1994 roku, ale ich debiutancki album trafi\u0142 do s\u0142uchaczy ponad sze\u015b\u0107 lat p\u00f3\u017aniej, bo dopiero w 2001.<\/p>\n\n\n\n<p>P\u0142yta \u201eZ tarcz\u0105 lub na tarczy\u201d najwyra\u017aniej spodoba\u0142a si\u0119 Owsiakowi, bo od razu zaprosi\u0142 ich na sw\u00f3j legendarny Przystanek Woodstock. Jak mo\u017cna si\u0119 spodziewa\u0107, by\u0142 to wa\u017cny punkt na ich drodze do sukcesu, a kariera Leniwca zacz\u0119\u0142a nabiera\u0107 tempa. Arty\u015bci do\u015b\u0107 szybko dostali szans\u0119 na to, by zagra\u0107 dla wi\u0119kszej publiczno\u015bci \u2013 i nie zmarnowali jej.&nbsp;<\/p>\n\n\n\n<p>Leniwiec zagra\u0142 \u0142\u0105cznie niemal 700 koncert\u00f3w w dziewi\u0119ciu krajach, stoj\u0105c na scenie rami\u0119 w rami\u0119 z najwi\u0119kszymi \u015bwiatowymi gwiazdami punka. Zesp\u00f3\u0142 mia\u0142 okazj\u0119 wyst\u0105pi\u0107 m.in. w towarzystwie takim jak NVU, La Fracion, Oi Polloi czy Shelter.<\/p>\n\n\n\n<p>Kolejne p\u0142yty \u201eUprzedzenia\u201d i \u201eCrazy Bros\u201d pojawi\u0142y si\u0119 kolejno w 2003 i 2004 roku. Po nich przyszed\u0142 czas na koncertowanie i docieranie ze swoj\u0105 tw\u00f3rczo\u015bci\u0105 do kolejnych fan\u00f3w. Przez nast\u0119pne cztery lata kapela nie uczestniczy\u0142a w \u017cadnych g\u0142o\u015bniejszych projektach \u2013 a przynajmniej nie na tyle g\u0142o\u015bnych, by \u015bwiat pad\u0142 im do st\u00f3p.<\/p>\n\n\n\n<p>Zmieni\u0142o si\u0119 to w latach 2008 i 2009, gdy Leniwiec wraz z Farben Lehre, Tabu i Ko\u0144cem \u015awiata ruszy\u0142 w s\u0142ynn\u0105 tras\u0119 Punky Reggae Live. Zaowocowa\u0142o to ponad 50 wsp\u00f3lnymi koncertami na terenie naszego kraju. W 2008 roku ukaza\u0142a si\u0119 te\u017c ich kolejna p\u0142yta: \u201eReklamy na niebie\u201d, kt\u00f3ra sprzeda\u0142a si\u0119 w ca\u0142kiem imponuj\u0105cym nak\u0142adzie.<\/p>\n\n\n\n<h2 class=\"wp-block-heading\">Kolejne koncerty i albumy<\/h2>\n\n\n\n<p>W 2011 formacja wypu\u015bci\u0142a kolejny kr\u0105\u017cek pt. Droga. Leniwiec nie\u017ale zaskoczy\u0142 ni\u0105 swoich fan\u00f3w, wprowadzaj\u0105c do swojej tw\u00f3rczo\u015bci zupe\u0142nie nowe motywy muzyczne. Mieli\u015bmy okazj\u0119 us\u0142ysze\u0107 m.in. kobiecy wokal, co by\u0142o oryginalnym posuni\u0119ciem nie tylko na skal\u0119 jednego zespo\u0142u, ale te\u017c ca\u0142ej polskiej sceny punka. Od teraz w ich kawa\u0142kach zacz\u0119\u0142y si\u0119 pojawia\u0107 te\u017c wstawki folkowe.<\/p>\n\n\n\n<p>Sz\u00f3sta p\u0142yta \u201eRozpaczliwie wolny \u2013 Piosenki Edwarda Stachury\u201d tak\u017ce by\u0142a wyj\u0105tkowa. Arty\u015bci wzi\u0119li tam na warsztat wiersze tytu\u0142owego Edwarda Stachury. Sam pomys\u0142 nie by\u0142 oryginalny, jednak Leniwiec ugryz\u0142 to z zupe\u0142nie innej strony ni\u017c jego poprzednicy.<\/p>\n\n\n\n<p>Kapela jest aktywna przez ca\u0142y czas \u2013 nie tylko muzycznie, ale i spo\u0142ecznie. Jedn\u0105 z ich g\u0142o\u015bniejszych inicjatyw jest poparcie dla akcji \u201eWykop Rasizm Ze Stadion\u00f3w\u201d. Leniwiec ma wielu fan\u00f3w nie tylko w Polsce, ale i poza jej granicami. Cz\u0119sto koncertuje m.in. w Czechach i Niemczech, a nawet maj\u0105 przyjaci\u00f3\u0142 u naszych po\u0142udniowych s\u0105siad\u00f3w.<\/p>\n\n\n\n<h2 class=\"wp-block-heading\">Kto gra w Leniwcu? Dawny i obecny sk\u0142ad formacji<\/h2>\n\n\n\n<p>Leniwiec sk\u0142ada si\u0119 z sze\u015bciorga utalentowanych muzyk\u00f3w:<\/p>\n\n\n\n<ul class=\"wp-block-list\"><li>wokalistka Karolina Mielniczyn;<\/li><li>wokalista i gitarzysta elektryczny Zbigniew \u201eMucha\u201d Muczy\u0144ski;<\/li><li>instrumentalista Pawe\u0142 \u201eCyna\u201d Nikiel;<\/li><li>gitarzysta Pawe\u0142 \u201eRusek\u201d Wroc\u0142awski;<\/li><li>gitarzysta basowy Wojciech \u201eWinial\u201d Wiktorski;<\/li><li>perkusista Jakub \u201ePepesza\u201d Matusiak.<\/li><\/ul>\n\n\n\n<p>W przesz\u0142o\u015bci w zespole grali te\u017c: wokalista Agnieszka Szparga\u0142a, gitarzysta basowy Krzysztof \u201eKrzychu\u201d Herezo i perkusista Jarek \u201eOko\u0144\u201d Oczo\u015b.<\/p>\n\n\n\n<h2 class=\"wp-block-heading\">Dyskografia jeleniog\u00f3rskiej kapeli<\/h2>\n\n\n\n<p>Od 1994 do dzi\u015b zesp\u00f3\u0142 Leniwiec nagra\u0142 sze\u015b\u0107 album\u00f3w:<\/p>\n\n\n\n<ul class=\"wp-block-list\"><li>Z tarcz\u0105 lub na tarczy (2001);<\/li><li>Uprzedzenia (2003);<\/li><li>Crazy Bros \u2013 Houba hraje Leniwiec \/ Leniwiec gra Houb\u0119 (2004);<\/li><li>Reklamy na niebie (2008);<\/li><li>Droga (2011);<\/li><li>Rozpaczliwie wolny (2013);<\/li><li>Raj (2016).<\/li><\/ul>\n\n\n\n<p>Zesp\u00f3\u0142 zagra\u0142 wiele genialnych kawa\u0142k\u00f3w z pogranicza reggae i punk-rocka, a ich teledyski obejrzysz na YouTube.<\/p>\n\n\n\n<p>Chcesz pozna\u0107 wi\u0119cej punkowych zespo\u0142\u00f3w? Ciekawi Ci\u0119, jak rozwija\u0142 si\u0119 polski rock na przestrzeni lat? Zapisz si\u0119 do naszego newslettera i regularnie odwiedzaj naszego bloga!<\/p>\n\n\n\n<div class=\"wp-block-columns is-layout-flex wp-container-core-columns-is-layout-9d6595d7 wp-block-columns-is-layout-flex\">\n<div class=\"wp-block-column is-vertically-aligned-center is-layout-flow wp-block-column-is-layout-flow\" style=\"flex-basis:66.66%\">\n<p class=\"has-text-align-center has-medium-font-size\"><strong>Ogarnij <a href=\"https:\/\/www.carton.pl\/zespol\/leniwiec\">sklep LENIWIEC<\/a>!<\/strong><\/p>\n\n\n\n<div class=\"wp-block-buttons is-horizontal is-content-justification-center is-layout-flex wp-container-core-buttons-is-layout-499968f5 wp-block-buttons-is-layout-flex\">\n<div class=\"wp-block-button has-custom-font-size has-medium-font-size\"><a class=\"wp-block-button__link has-background\" href=\"https:\/\/www.carton.pl\/zespol\/leniwiec\" style=\"background-color:#c20e0e\">Zobacz wszystko<\/a><\/div>\n<\/div>\n<\/div>\n\n\n\n<div class=\"wp-block-column is-layout-flow wp-block-column-is-layout-flow\" style=\"flex-basis:33.33%\">\n<figure class=\"wp-block-image size-full\"><img loading=\"lazy\" decoding=\"async\" width=\"360\" height=\"539\" src=\"https:\/\/www.carton.pl\/blog\/wp-content\/uploads\/2022\/09\/mm_1_1_KD_090-01.jpg\" alt=\"\" class=\"wp-image-804\" srcset=\"https:\/\/www.carton.pl\/blog\/wp-content\/uploads\/2022\/09\/mm_1_1_KD_090-01.jpg 360w, https:\/\/www.carton.pl\/blog\/wp-content\/uploads\/2022\/09\/mm_1_1_KD_090-01-200x300.jpg 200w\" sizes=\"auto, (max-width: 360px) 100vw, 360px\" \/><\/figure>\n<\/div>\n<\/div>\n","protected":false},"excerpt":{"rendered":"<p>Leniwiec punk \u2013 to brzmi jak totalna sprzeczno\u015b\u0107. Lenistwo to ostatnie, o co pos\u0105dzi\u0142by\u015b kogo\u015b, kto gra tak energiczn\u0105 muzyk\u0119. Jednak ten jeleniog\u00f3rski \u201eleniuch\u201d sprawi, \u017ce nogi same poderw\u0105 Ci si\u0119 do ostrego pogo. Dowiedz si\u0119, jakie by\u0142y pocz\u0105tki formacji Leniwiec i jak prezentuje si\u0119 ich dorobek artystyczny!<\/p>\n","protected":false},"author":2,"featured_media":805,"comment_status":"closed","ping_status":"open","sticky":false,"template":"","format":"standard","meta":{"footnotes":""},"categories":[2],"tags":[],"class_list":["post-803","post","type-post","status-publish","format-standard","has-post-thumbnail","hentry","category-zespoly"],"yoast_head":"<!-- This site is optimized with the Yoast SEO plugin v26.9 - https:\/\/yoast.com\/product\/yoast-seo-wordpress\/ -->\n<title>Zesp\u00f3\u0142 Leniwiec. Co o nich wiesz? - blog carton.pl<\/title>\n<meta name=\"description\" content=\"Zesp\u00f3\u0142 LENIWIEC. Czy wszystko o nich wiesz? Na pewno? A czy wiesz, \u017ce jeste\u015bmy ich oficjalnym merchem? CARTON.pl\" \/>\n<meta name=\"robots\" content=\"index, follow, max-snippet:-1, max-image-preview:large, max-video-preview:-1\" \/>\n<link rel=\"canonical\" href=\"https:\/\/www.carton.pl\/blog\/krolowie-sceny-w-jeleniej-gorze-poznaj-zespol-muzyczny-leniwiec\/\" \/>\n<meta property=\"og:locale\" content=\"pl_PL\" \/>\n<meta property=\"og:type\" content=\"article\" \/>\n<meta property=\"og:title\" content=\"Zesp\u00f3\u0142 Leniwiec. Co o nich wiesz? - blog carton.pl\" \/>\n<meta property=\"og:description\" content=\"Zesp\u00f3\u0142 LENIWIEC. Czy wszystko o nich wiesz? Na pewno? A czy wiesz, \u017ce jeste\u015bmy ich oficjalnym merchem? CARTON.pl\" \/>\n<meta property=\"og:url\" content=\"https:\/\/www.carton.pl\/blog\/krolowie-sceny-w-jeleniej-gorze-poznaj-zespol-muzyczny-leniwiec\/\" \/>\n<meta property=\"og:site_name\" content=\"BLOG carton.pl\" \/>\n<meta property=\"article:published_time\" content=\"2022-09-16T16:17:04+00:00\" \/>\n<meta property=\"article:modified_time\" content=\"2022-09-16T16:17:09+00:00\" \/>\n<meta property=\"og:image\" content=\"https:\/\/www.carton.pl\/blog\/wp-content\/uploads\/2022\/09\/LENIWIEC-BLOG.jpg\" \/>\n\t<meta property=\"og:image:width\" content=\"900\" \/>\n\t<meta property=\"og:image:height\" content=\"600\" \/>\n\t<meta property=\"og:image:type\" content=\"image\/jpeg\" \/>\n<meta name=\"author\" content=\"Tomek\" \/>\n<meta name=\"twitter:card\" content=\"summary_large_image\" \/>\n<meta name=\"twitter:label1\" content=\"Napisane przez\" \/>\n\t<meta name=\"twitter:data1\" content=\"Tomek\" \/>\n\t<meta name=\"twitter:label2\" content=\"Szacowany czas czytania\" \/>\n\t<meta name=\"twitter:data2\" content=\"3 minuty\" \/>\n<script type=\"application\/ld+json\" class=\"yoast-schema-graph\">{\"@context\":\"https:\/\/schema.org\",\"@graph\":[{\"@type\":\"Article\",\"@id\":\"https:\/\/www.carton.pl\/blog\/krolowie-sceny-w-jeleniej-gorze-poznaj-zespol-muzyczny-leniwiec\/#article\",\"isPartOf\":{\"@id\":\"https:\/\/www.carton.pl\/blog\/krolowie-sceny-w-jeleniej-gorze-poznaj-zespol-muzyczny-leniwiec\/\"},\"author\":{\"name\":\"Tomek\",\"@id\":\"https:\/\/www.carton.pl\/blog\/#\/schema\/person\/de344cca6ded145c31c54b7017bb2d1d\"},\"headline\":\"Kr\u00f3lowie sceny w Jeleniej G\u00f3rze. Poznaj zesp\u00f3\u0142 muzyczny Leniwiec!\",\"datePublished\":\"2022-09-16T16:17:04+00:00\",\"dateModified\":\"2022-09-16T16:17:09+00:00\",\"mainEntityOfPage\":{\"@id\":\"https:\/\/www.carton.pl\/blog\/krolowie-sceny-w-jeleniej-gorze-poznaj-zespol-muzyczny-leniwiec\/\"},\"wordCount\":697,\"publisher\":{\"@id\":\"https:\/\/www.carton.pl\/blog\/#organization\"},\"image\":{\"@id\":\"https:\/\/www.carton.pl\/blog\/krolowie-sceny-w-jeleniej-gorze-poznaj-zespol-muzyczny-leniwiec\/#primaryimage\"},\"thumbnailUrl\":\"https:\/\/www.carton.pl\/blog\/wp-content\/uploads\/2022\/09\/LENIWIEC-BLOG.jpg\",\"articleSection\":[\"Zespo\u0142y\"],\"inLanguage\":\"pl-PL\"},{\"@type\":\"WebPage\",\"@id\":\"https:\/\/www.carton.pl\/blog\/krolowie-sceny-w-jeleniej-gorze-poznaj-zespol-muzyczny-leniwiec\/\",\"url\":\"https:\/\/www.carton.pl\/blog\/krolowie-sceny-w-jeleniej-gorze-poznaj-zespol-muzyczny-leniwiec\/\",\"name\":\"Zesp\u00f3\u0142 Leniwiec. Co o nich wiesz? - blog carton.pl\",\"isPartOf\":{\"@id\":\"https:\/\/www.carton.pl\/blog\/#website\"},\"primaryImageOfPage\":{\"@id\":\"https:\/\/www.carton.pl\/blog\/krolowie-sceny-w-jeleniej-gorze-poznaj-zespol-muzyczny-leniwiec\/#primaryimage\"},\"image\":{\"@id\":\"https:\/\/www.carton.pl\/blog\/krolowie-sceny-w-jeleniej-gorze-poznaj-zespol-muzyczny-leniwiec\/#primaryimage\"},\"thumbnailUrl\":\"https:\/\/www.carton.pl\/blog\/wp-content\/uploads\/2022\/09\/LENIWIEC-BLOG.jpg\",\"datePublished\":\"2022-09-16T16:17:04+00:00\",\"dateModified\":\"2022-09-16T16:17:09+00:00\",\"description\":\"Zesp\u00f3\u0142 LENIWIEC. Czy wszystko o nich wiesz? Na pewno? A czy wiesz, \u017ce jeste\u015bmy ich oficjalnym merchem? CARTON.pl\",\"breadcrumb\":{\"@id\":\"https:\/\/www.carton.pl\/blog\/krolowie-sceny-w-jeleniej-gorze-poznaj-zespol-muzyczny-leniwiec\/#breadcrumb\"},\"inLanguage\":\"pl-PL\",\"potentialAction\":[{\"@type\":\"ReadAction\",\"target\":[\"https:\/\/www.carton.pl\/blog\/krolowie-sceny-w-jeleniej-gorze-poznaj-zespol-muzyczny-leniwiec\/\"]}]},{\"@type\":\"ImageObject\",\"inLanguage\":\"pl-PL\",\"@id\":\"https:\/\/www.carton.pl\/blog\/krolowie-sceny-w-jeleniej-gorze-poznaj-zespol-muzyczny-leniwiec\/#primaryimage\",\"url\":\"https:\/\/www.carton.pl\/blog\/wp-content\/uploads\/2022\/09\/LENIWIEC-BLOG.jpg\",\"contentUrl\":\"https:\/\/www.carton.pl\/blog\/wp-content\/uploads\/2022\/09\/LENIWIEC-BLOG.jpg\",\"width\":900,\"height\":600,\"caption\":\"Kr\u00f3lowie sceny w Jeleniej G\u00f3rze. Poznaj zesp\u00f3\u0142 muzyczny Leniwiec!\"},{\"@type\":\"BreadcrumbList\",\"@id\":\"https:\/\/www.carton.pl\/blog\/krolowie-sceny-w-jeleniej-gorze-poznaj-zespol-muzyczny-leniwiec\/#breadcrumb\",\"itemListElement\":[{\"@type\":\"ListItem\",\"position\":1,\"name\":\"Strona g\u0142\u00f3wna\",\"item\":\"https:\/\/www.carton.pl\/blog\/\"},{\"@type\":\"ListItem\",\"position\":2,\"name\":\"Kr\u00f3lowie sceny w Jeleniej G\u00f3rze. Poznaj zesp\u00f3\u0142 muzyczny Leniwiec!\"}]},{\"@type\":\"WebSite\",\"@id\":\"https:\/\/www.carton.pl\/blog\/#website\",\"url\":\"https:\/\/www.carton.pl\/blog\/\",\"name\":\"BLOG carton.pl\",\"description\":\"Zespo\u0142y, ciuchy, muzyka - o tym piszemy\",\"publisher\":{\"@id\":\"https:\/\/www.carton.pl\/blog\/#organization\"},\"potentialAction\":[{\"@type\":\"SearchAction\",\"target\":{\"@type\":\"EntryPoint\",\"urlTemplate\":\"https:\/\/www.carton.pl\/blog\/?s={search_term_string}\"},\"query-input\":{\"@type\":\"PropertyValueSpecification\",\"valueRequired\":true,\"valueName\":\"search_term_string\"}}],\"inLanguage\":\"pl-PL\"},{\"@type\":\"Organization\",\"@id\":\"https:\/\/www.carton.pl\/blog\/#organization\",\"name\":\"CARTON Tomasz Kowalski\",\"url\":\"https:\/\/www.carton.pl\/blog\/\",\"logo\":{\"@type\":\"ImageObject\",\"inLanguage\":\"pl-PL\",\"@id\":\"https:\/\/www.carton.pl\/blog\/#\/schema\/logo\/image\/\",\"url\":\"https:\/\/carton.pl\/blog\/wp-content\/uploads\/2021\/12\/carton_merch_logo.png\",\"contentUrl\":\"https:\/\/carton.pl\/blog\/wp-content\/uploads\/2021\/12\/carton_merch_logo.png\",\"width\":205,\"height\":56,\"caption\":\"CARTON Tomasz Kowalski\"},\"image\":{\"@id\":\"https:\/\/www.carton.pl\/blog\/#\/schema\/logo\/image\/\"}},{\"@type\":\"Person\",\"@id\":\"https:\/\/www.carton.pl\/blog\/#\/schema\/person\/de344cca6ded145c31c54b7017bb2d1d\",\"name\":\"Tomek\",\"image\":{\"@type\":\"ImageObject\",\"inLanguage\":\"pl-PL\",\"@id\":\"https:\/\/www.carton.pl\/blog\/#\/schema\/person\/image\/\",\"url\":\"https:\/\/secure.gravatar.com\/avatar\/c2a11a2e6f85d610387f5fc3605cf6b2b1af61f0ffb9fa4669a13a3e4c0e1281?s=96&d=mm&r=g\",\"contentUrl\":\"https:\/\/secure.gravatar.com\/avatar\/c2a11a2e6f85d610387f5fc3605cf6b2b1af61f0ffb9fa4669a13a3e4c0e1281?s=96&d=mm&r=g\",\"caption\":\"Tomek\"},\"url\":\"https:\/\/www.carton.pl\/blog\/author\/carton\/\"}]}<\/script>\n<!-- \/ Yoast SEO plugin. -->","yoast_head_json":{"title":"Zesp\u00f3\u0142 Leniwiec. Co o nich wiesz? - blog carton.pl","description":"Zesp\u00f3\u0142 LENIWIEC. Czy wszystko o nich wiesz? Na pewno? A czy wiesz, \u017ce jeste\u015bmy ich oficjalnym merchem? CARTON.pl","robots":{"index":"index","follow":"follow","max-snippet":"max-snippet:-1","max-image-preview":"max-image-preview:large","max-video-preview":"max-video-preview:-1"},"canonical":"https:\/\/www.carton.pl\/blog\/krolowie-sceny-w-jeleniej-gorze-poznaj-zespol-muzyczny-leniwiec\/","og_locale":"pl_PL","og_type":"article","og_title":"Zesp\u00f3\u0142 Leniwiec. Co o nich wiesz? - blog carton.pl","og_description":"Zesp\u00f3\u0142 LENIWIEC. Czy wszystko o nich wiesz? Na pewno? A czy wiesz, \u017ce jeste\u015bmy ich oficjalnym merchem? CARTON.pl","og_url":"https:\/\/www.carton.pl\/blog\/krolowie-sceny-w-jeleniej-gorze-poznaj-zespol-muzyczny-leniwiec\/","og_site_name":"BLOG carton.pl","article_published_time":"2022-09-16T16:17:04+00:00","article_modified_time":"2022-09-16T16:17:09+00:00","og_image":[{"width":900,"height":600,"url":"https:\/\/www.carton.pl\/blog\/wp-content\/uploads\/2022\/09\/LENIWIEC-BLOG.jpg","type":"image\/jpeg"}],"author":"Tomek","twitter_card":"summary_large_image","twitter_misc":{"Napisane przez":"Tomek","Szacowany czas czytania":"3 minuty"},"schema":{"@context":"https:\/\/schema.org","@graph":[{"@type":"Article","@id":"https:\/\/www.carton.pl\/blog\/krolowie-sceny-w-jeleniej-gorze-poznaj-zespol-muzyczny-leniwiec\/#article","isPartOf":{"@id":"https:\/\/www.carton.pl\/blog\/krolowie-sceny-w-jeleniej-gorze-poznaj-zespol-muzyczny-leniwiec\/"},"author":{"name":"Tomek","@id":"https:\/\/www.carton.pl\/blog\/#\/schema\/person\/de344cca6ded145c31c54b7017bb2d1d"},"headline":"Kr\u00f3lowie sceny w Jeleniej G\u00f3rze. Poznaj zesp\u00f3\u0142 muzyczny Leniwiec!","datePublished":"2022-09-16T16:17:04+00:00","dateModified":"2022-09-16T16:17:09+00:00","mainEntityOfPage":{"@id":"https:\/\/www.carton.pl\/blog\/krolowie-sceny-w-jeleniej-gorze-poznaj-zespol-muzyczny-leniwiec\/"},"wordCount":697,"publisher":{"@id":"https:\/\/www.carton.pl\/blog\/#organization"},"image":{"@id":"https:\/\/www.carton.pl\/blog\/krolowie-sceny-w-jeleniej-gorze-poznaj-zespol-muzyczny-leniwiec\/#primaryimage"},"thumbnailUrl":"https:\/\/www.carton.pl\/blog\/wp-content\/uploads\/2022\/09\/LENIWIEC-BLOG.jpg","articleSection":["Zespo\u0142y"],"inLanguage":"pl-PL"},{"@type":"WebPage","@id":"https:\/\/www.carton.pl\/blog\/krolowie-sceny-w-jeleniej-gorze-poznaj-zespol-muzyczny-leniwiec\/","url":"https:\/\/www.carton.pl\/blog\/krolowie-sceny-w-jeleniej-gorze-poznaj-zespol-muzyczny-leniwiec\/","name":"Zesp\u00f3\u0142 Leniwiec. Co o nich wiesz? - blog carton.pl","isPartOf":{"@id":"https:\/\/www.carton.pl\/blog\/#website"},"primaryImageOfPage":{"@id":"https:\/\/www.carton.pl\/blog\/krolowie-sceny-w-jeleniej-gorze-poznaj-zespol-muzyczny-leniwiec\/#primaryimage"},"image":{"@id":"https:\/\/www.carton.pl\/blog\/krolowie-sceny-w-jeleniej-gorze-poznaj-zespol-muzyczny-leniwiec\/#primaryimage"},"thumbnailUrl":"https:\/\/www.carton.pl\/blog\/wp-content\/uploads\/2022\/09\/LENIWIEC-BLOG.jpg","datePublished":"2022-09-16T16:17:04+00:00","dateModified":"2022-09-16T16:17:09+00:00","description":"Zesp\u00f3\u0142 LENIWIEC. Czy wszystko o nich wiesz? Na pewno? A czy wiesz, \u017ce jeste\u015bmy ich oficjalnym merchem? CARTON.pl","breadcrumb":{"@id":"https:\/\/www.carton.pl\/blog\/krolowie-sceny-w-jeleniej-gorze-poznaj-zespol-muzyczny-leniwiec\/#breadcrumb"},"inLanguage":"pl-PL","potentialAction":[{"@type":"ReadAction","target":["https:\/\/www.carton.pl\/blog\/krolowie-sceny-w-jeleniej-gorze-poznaj-zespol-muzyczny-leniwiec\/"]}]},{"@type":"ImageObject","inLanguage":"pl-PL","@id":"https:\/\/www.carton.pl\/blog\/krolowie-sceny-w-jeleniej-gorze-poznaj-zespol-muzyczny-leniwiec\/#primaryimage","url":"https:\/\/www.carton.pl\/blog\/wp-content\/uploads\/2022\/09\/LENIWIEC-BLOG.jpg","contentUrl":"https:\/\/www.carton.pl\/blog\/wp-content\/uploads\/2022\/09\/LENIWIEC-BLOG.jpg","width":900,"height":600,"caption":"Kr\u00f3lowie sceny w Jeleniej G\u00f3rze. Poznaj zesp\u00f3\u0142 muzyczny Leniwiec!"},{"@type":"BreadcrumbList","@id":"https:\/\/www.carton.pl\/blog\/krolowie-sceny-w-jeleniej-gorze-poznaj-zespol-muzyczny-leniwiec\/#breadcrumb","itemListElement":[{"@type":"ListItem","position":1,"name":"Strona g\u0142\u00f3wna","item":"https:\/\/www.carton.pl\/blog\/"},{"@type":"ListItem","position":2,"name":"Kr\u00f3lowie sceny w Jeleniej G\u00f3rze. Poznaj zesp\u00f3\u0142 muzyczny Leniwiec!"}]},{"@type":"WebSite","@id":"https:\/\/www.carton.pl\/blog\/#website","url":"https:\/\/www.carton.pl\/blog\/","name":"BLOG carton.pl","description":"Zespo\u0142y, ciuchy, muzyka - o tym piszemy","publisher":{"@id":"https:\/\/www.carton.pl\/blog\/#organization"},"potentialAction":[{"@type":"SearchAction","target":{"@type":"EntryPoint","urlTemplate":"https:\/\/www.carton.pl\/blog\/?s={search_term_string}"},"query-input":{"@type":"PropertyValueSpecification","valueRequired":true,"valueName":"search_term_string"}}],"inLanguage":"pl-PL"},{"@type":"Organization","@id":"https:\/\/www.carton.pl\/blog\/#organization","name":"CARTON Tomasz Kowalski","url":"https:\/\/www.carton.pl\/blog\/","logo":{"@type":"ImageObject","inLanguage":"pl-PL","@id":"https:\/\/www.carton.pl\/blog\/#\/schema\/logo\/image\/","url":"https:\/\/carton.pl\/blog\/wp-content\/uploads\/2021\/12\/carton_merch_logo.png","contentUrl":"https:\/\/carton.pl\/blog\/wp-content\/uploads\/2021\/12\/carton_merch_logo.png","width":205,"height":56,"caption":"CARTON Tomasz Kowalski"},"image":{"@id":"https:\/\/www.carton.pl\/blog\/#\/schema\/logo\/image\/"}},{"@type":"Person","@id":"https:\/\/www.carton.pl\/blog\/#\/schema\/person\/de344cca6ded145c31c54b7017bb2d1d","name":"Tomek","image":{"@type":"ImageObject","inLanguage":"pl-PL","@id":"https:\/\/www.carton.pl\/blog\/#\/schema\/person\/image\/","url":"https:\/\/secure.gravatar.com\/avatar\/c2a11a2e6f85d610387f5fc3605cf6b2b1af61f0ffb9fa4669a13a3e4c0e1281?s=96&d=mm&r=g","contentUrl":"https:\/\/secure.gravatar.com\/avatar\/c2a11a2e6f85d610387f5fc3605cf6b2b1af61f0ffb9fa4669a13a3e4c0e1281?s=96&d=mm&r=g","caption":"Tomek"},"url":"https:\/\/www.carton.pl\/blog\/author\/carton\/"}]}},"_links":{"self":[{"href":"https:\/\/www.carton.pl\/blog\/wp-json\/wp\/v2\/posts\/803","targetHints":{"allow":["GET"]}}],"collection":[{"href":"https:\/\/www.carton.pl\/blog\/wp-json\/wp\/v2\/posts"}],"about":[{"href":"https:\/\/www.carton.pl\/blog\/wp-json\/wp\/v2\/types\/post"}],"author":[{"embeddable":true,"href":"https:\/\/www.carton.pl\/blog\/wp-json\/wp\/v2\/users\/2"}],"replies":[{"embeddable":true,"href":"https:\/\/www.carton.pl\/blog\/wp-json\/wp\/v2\/comments?post=803"}],"version-history":[{"count":1,"href":"https:\/\/www.carton.pl\/blog\/wp-json\/wp\/v2\/posts\/803\/revisions"}],"predecessor-version":[{"id":806,"href":"https:\/\/www.carton.pl\/blog\/wp-json\/wp\/v2\/posts\/803\/revisions\/806"}],"wp:featuredmedia":[{"embeddable":true,"href":"https:\/\/www.carton.pl\/blog\/wp-json\/wp\/v2\/media\/805"}],"wp:attachment":[{"href":"https:\/\/www.carton.pl\/blog\/wp-json\/wp\/v2\/media?parent=803"}],"wp:term":[{"taxonomy":"category","embeddable":true,"href":"https:\/\/www.carton.pl\/blog\/wp-json\/wp\/v2\/categories?post=803"},{"taxonomy":"post_tag","embeddable":true,"href":"https:\/\/www.carton.pl\/blog\/wp-json\/wp\/v2\/tags?post=803"}],"curies":[{"name":"wp","href":"https:\/\/api.w.org\/{rel}","templated":true}]}}