{"id":823,"date":"2022-11-10T14:39:47","date_gmt":"2022-11-10T13:39:47","guid":{"rendered":"https:\/\/www.carton.pl\/blog\/?p=823"},"modified":"2022-11-10T14:39:52","modified_gmt":"2022-11-10T13:39:52","slug":"tekst-piosenki-grabaz-i-strachy-na-lachy-dzien-dobry-kocham-cie","status":"publish","type":"post","link":"https:\/\/www.carton.pl\/blog\/tekst-piosenki-grabaz-i-strachy-na-lachy-dzien-dobry-kocham-cie\/","title":{"rendered":"Tekst piosenki Graba\u017c i Strachy na Lachy \u2013 \u201eDzie\u0144 dobry, kocham Ci\u0119\u201d."},"content":{"rendered":"\n<p>Bo chodzi o to by od siebie<\/p>\n\n\n\n<p>Nie upa\u015b\u0107 za daleko<\/p>\n\n\n\n<p>Jak te dwa \u0142yse kamienie nad rzek\u0105<\/p>\n\n\n\n<p>Chodzi o to<\/p>\n\n\n\n<p>By pierwsze chcia\u0142o s\u0142ucha\u0107<\/p>\n\n\n\n<p>Co mu to drugie<\/p>\n\n\n\n<p>Powiedzie\u0107 chce do ucha<\/p>\n\n\n\n<p>\u017be po mej g\u0142owie?<\/p>\n\n\n\n<p>Czasem si\u0119 ich boje<\/p>\n\n\n\n<p>Chodz\u0105 s\u0142owa nie do powiedzenia<\/p>\n\n\n\n<p>Nie-do-powiedzenia (nie-do-powiedzenia)<\/p>\n\n\n\n<p>Chodz\u0105 s\u0142owa nie do powiedzenia<\/p>\n\n\n\n<p>Nie-do-powiedzenia<\/p>\n\n\n\n<p>Dzie\u0144 dobry<\/p>\n\n\n\n<p>Kocham ci\u0119<\/p>\n\n\n\n<p>Ju\u017c posmarowa\u0142em tob\u0105 chleb<\/p>\n\n\n\n<p>Dzie\u0144 dobry<\/p>\n\n\n\n<p>Kocham ci\u0119<\/p>\n\n\n\n<p>Nie chce ci\u0119 z oczu straci\u0107 wi\u0119c<\/p>\n\n\n\n<p>Jeszcze wi\u0119cej dzie\u0144 dobry<\/p>\n\n\n\n<p>Kocham ci\u0119<\/p>\n\n\n\n<p>Podzielimy dzi\u015b ten ogie\u0144 na dwoje<\/p>\n\n\n\n<p>Dzie\u0144 dobry<\/p>\n\n\n\n<p>Kocham ci\u0119<\/p>\n\n\n\n<p>To zapyzia\u0142e miasto niech o tym wie<\/p>\n\n\n\n<p>Tu chodzi o to by od siebie<\/p>\n\n\n\n<p>Nie upa\u015b\u0107 za daleko<\/p>\n\n\n\n<p>Kiedy d\u0142ugo drugie<\/p>\n\n\n\n<p>Nie widzi pierwszego<\/p>\n\n\n\n<p>Bo gdy siedzi cz\u0142ek samemu<\/p>\n\n\n\n<p>Z czarnymi my\u015blami<\/p>\n\n\n\n<p>Cz\u0142owiek rzuca s\u0142uchawkami<\/p>\n\n\n\n<p>Rzuca s\u0142uchawkami<\/p>\n\n\n\n<p>Bo chodzi o to by od siebie<\/p>\n\n\n\n<p>Nie upa\u015b\u0107 za daleko<\/p>\n\n\n\n<p>Nawet je\u015bli czasem mi\u0119dzy nami wykipi mleko<\/p>\n\n\n\n<p>Cho\u0107by\u015b nawet i wieczorem zasypia\u0142a zdo\u0142owana<\/p>\n\n\n\n<p>Chcia\u0142bym ci za\u015bpiewa\u0107 z rana<\/p>\n\n\n\n<p>M\u00f3c ci za\u015bpiewa\u0107 z rana<\/p>\n\n\n\n<p>Kochana&#8230;<\/p>\n\n\n\n<p>Dzie\u0144 dobry<\/p>\n\n\n\n<p>Kocham ci\u0119<\/p>\n\n\n\n<p>Ju\u017c posmarowa\u0142em tob\u0105 chleb<\/p>\n\n\n\n<p>Dzie\u0144 dobry<\/p>\n\n\n\n<p>Kocham ci\u0119<\/p>\n\n\n\n<p>Nie chce ci\u0119 z oczu straci\u0107 wi\u0119c<\/p>\n\n\n\n<p>Jeszcze wi\u0119cej dzie\u0144 dobry<\/p>\n\n\n\n<p>Kocham ci\u0119<\/p>\n\n\n\n<p>Podzielimy dzi\u015b ten ogie\u0144 na dwoje<\/p>\n\n\n\n<p>Dzie\u0144 dobry<\/p>\n\n\n\n<p>Kocham ci\u0119<\/p>\n\n\n\n<p>To zapyzia\u0142e miasto niech o tym wie<\/p>\n\n\n\n<p>Dzie\u0144 dobry<\/p>\n\n\n\n<p>Kocham ci\u0119<\/p>\n\n\n\n<p>Ju\u017c posmarowa\u0142em tob\u0105 chleb<\/p>\n\n\n\n<p>Dzie\u0144 dobry<\/p>\n\n\n\n<p>Kocham ci\u0119<\/p>\n\n\n\n<p>Nie chce ci\u0119 z oczu straci\u0107 wi\u0119c<\/p>\n\n\n\n<p>Jeszcze wi\u0119cej Jeszcze wi\u0119cej Jeszcze wi\u0119cej<\/p>\n\n\n\n<p>Dzie\u0144 dobry<\/p>\n\n\n\n<p>Kocham ci\u0119<\/p>\n\n\n\n<p>Podzielimy dzi\u015b ten ogie\u0144 na dwoje<\/p>\n\n\n\n<p>Para-twoje<\/p>\n\n\n\n<p>Para-moje<\/p>\n\n\n\n<p>Onomatopeiczne<\/p>\n\n\n\n<p>Paranormalne<\/p>\n\n\n\n<p>Paranoje<\/p>\n\n\n\n<p>D-dwoje<\/p>\n\n\n\n<p>Para-moje<\/p>\n\n\n\n<p>Para-twoje<\/p>\n\n\n\n<p>Onomatopeiczne<\/p>\n\n\n\n<p>Paranormalne<\/p>\n\n\n\n<p>Paranoje<\/p>\n\n\n\n<p>D-dwoje<\/p>\n\n\n\n<div style=\"height:50px\" aria-hidden=\"true\" class=\"wp-block-spacer\"><\/div>\n\n\n\n<p class=\"has-text-align-center\"><strong>Ogarnij sklep Strachy na Lachy!<\/strong><\/p>\n\n\n\n<figure class=\"wp-block-gallery has-nested-images columns-5 is-cropped wp-block-gallery-1 is-layout-flex wp-block-gallery-is-layout-flex\">\n<figure class=\"wp-block-image size-full\"><img loading=\"lazy\" decoding=\"async\" width=\"360\" height=\"539\" data-id=\"644\" src=\"https:\/\/www.carton.pl\/blog\/wp-content\/uploads\/2022\/08\/mm_1_1_K_828-01.jpg\" alt=\"\" class=\"wp-image-644\" srcset=\"https:\/\/www.carton.pl\/blog\/wp-content\/uploads\/2022\/08\/mm_1_1_K_828-01.jpg 360w, https:\/\/www.carton.pl\/blog\/wp-content\/uploads\/2022\/08\/mm_1_1_K_828-01-200x300.jpg 200w\" sizes=\"auto, (max-width: 360px) 100vw, 360px\" \/><\/figure>\n\n\n\n<figure class=\"wp-block-image size-full\"><img loading=\"lazy\" decoding=\"async\" width=\"360\" height=\"539\" data-id=\"435\" src=\"https:\/\/www.carton.pl\/blog\/wp-content\/uploads\/2022\/02\/mm_1_1_K_1011-01.jpg\" alt=\"\" class=\"wp-image-435\" srcset=\"https:\/\/www.carton.pl\/blog\/wp-content\/uploads\/2022\/02\/mm_1_1_K_1011-01.jpg 360w, https:\/\/www.carton.pl\/blog\/wp-content\/uploads\/2022\/02\/mm_1_1_K_1011-01-200x300.jpg 200w\" sizes=\"auto, (max-width: 360px) 100vw, 360px\" \/><\/figure>\n\n\n\n<figure class=\"wp-block-image size-full\"><img loading=\"lazy\" decoding=\"async\" width=\"360\" height=\"539\" data-id=\"645\" src=\"https:\/\/www.carton.pl\/blog\/wp-content\/uploads\/2022\/08\/mm_1_1_KD_357A-01.jpg\" alt=\"\" class=\"wp-image-645\" srcset=\"https:\/\/www.carton.pl\/blog\/wp-content\/uploads\/2022\/08\/mm_1_1_KD_357A-01.jpg 360w, https:\/\/www.carton.pl\/blog\/wp-content\/uploads\/2022\/08\/mm_1_1_KD_357A-01-200x300.jpg 200w\" sizes=\"auto, (max-width: 360px) 100vw, 360px\" \/><\/figure>\n\n\n\n<figure class=\"wp-block-image size-full\"><img loading=\"lazy\" decoding=\"async\" width=\"360\" height=\"539\" data-id=\"646\" src=\"https:\/\/www.carton.pl\/blog\/wp-content\/uploads\/2022\/08\/mm_1_1_K_925-01.jpg\" alt=\"\" class=\"wp-image-646\" srcset=\"https:\/\/www.carton.pl\/blog\/wp-content\/uploads\/2022\/08\/mm_1_1_K_925-01.jpg 360w, https:\/\/www.carton.pl\/blog\/wp-content\/uploads\/2022\/08\/mm_1_1_K_925-01-200x300.jpg 200w\" sizes=\"auto, (max-width: 360px) 100vw, 360px\" \/><\/figure>\n\n\n\n<figure class=\"wp-block-image size-full\"><img loading=\"lazy\" decoding=\"async\" width=\"360\" height=\"539\" data-id=\"434\" src=\"https:\/\/www.carton.pl\/blog\/wp-content\/uploads\/2022\/02\/mm_1_1_K_293-01.jpg\" alt=\"\" class=\"wp-image-434\" srcset=\"https:\/\/www.carton.pl\/blog\/wp-content\/uploads\/2022\/02\/mm_1_1_K_293-01.jpg 360w, https:\/\/www.carton.pl\/blog\/wp-content\/uploads\/2022\/02\/mm_1_1_K_293-01-200x300.jpg 200w\" sizes=\"auto, (max-width: 360px) 100vw, 360px\" \/><\/figure>\n<\/figure>\n\n\n\n<div class=\"wp-block-buttons is-horizontal is-content-justification-center is-layout-flex wp-container-core-buttons-is-layout-499968f5 wp-block-buttons-is-layout-flex\">\n<div class=\"wp-block-button has-custom-font-size has-medium-font-size\"><a class=\"wp-block-button__link has-background wp-element-button\" href=\"https:\/\/www.carton.pl\/zespol\/strachy-na-lachy\" style=\"background-color:#c20e0e\">Zobacz wszystko<\/a><\/div>\n<\/div>\n\n\n\n<div style=\"height:50px\" aria-hidden=\"true\" class=\"wp-block-spacer\"><\/div>\n\n\n\n<h2 class=\"wp-block-heading\">Dzie\u0144 dobry, kocham Ci\u0119 \u2013 tekst, wykonawca i p\u0142yta<\/h2>\n\n\n\n<p>\u201eDzie\u0144 dobry, kocham Ci\u0119\u201d to jedna z najs\u0142ynniejszych piosenek zespo\u0142u Strachy na Lachy. Utw\u00f3r pojawi\u0142 si\u0119 na albumie \u201ePi\u0142a Tango\u201d z 2005 roku i b\u0142yskawicznie podbi\u0142 serca fan\u00f3w rocka w ca\u0142ej Polsce. Zaj\u0105\u0142 m.in. 8 miejsce na li\u015bcie przeboj\u00f3w Programu Trzeciego (LP3) i 2 miejsce na Szczeci\u0144skiej Li\u015bcie Przeboj\u00f3w (SLiP).<\/p>\n\n\n\n<p>S\u0142owa utworu <em>Dzie\u0144 dobry, kocham Ci\u0119<\/em> nios\u0105 za sob\u0105 g\u0142\u0119bsze przes\u0142anie. W swoim tek\u015bcie Graba\u017c w metaforyczny spos\u00f3b opisuje idealn\u0105 mi\u0142o\u015b\u0107, kt\u00f3r\u0105 przedstawia w serii por\u00f3wna\u0144 kulinarnych. Samotne \u017cycie jest dla niego such\u0105 i nudn\u0105 kromk\u0105 chleba, z kolei uczucie ukochanej osoby to mas\u0142o, kt\u00f3re nadaje jej smaku.<\/p>\n\n\n\n<p>Sam artysta jest bardzo dumny ze swojej piosenki i ch\u0119tnie \u015bpiewa j\u0105 na wszystkich koncertach. Jak twierdzi, by\u0142a ona prze\u0142omem, kt\u00f3ry \u201epodzieli\u0142 jego artystyczne \u017cycie na p\u00f3\u0142\u201d.<\/p>\n\n\n\n<p>Kawa\u0142ek otrzyma\u0142 w\u0142asny teledysk, kt\u00f3ry obejrzysz w serwisie YouTube.<\/p>\n\n\n\n<figure class=\"wp-block-embed is-type-rich is-provider-obsluga-osadzania wp-block-embed-obsluga-osadzania wp-embed-aspect-4-3 wp-has-aspect-ratio\"><div class=\"wp-block-embed__wrapper\">\n<iframe loading=\"lazy\" title=\"STRACHY NA LACHY - Dzie\u0144 dobry, kocham Ci\u0119 [OFFICIAL VIDEO]\" width=\"960\" height=\"720\" src=\"https:\/\/www.youtube.com\/embed\/_EdZbopNeS8?feature=oembed\" frameborder=\"0\" allow=\"accelerometer; autoplay; clipboard-write; encrypted-media; gyroscope; picture-in-picture\" allowfullscreen><\/iframe>\n<\/div><\/figure>\n","protected":false},"excerpt":{"rendered":"<p>Bo chodzi o to by od siebie Nie upa\u015b\u0107 za daleko Jak te dwa \u0142yse kamienie nad rzek\u0105 Chodzi o to By pierwsze chcia\u0142o s\u0142ucha\u0107 Co mu to drugie Powiedzie\u0107 chce do ucha \u017be po mej g\u0142owie? Czasem si\u0119 ich boje Chodz\u0105 s\u0142owa nie do powiedzenia Nie-do-powiedzenia (nie-do-powiedzenia) Chodz\u0105 s\u0142owa nie do powiedzenia Nie-do-powiedzenia Dzie\u0144 dobry Kocham ci\u0119 Ju\u017c posmarowa\u0142em tob\u0105 chleb Dzie\u0144 dobry Kocham ci\u0119 Nie chce ci\u0119 z oczu straci\u0107 wi\u0119c Jeszcze wi\u0119cej dzie\u0144 dobry Kocham ci\u0119 Podzielimy dzi\u015b ten ogie\u0144 na dwoje Dzie\u0144 dobry Kocham ci\u0119 To zapyzia\u0142e miasto niech o tym wie Tu chodzi o to by od siebie Nie upa\u015b\u0107 za daleko Kiedy d\u0142ugo drugie Nie widzi pierwszego Bo gdy siedzi cz\u0142ek samemu Z czarnymi my\u015blami Cz\u0142owiek rzuca s\u0142uchawkami Rzuca s\u0142uchawkami Bo chodzi o to by od siebie Nie upa\u015b\u0107 za daleko Nawet je\u015bli czasem mi\u0119dzy nami wykipi mleko Cho\u0107by\u015b nawet i wieczorem zasypia\u0142a zdo\u0142owana Chcia\u0142bym ci za\u015bpiewa\u0107 z rana M\u00f3c ci za\u015bpiewa\u0107 z rana Kochana&#8230; Dzie\u0144 dobry Kocham ci\u0119 Ju\u017c posmarowa\u0142em tob\u0105 chleb Dzie\u0144 dobry Kocham ci\u0119 Nie chce ci\u0119 z oczu straci\u0107 wi\u0119c Jeszcze wi\u0119cej dzie\u0144 dobry Kocham ci\u0119 Podzielimy dzi\u015b ten ogie\u0144 na dwoje Dzie\u0144 dobry Kocham ci\u0119 To zapyzia\u0142e miasto niech o tym wie Dzie\u0144 dobry Kocham ci\u0119 Ju\u017c posmarowa\u0142em tob\u0105 chleb Dzie\u0144 dobry Kocham ci\u0119 Nie chce ci\u0119 z oczu straci\u0107 wi\u0119c Jeszcze wi\u0119cej Jeszcze wi\u0119cej Jeszcze wi\u0119cej Dzie\u0144 dobry Kocham ci\u0119 Podzielimy dzi\u015b ten ogie\u0144 na dwoje Para-twoje Para-moje Onomatopeiczne Paranormalne Paranoje D-dwoje Para-moje Para-twoje Onomatopeiczne Paranormalne Paranoje D-dwoje Ogarnij sklep Strachy na Lachy! Dzie\u0144 dobry, kocham Ci\u0119 \u2013 tekst, wykonawca i p\u0142yta \u201eDzie\u0144 dobry, kocham Ci\u0119\u201d to jedna z najs\u0142ynniejszych piosenek zespo\u0142u Strachy na Lachy. Utw\u00f3r pojawi\u0142 si\u0119 na albumie \u201ePi\u0142a Tango\u201d z 2005 roku i b\u0142yskawicznie podbi\u0142 serca fan\u00f3w rocka w ca\u0142ej Polsce. Zaj\u0105\u0142 m.in. 8 miejsce na li\u015bcie przeboj\u00f3w Programu Trzeciego (LP3) i 2 miejsce na Szczeci\u0144skiej Li\u015bcie Przeboj\u00f3w (SLiP). S\u0142owa utworu Dzie\u0144 dobry, kocham Ci\u0119 nios\u0105 za sob\u0105 g\u0142\u0119bsze przes\u0142anie. W swoim tek\u015bcie Graba\u017c w metaforyczny spos\u00f3b opisuje idealn\u0105 mi\u0142o\u015b\u0107, kt\u00f3r\u0105 przedstawia w serii por\u00f3wna\u0144 kulinarnych. Samotne \u017cycie jest dla niego such\u0105 i nudn\u0105 kromk\u0105 chleba, z kolei uczucie ukochanej osoby to mas\u0142o, kt\u00f3re nadaje jej smaku. Sam artysta jest bardzo dumny ze swojej piosenki i ch\u0119tnie \u015bpiewa j\u0105 na wszystkich koncertach. Jak twierdzi, by\u0142a ona prze\u0142omem, kt\u00f3ry \u201epodzieli\u0142 jego artystyczne \u017cycie na p\u00f3\u0142\u201d. Kawa\u0142ek otrzyma\u0142 w\u0142asny teledysk, kt\u00f3ry obejrzysz w serwisie YouTube.<\/p>\n","protected":false},"author":2,"featured_media":825,"comment_status":"closed","ping_status":"open","sticky":false,"template":"","format":"standard","meta":{"footnotes":""},"categories":[2],"tags":[],"class_list":["post-823","post","type-post","status-publish","format-standard","has-post-thumbnail","hentry","category-zespoly"],"yoast_head":"<!-- This site is optimized with the Yoast SEO plugin v26.9 - https:\/\/yoast.com\/product\/yoast-seo-wordpress\/ -->\n<title>Tekst piosenki Graba\u017c i Strachy na Lachy \u2013 \u201eDzie\u0144 dobry, kocham Ci\u0119\u201d. - BLOG carton.pl<\/title>\n<meta name=\"robots\" content=\"index, follow, max-snippet:-1, max-image-preview:large, max-video-preview:-1\" \/>\n<link rel=\"canonical\" href=\"https:\/\/www.carton.pl\/blog\/tekst-piosenki-grabaz-i-strachy-na-lachy-dzien-dobry-kocham-cie\/\" \/>\n<meta property=\"og:locale\" content=\"pl_PL\" \/>\n<meta property=\"og:type\" content=\"article\" \/>\n<meta property=\"og:title\" content=\"Tekst piosenki Graba\u017c i Strachy na Lachy \u2013 \u201eDzie\u0144 dobry, kocham Ci\u0119\u201d. - BLOG carton.pl\" \/>\n<meta property=\"og:description\" content=\"Bo chodzi o to by od siebie Nie upa\u015b\u0107 za daleko Jak te dwa \u0142yse kamienie nad rzek\u0105 Chodzi o to By pierwsze chcia\u0142o s\u0142ucha\u0107 Co mu to drugie Powiedzie\u0107 chce do ucha \u017be po mej g\u0142owie? Czasem si\u0119 ich boje Chodz\u0105 s\u0142owa nie do powiedzenia Nie-do-powiedzenia (nie-do-powiedzenia) Chodz\u0105 s\u0142owa nie do powiedzenia Nie-do-powiedzenia Dzie\u0144 dobry Kocham ci\u0119 Ju\u017c posmarowa\u0142em tob\u0105 chleb Dzie\u0144 dobry Kocham ci\u0119 Nie chce ci\u0119 z oczu straci\u0107 wi\u0119c Jeszcze wi\u0119cej dzie\u0144 dobry Kocham ci\u0119 Podzielimy dzi\u015b ten ogie\u0144 na dwoje Dzie\u0144 dobry Kocham ci\u0119 To zapyzia\u0142e miasto niech o tym wie Tu chodzi o to by od siebie Nie upa\u015b\u0107 za daleko Kiedy d\u0142ugo drugie Nie widzi pierwszego Bo gdy siedzi cz\u0142ek samemu Z czarnymi my\u015blami Cz\u0142owiek rzuca s\u0142uchawkami Rzuca s\u0142uchawkami Bo chodzi o to by od siebie Nie upa\u015b\u0107 za daleko Nawet je\u015bli czasem mi\u0119dzy nami wykipi mleko Cho\u0107by\u015b nawet i wieczorem zasypia\u0142a zdo\u0142owana Chcia\u0142bym ci za\u015bpiewa\u0107 z rana M\u00f3c ci za\u015bpiewa\u0107 z rana Kochana&#8230; Dzie\u0144 dobry Kocham ci\u0119 Ju\u017c posmarowa\u0142em tob\u0105 chleb Dzie\u0144 dobry Kocham ci\u0119 Nie chce ci\u0119 z oczu straci\u0107 wi\u0119c Jeszcze wi\u0119cej dzie\u0144 dobry Kocham ci\u0119 Podzielimy dzi\u015b ten ogie\u0144 na dwoje Dzie\u0144 dobry Kocham ci\u0119 To zapyzia\u0142e miasto niech o tym wie Dzie\u0144 dobry Kocham ci\u0119 Ju\u017c posmarowa\u0142em tob\u0105 chleb Dzie\u0144 dobry Kocham ci\u0119 Nie chce ci\u0119 z oczu straci\u0107 wi\u0119c Jeszcze wi\u0119cej Jeszcze wi\u0119cej Jeszcze wi\u0119cej Dzie\u0144 dobry Kocham ci\u0119 Podzielimy dzi\u015b ten ogie\u0144 na dwoje Para-twoje Para-moje Onomatopeiczne Paranormalne Paranoje D-dwoje Para-moje Para-twoje Onomatopeiczne Paranormalne Paranoje D-dwoje Ogarnij sklep Strachy na Lachy! Dzie\u0144 dobry, kocham Ci\u0119 \u2013 tekst, wykonawca i p\u0142yta \u201eDzie\u0144 dobry, kocham Ci\u0119\u201d to jedna z najs\u0142ynniejszych piosenek zespo\u0142u Strachy na Lachy. Utw\u00f3r pojawi\u0142 si\u0119 na albumie \u201ePi\u0142a Tango\u201d z 2005 roku i b\u0142yskawicznie podbi\u0142 serca fan\u00f3w rocka w ca\u0142ej Polsce. Zaj\u0105\u0142 m.in. 8 miejsce na li\u015bcie przeboj\u00f3w Programu Trzeciego (LP3) i 2 miejsce na Szczeci\u0144skiej Li\u015bcie Przeboj\u00f3w (SLiP). S\u0142owa utworu Dzie\u0144 dobry, kocham Ci\u0119 nios\u0105 za sob\u0105 g\u0142\u0119bsze przes\u0142anie. W swoim tek\u015bcie Graba\u017c w metaforyczny spos\u00f3b opisuje idealn\u0105 mi\u0142o\u015b\u0107, kt\u00f3r\u0105 przedstawia w serii por\u00f3wna\u0144 kulinarnych. Samotne \u017cycie jest dla niego such\u0105 i nudn\u0105 kromk\u0105 chleba, z kolei uczucie ukochanej osoby to mas\u0142o, kt\u00f3re nadaje jej smaku. Sam artysta jest bardzo dumny ze swojej piosenki i ch\u0119tnie \u015bpiewa j\u0105 na wszystkich koncertach. Jak twierdzi, by\u0142a ona prze\u0142omem, kt\u00f3ry \u201epodzieli\u0142 jego artystyczne \u017cycie na p\u00f3\u0142\u201d. Kawa\u0142ek otrzyma\u0142 w\u0142asny teledysk, kt\u00f3ry obejrzysz w serwisie YouTube.\" \/>\n<meta property=\"og:url\" content=\"https:\/\/www.carton.pl\/blog\/tekst-piosenki-grabaz-i-strachy-na-lachy-dzien-dobry-kocham-cie\/\" \/>\n<meta property=\"og:site_name\" content=\"BLOG carton.pl\" \/>\n<meta property=\"article:published_time\" content=\"2022-11-10T13:39:47+00:00\" \/>\n<meta property=\"article:modified_time\" content=\"2022-11-10T13:39:52+00:00\" \/>\n<meta property=\"og:image\" content=\"https:\/\/www.carton.pl\/blog\/wp-content\/uploads\/2022\/11\/DZIEN-DOBRY-KOCHAM-CIE-BLOG.jpg\" \/>\n\t<meta property=\"og:image:width\" content=\"900\" \/>\n\t<meta property=\"og:image:height\" content=\"600\" \/>\n\t<meta property=\"og:image:type\" content=\"image\/jpeg\" \/>\n<meta name=\"author\" content=\"Tomek\" \/>\n<meta name=\"twitter:card\" content=\"summary_large_image\" \/>\n<meta name=\"twitter:label1\" content=\"Napisane przez\" \/>\n\t<meta name=\"twitter:data1\" content=\"Tomek\" \/>\n\t<meta name=\"twitter:label2\" content=\"Szacowany czas czytania\" \/>\n\t<meta name=\"twitter:data2\" content=\"3 minuty\" \/>\n<script type=\"application\/ld+json\" class=\"yoast-schema-graph\">{\"@context\":\"https:\/\/schema.org\",\"@graph\":[{\"@type\":\"Article\",\"@id\":\"https:\/\/www.carton.pl\/blog\/tekst-piosenki-grabaz-i-strachy-na-lachy-dzien-dobry-kocham-cie\/#article\",\"isPartOf\":{\"@id\":\"https:\/\/www.carton.pl\/blog\/tekst-piosenki-grabaz-i-strachy-na-lachy-dzien-dobry-kocham-cie\/\"},\"author\":{\"name\":\"Tomek\",\"@id\":\"https:\/\/www.carton.pl\/blog\/#\/schema\/person\/de344cca6ded145c31c54b7017bb2d1d\"},\"headline\":\"Tekst piosenki Graba\u017c i Strachy na Lachy \u2013 \u201eDzie\u0144 dobry, kocham Ci\u0119\u201d.\",\"datePublished\":\"2022-11-10T13:39:47+00:00\",\"dateModified\":\"2022-11-10T13:39:52+00:00\",\"mainEntityOfPage\":{\"@id\":\"https:\/\/www.carton.pl\/blog\/tekst-piosenki-grabaz-i-strachy-na-lachy-dzien-dobry-kocham-cie\/\"},\"wordCount\":477,\"publisher\":{\"@id\":\"https:\/\/www.carton.pl\/blog\/#organization\"},\"image\":{\"@id\":\"https:\/\/www.carton.pl\/blog\/tekst-piosenki-grabaz-i-strachy-na-lachy-dzien-dobry-kocham-cie\/#primaryimage\"},\"thumbnailUrl\":\"https:\/\/www.carton.pl\/blog\/wp-content\/uploads\/2022\/11\/DZIEN-DOBRY-KOCHAM-CIE-BLOG.jpg\",\"articleSection\":[\"Zespo\u0142y\"],\"inLanguage\":\"pl-PL\"},{\"@type\":\"WebPage\",\"@id\":\"https:\/\/www.carton.pl\/blog\/tekst-piosenki-grabaz-i-strachy-na-lachy-dzien-dobry-kocham-cie\/\",\"url\":\"https:\/\/www.carton.pl\/blog\/tekst-piosenki-grabaz-i-strachy-na-lachy-dzien-dobry-kocham-cie\/\",\"name\":\"Tekst piosenki Graba\u017c i Strachy na Lachy \u2013 \u201eDzie\u0144 dobry, kocham Ci\u0119\u201d. - BLOG carton.pl\",\"isPartOf\":{\"@id\":\"https:\/\/www.carton.pl\/blog\/#website\"},\"primaryImageOfPage\":{\"@id\":\"https:\/\/www.carton.pl\/blog\/tekst-piosenki-grabaz-i-strachy-na-lachy-dzien-dobry-kocham-cie\/#primaryimage\"},\"image\":{\"@id\":\"https:\/\/www.carton.pl\/blog\/tekst-piosenki-grabaz-i-strachy-na-lachy-dzien-dobry-kocham-cie\/#primaryimage\"},\"thumbnailUrl\":\"https:\/\/www.carton.pl\/blog\/wp-content\/uploads\/2022\/11\/DZIEN-DOBRY-KOCHAM-CIE-BLOG.jpg\",\"datePublished\":\"2022-11-10T13:39:47+00:00\",\"dateModified\":\"2022-11-10T13:39:52+00:00\",\"breadcrumb\":{\"@id\":\"https:\/\/www.carton.pl\/blog\/tekst-piosenki-grabaz-i-strachy-na-lachy-dzien-dobry-kocham-cie\/#breadcrumb\"},\"inLanguage\":\"pl-PL\",\"potentialAction\":[{\"@type\":\"ReadAction\",\"target\":[\"https:\/\/www.carton.pl\/blog\/tekst-piosenki-grabaz-i-strachy-na-lachy-dzien-dobry-kocham-cie\/\"]}]},{\"@type\":\"ImageObject\",\"inLanguage\":\"pl-PL\",\"@id\":\"https:\/\/www.carton.pl\/blog\/tekst-piosenki-grabaz-i-strachy-na-lachy-dzien-dobry-kocham-cie\/#primaryimage\",\"url\":\"https:\/\/www.carton.pl\/blog\/wp-content\/uploads\/2022\/11\/DZIEN-DOBRY-KOCHAM-CIE-BLOG.jpg\",\"contentUrl\":\"https:\/\/www.carton.pl\/blog\/wp-content\/uploads\/2022\/11\/DZIEN-DOBRY-KOCHAM-CIE-BLOG.jpg\",\"width\":900,\"height\":600,\"caption\":\"Tekst piosenki Graba\u017c i Strachy na Lachy \u2013 \u201eDzie\u0144 dobry, kocham Ci\u0119\u201d.\"},{\"@type\":\"BreadcrumbList\",\"@id\":\"https:\/\/www.carton.pl\/blog\/tekst-piosenki-grabaz-i-strachy-na-lachy-dzien-dobry-kocham-cie\/#breadcrumb\",\"itemListElement\":[{\"@type\":\"ListItem\",\"position\":1,\"name\":\"Strona g\u0142\u00f3wna\",\"item\":\"https:\/\/www.carton.pl\/blog\/\"},{\"@type\":\"ListItem\",\"position\":2,\"name\":\"Tekst piosenki Graba\u017c i Strachy na Lachy \u2013 \u201eDzie\u0144 dobry, kocham Ci\u0119\u201d.\"}]},{\"@type\":\"WebSite\",\"@id\":\"https:\/\/www.carton.pl\/blog\/#website\",\"url\":\"https:\/\/www.carton.pl\/blog\/\",\"name\":\"BLOG carton.pl\",\"description\":\"Zespo\u0142y, ciuchy, muzyka - o tym piszemy\",\"publisher\":{\"@id\":\"https:\/\/www.carton.pl\/blog\/#organization\"},\"potentialAction\":[{\"@type\":\"SearchAction\",\"target\":{\"@type\":\"EntryPoint\",\"urlTemplate\":\"https:\/\/www.carton.pl\/blog\/?s={search_term_string}\"},\"query-input\":{\"@type\":\"PropertyValueSpecification\",\"valueRequired\":true,\"valueName\":\"search_term_string\"}}],\"inLanguage\":\"pl-PL\"},{\"@type\":\"Organization\",\"@id\":\"https:\/\/www.carton.pl\/blog\/#organization\",\"name\":\"CARTON Tomasz Kowalski\",\"url\":\"https:\/\/www.carton.pl\/blog\/\",\"logo\":{\"@type\":\"ImageObject\",\"inLanguage\":\"pl-PL\",\"@id\":\"https:\/\/www.carton.pl\/blog\/#\/schema\/logo\/image\/\",\"url\":\"https:\/\/carton.pl\/blog\/wp-content\/uploads\/2021\/12\/carton_merch_logo.png\",\"contentUrl\":\"https:\/\/carton.pl\/blog\/wp-content\/uploads\/2021\/12\/carton_merch_logo.png\",\"width\":205,\"height\":56,\"caption\":\"CARTON Tomasz Kowalski\"},\"image\":{\"@id\":\"https:\/\/www.carton.pl\/blog\/#\/schema\/logo\/image\/\"}},{\"@type\":\"Person\",\"@id\":\"https:\/\/www.carton.pl\/blog\/#\/schema\/person\/de344cca6ded145c31c54b7017bb2d1d\",\"name\":\"Tomek\",\"image\":{\"@type\":\"ImageObject\",\"inLanguage\":\"pl-PL\",\"@id\":\"https:\/\/www.carton.pl\/blog\/#\/schema\/person\/image\/\",\"url\":\"https:\/\/secure.gravatar.com\/avatar\/c2a11a2e6f85d610387f5fc3605cf6b2b1af61f0ffb9fa4669a13a3e4c0e1281?s=96&d=mm&r=g\",\"contentUrl\":\"https:\/\/secure.gravatar.com\/avatar\/c2a11a2e6f85d610387f5fc3605cf6b2b1af61f0ffb9fa4669a13a3e4c0e1281?s=96&d=mm&r=g\",\"caption\":\"Tomek\"},\"url\":\"https:\/\/www.carton.pl\/blog\/author\/carton\/\"}]}<\/script>\n<!-- \/ Yoast SEO plugin. -->","yoast_head_json":{"title":"Tekst piosenki Graba\u017c i Strachy na Lachy \u2013 \u201eDzie\u0144 dobry, kocham Ci\u0119\u201d. - BLOG carton.pl","robots":{"index":"index","follow":"follow","max-snippet":"max-snippet:-1","max-image-preview":"max-image-preview:large","max-video-preview":"max-video-preview:-1"},"canonical":"https:\/\/www.carton.pl\/blog\/tekst-piosenki-grabaz-i-strachy-na-lachy-dzien-dobry-kocham-cie\/","og_locale":"pl_PL","og_type":"article","og_title":"Tekst piosenki Graba\u017c i Strachy na Lachy \u2013 \u201eDzie\u0144 dobry, kocham Ci\u0119\u201d. - BLOG carton.pl","og_description":"Bo chodzi o to by od siebie Nie upa\u015b\u0107 za daleko Jak te dwa \u0142yse kamienie nad rzek\u0105 Chodzi o to By pierwsze chcia\u0142o s\u0142ucha\u0107 Co mu to drugie Powiedzie\u0107 chce do ucha \u017be po mej g\u0142owie? Czasem si\u0119 ich boje Chodz\u0105 s\u0142owa nie do powiedzenia Nie-do-powiedzenia (nie-do-powiedzenia) Chodz\u0105 s\u0142owa nie do powiedzenia Nie-do-powiedzenia Dzie\u0144 dobry Kocham ci\u0119 Ju\u017c posmarowa\u0142em tob\u0105 chleb Dzie\u0144 dobry Kocham ci\u0119 Nie chce ci\u0119 z oczu straci\u0107 wi\u0119c Jeszcze wi\u0119cej dzie\u0144 dobry Kocham ci\u0119 Podzielimy dzi\u015b ten ogie\u0144 na dwoje Dzie\u0144 dobry Kocham ci\u0119 To zapyzia\u0142e miasto niech o tym wie Tu chodzi o to by od siebie Nie upa\u015b\u0107 za daleko Kiedy d\u0142ugo drugie Nie widzi pierwszego Bo gdy siedzi cz\u0142ek samemu Z czarnymi my\u015blami Cz\u0142owiek rzuca s\u0142uchawkami Rzuca s\u0142uchawkami Bo chodzi o to by od siebie Nie upa\u015b\u0107 za daleko Nawet je\u015bli czasem mi\u0119dzy nami wykipi mleko Cho\u0107by\u015b nawet i wieczorem zasypia\u0142a zdo\u0142owana Chcia\u0142bym ci za\u015bpiewa\u0107 z rana M\u00f3c ci za\u015bpiewa\u0107 z rana Kochana&#8230; Dzie\u0144 dobry Kocham ci\u0119 Ju\u017c posmarowa\u0142em tob\u0105 chleb Dzie\u0144 dobry Kocham ci\u0119 Nie chce ci\u0119 z oczu straci\u0107 wi\u0119c Jeszcze wi\u0119cej dzie\u0144 dobry Kocham ci\u0119 Podzielimy dzi\u015b ten ogie\u0144 na dwoje Dzie\u0144 dobry Kocham ci\u0119 To zapyzia\u0142e miasto niech o tym wie Dzie\u0144 dobry Kocham ci\u0119 Ju\u017c posmarowa\u0142em tob\u0105 chleb Dzie\u0144 dobry Kocham ci\u0119 Nie chce ci\u0119 z oczu straci\u0107 wi\u0119c Jeszcze wi\u0119cej Jeszcze wi\u0119cej Jeszcze wi\u0119cej Dzie\u0144 dobry Kocham ci\u0119 Podzielimy dzi\u015b ten ogie\u0144 na dwoje Para-twoje Para-moje Onomatopeiczne Paranormalne Paranoje D-dwoje Para-moje Para-twoje Onomatopeiczne Paranormalne Paranoje D-dwoje Ogarnij sklep Strachy na Lachy! Dzie\u0144 dobry, kocham Ci\u0119 \u2013 tekst, wykonawca i p\u0142yta \u201eDzie\u0144 dobry, kocham Ci\u0119\u201d to jedna z najs\u0142ynniejszych piosenek zespo\u0142u Strachy na Lachy. Utw\u00f3r pojawi\u0142 si\u0119 na albumie \u201ePi\u0142a Tango\u201d z 2005 roku i b\u0142yskawicznie podbi\u0142 serca fan\u00f3w rocka w ca\u0142ej Polsce. Zaj\u0105\u0142 m.in. 8 miejsce na li\u015bcie przeboj\u00f3w Programu Trzeciego (LP3) i 2 miejsce na Szczeci\u0144skiej Li\u015bcie Przeboj\u00f3w (SLiP). S\u0142owa utworu Dzie\u0144 dobry, kocham Ci\u0119 nios\u0105 za sob\u0105 g\u0142\u0119bsze przes\u0142anie. W swoim tek\u015bcie Graba\u017c w metaforyczny spos\u00f3b opisuje idealn\u0105 mi\u0142o\u015b\u0107, kt\u00f3r\u0105 przedstawia w serii por\u00f3wna\u0144 kulinarnych. Samotne \u017cycie jest dla niego such\u0105 i nudn\u0105 kromk\u0105 chleba, z kolei uczucie ukochanej osoby to mas\u0142o, kt\u00f3re nadaje jej smaku. Sam artysta jest bardzo dumny ze swojej piosenki i ch\u0119tnie \u015bpiewa j\u0105 na wszystkich koncertach. Jak twierdzi, by\u0142a ona prze\u0142omem, kt\u00f3ry \u201epodzieli\u0142 jego artystyczne \u017cycie na p\u00f3\u0142\u201d. Kawa\u0142ek otrzyma\u0142 w\u0142asny teledysk, kt\u00f3ry obejrzysz w serwisie YouTube.","og_url":"https:\/\/www.carton.pl\/blog\/tekst-piosenki-grabaz-i-strachy-na-lachy-dzien-dobry-kocham-cie\/","og_site_name":"BLOG carton.pl","article_published_time":"2022-11-10T13:39:47+00:00","article_modified_time":"2022-11-10T13:39:52+00:00","og_image":[{"width":900,"height":600,"url":"https:\/\/www.carton.pl\/blog\/wp-content\/uploads\/2022\/11\/DZIEN-DOBRY-KOCHAM-CIE-BLOG.jpg","type":"image\/jpeg"}],"author":"Tomek","twitter_card":"summary_large_image","twitter_misc":{"Napisane przez":"Tomek","Szacowany czas czytania":"3 minuty"},"schema":{"@context":"https:\/\/schema.org","@graph":[{"@type":"Article","@id":"https:\/\/www.carton.pl\/blog\/tekst-piosenki-grabaz-i-strachy-na-lachy-dzien-dobry-kocham-cie\/#article","isPartOf":{"@id":"https:\/\/www.carton.pl\/blog\/tekst-piosenki-grabaz-i-strachy-na-lachy-dzien-dobry-kocham-cie\/"},"author":{"name":"Tomek","@id":"https:\/\/www.carton.pl\/blog\/#\/schema\/person\/de344cca6ded145c31c54b7017bb2d1d"},"headline":"Tekst piosenki Graba\u017c i Strachy na Lachy \u2013 \u201eDzie\u0144 dobry, kocham Ci\u0119\u201d.","datePublished":"2022-11-10T13:39:47+00:00","dateModified":"2022-11-10T13:39:52+00:00","mainEntityOfPage":{"@id":"https:\/\/www.carton.pl\/blog\/tekst-piosenki-grabaz-i-strachy-na-lachy-dzien-dobry-kocham-cie\/"},"wordCount":477,"publisher":{"@id":"https:\/\/www.carton.pl\/blog\/#organization"},"image":{"@id":"https:\/\/www.carton.pl\/blog\/tekst-piosenki-grabaz-i-strachy-na-lachy-dzien-dobry-kocham-cie\/#primaryimage"},"thumbnailUrl":"https:\/\/www.carton.pl\/blog\/wp-content\/uploads\/2022\/11\/DZIEN-DOBRY-KOCHAM-CIE-BLOG.jpg","articleSection":["Zespo\u0142y"],"inLanguage":"pl-PL"},{"@type":"WebPage","@id":"https:\/\/www.carton.pl\/blog\/tekst-piosenki-grabaz-i-strachy-na-lachy-dzien-dobry-kocham-cie\/","url":"https:\/\/www.carton.pl\/blog\/tekst-piosenki-grabaz-i-strachy-na-lachy-dzien-dobry-kocham-cie\/","name":"Tekst piosenki Graba\u017c i Strachy na Lachy \u2013 \u201eDzie\u0144 dobry, kocham Ci\u0119\u201d. - BLOG carton.pl","isPartOf":{"@id":"https:\/\/www.carton.pl\/blog\/#website"},"primaryImageOfPage":{"@id":"https:\/\/www.carton.pl\/blog\/tekst-piosenki-grabaz-i-strachy-na-lachy-dzien-dobry-kocham-cie\/#primaryimage"},"image":{"@id":"https:\/\/www.carton.pl\/blog\/tekst-piosenki-grabaz-i-strachy-na-lachy-dzien-dobry-kocham-cie\/#primaryimage"},"thumbnailUrl":"https:\/\/www.carton.pl\/blog\/wp-content\/uploads\/2022\/11\/DZIEN-DOBRY-KOCHAM-CIE-BLOG.jpg","datePublished":"2022-11-10T13:39:47+00:00","dateModified":"2022-11-10T13:39:52+00:00","breadcrumb":{"@id":"https:\/\/www.carton.pl\/blog\/tekst-piosenki-grabaz-i-strachy-na-lachy-dzien-dobry-kocham-cie\/#breadcrumb"},"inLanguage":"pl-PL","potentialAction":[{"@type":"ReadAction","target":["https:\/\/www.carton.pl\/blog\/tekst-piosenki-grabaz-i-strachy-na-lachy-dzien-dobry-kocham-cie\/"]}]},{"@type":"ImageObject","inLanguage":"pl-PL","@id":"https:\/\/www.carton.pl\/blog\/tekst-piosenki-grabaz-i-strachy-na-lachy-dzien-dobry-kocham-cie\/#primaryimage","url":"https:\/\/www.carton.pl\/blog\/wp-content\/uploads\/2022\/11\/DZIEN-DOBRY-KOCHAM-CIE-BLOG.jpg","contentUrl":"https:\/\/www.carton.pl\/blog\/wp-content\/uploads\/2022\/11\/DZIEN-DOBRY-KOCHAM-CIE-BLOG.jpg","width":900,"height":600,"caption":"Tekst piosenki Graba\u017c i Strachy na Lachy \u2013 \u201eDzie\u0144 dobry, kocham Ci\u0119\u201d."},{"@type":"BreadcrumbList","@id":"https:\/\/www.carton.pl\/blog\/tekst-piosenki-grabaz-i-strachy-na-lachy-dzien-dobry-kocham-cie\/#breadcrumb","itemListElement":[{"@type":"ListItem","position":1,"name":"Strona g\u0142\u00f3wna","item":"https:\/\/www.carton.pl\/blog\/"},{"@type":"ListItem","position":2,"name":"Tekst piosenki Graba\u017c i Strachy na Lachy \u2013 \u201eDzie\u0144 dobry, kocham Ci\u0119\u201d."}]},{"@type":"WebSite","@id":"https:\/\/www.carton.pl\/blog\/#website","url":"https:\/\/www.carton.pl\/blog\/","name":"BLOG carton.pl","description":"Zespo\u0142y, ciuchy, muzyka - o tym piszemy","publisher":{"@id":"https:\/\/www.carton.pl\/blog\/#organization"},"potentialAction":[{"@type":"SearchAction","target":{"@type":"EntryPoint","urlTemplate":"https:\/\/www.carton.pl\/blog\/?s={search_term_string}"},"query-input":{"@type":"PropertyValueSpecification","valueRequired":true,"valueName":"search_term_string"}}],"inLanguage":"pl-PL"},{"@type":"Organization","@id":"https:\/\/www.carton.pl\/blog\/#organization","name":"CARTON Tomasz Kowalski","url":"https:\/\/www.carton.pl\/blog\/","logo":{"@type":"ImageObject","inLanguage":"pl-PL","@id":"https:\/\/www.carton.pl\/blog\/#\/schema\/logo\/image\/","url":"https:\/\/carton.pl\/blog\/wp-content\/uploads\/2021\/12\/carton_merch_logo.png","contentUrl":"https:\/\/carton.pl\/blog\/wp-content\/uploads\/2021\/12\/carton_merch_logo.png","width":205,"height":56,"caption":"CARTON Tomasz Kowalski"},"image":{"@id":"https:\/\/www.carton.pl\/blog\/#\/schema\/logo\/image\/"}},{"@type":"Person","@id":"https:\/\/www.carton.pl\/blog\/#\/schema\/person\/de344cca6ded145c31c54b7017bb2d1d","name":"Tomek","image":{"@type":"ImageObject","inLanguage":"pl-PL","@id":"https:\/\/www.carton.pl\/blog\/#\/schema\/person\/image\/","url":"https:\/\/secure.gravatar.com\/avatar\/c2a11a2e6f85d610387f5fc3605cf6b2b1af61f0ffb9fa4669a13a3e4c0e1281?s=96&d=mm&r=g","contentUrl":"https:\/\/secure.gravatar.com\/avatar\/c2a11a2e6f85d610387f5fc3605cf6b2b1af61f0ffb9fa4669a13a3e4c0e1281?s=96&d=mm&r=g","caption":"Tomek"},"url":"https:\/\/www.carton.pl\/blog\/author\/carton\/"}]}},"_links":{"self":[{"href":"https:\/\/www.carton.pl\/blog\/wp-json\/wp\/v2\/posts\/823","targetHints":{"allow":["GET"]}}],"collection":[{"href":"https:\/\/www.carton.pl\/blog\/wp-json\/wp\/v2\/posts"}],"about":[{"href":"https:\/\/www.carton.pl\/blog\/wp-json\/wp\/v2\/types\/post"}],"author":[{"embeddable":true,"href":"https:\/\/www.carton.pl\/blog\/wp-json\/wp\/v2\/users\/2"}],"replies":[{"embeddable":true,"href":"https:\/\/www.carton.pl\/blog\/wp-json\/wp\/v2\/comments?post=823"}],"version-history":[{"count":1,"href":"https:\/\/www.carton.pl\/blog\/wp-json\/wp\/v2\/posts\/823\/revisions"}],"predecessor-version":[{"id":826,"href":"https:\/\/www.carton.pl\/blog\/wp-json\/wp\/v2\/posts\/823\/revisions\/826"}],"wp:featuredmedia":[{"embeddable":true,"href":"https:\/\/www.carton.pl\/blog\/wp-json\/wp\/v2\/media\/825"}],"wp:attachment":[{"href":"https:\/\/www.carton.pl\/blog\/wp-json\/wp\/v2\/media?parent=823"}],"wp:term":[{"taxonomy":"category","embeddable":true,"href":"https:\/\/www.carton.pl\/blog\/wp-json\/wp\/v2\/categories?post=823"},{"taxonomy":"post_tag","embeddable":true,"href":"https:\/\/www.carton.pl\/blog\/wp-json\/wp\/v2\/tags?post=823"}],"curies":[{"name":"wp","href":"https:\/\/api.w.org\/{rel}","templated":true}]}}