{"id":897,"date":"2023-03-27T15:51:44","date_gmt":"2023-03-27T13:51:44","guid":{"rendered":"https:\/\/www.carton.pl\/blog\/?p=897"},"modified":"2023-04-04T14:09:16","modified_gmt":"2023-04-04T12:09:16","slug":"jak-wyglada-stylizacja-w-stylu-punk-rock","status":"publish","type":"post","link":"https:\/\/www.carton.pl\/blog\/jak-wyglada-stylizacja-w-stylu-punk-rock\/","title":{"rendered":"Jak wygl\u0105da stylizacja w stylu punk rock?"},"content":{"rendered":"\n<p>W latach 70. XX nikt nie spodziewa\u0142 si\u0119, \u017ce bunt przeciwko systemowi, wszelkim podzia\u0142om spo\u0142ecznym czy dyskryminacji narodzi nowy nurt w modzie. W praktyce styl punk mia\u0142 by\u0107 chwilow\u0105 odpowiedzi\u0105 na tradycyjne warto\u015bci, a z czasem sta\u0142 si\u0119 czym\u015b o wiele wi\u0119cej.&nbsp;<\/p>\n\n\n\n<p>Obecnie moda punkowa, kt\u00f3ra wyros\u0142a wok\u00f3\u0142 subkultury punk to unikalny spos\u00f3b na wyra\u017canie siebie i dzielenie si\u0119 swoimi warto\u015bciami. Je\u015bli chcesz ubiera\u0107 si\u0119 w stylu punk, to stawiaj na konkretne elementy, kt\u00f3re s\u0105 charakterystyczne w stroju punka, takie jak: dodatki ze sk\u00f3ry, jeansowe spodnie, koszulki. To oczywi\u015bcie nie wszystko. Punk rock w Polsce to szeroki temat, dlatego stworzenie stylizacji w stylu punkowym mo\u017ce by\u0107 wymagaj\u0105ce.\u00a0<\/p>\n\n\n\n<!--more-->\n\n\n\n<h2 class=\"wp-block-heading\"><strong>Moda punkowa \u2013 charakterystyczne elementy i kolory&nbsp;<\/strong><\/h2>\n\n\n\n<p>Nie szukaj mocnych kolor\u00f3w w stroju panka \u2013 nie ma tam dla nich miejsca. Moda punkowa to przede wszystkim krata, sk\u00f3rzane tkaniny, kt\u00f3re naznaczone zosta\u0142y przez czas, poprzecierane, cz\u0119sto specjalnie zniszczone materia\u0142y oraz sprane nadruki przedstawiaj\u0105ce pewne pogl\u0105dy, loga ulubionych zespo\u0142\u00f3w i wiele wi\u0119cej.&nbsp;<\/p>\n\n\n\n<p>W punkowym ubiorze stawia si\u0119 r\u00f3wnie\u017c na lu\u017ane kroje i dba o to, by stylizacja by\u0142a poniek\u0105d mroczna, ale nie dyskryminuj\u0105ca czy nawo\u0142uj\u0105ca do agresji. Cz\u0119sto moda punkowa mylona jest z grunge \u2013 cho\u0107 s\u0105 one do siebie podane, to r\u00f3\u017cnic jest zdecydowanie wi\u0119cej.&nbsp;<\/p>\n\n\n\n<p>Wchodz\u0105c g\u0142\u0119biej w subkultur\u0119 punk, mo\u017cesz zauwa\u017cy\u0107, \u017ce du\u017c\u0105 rol\u0119 odgrywaj\u0105 r\u00f3wnie\u017c kolory ubra\u0144; tak, jak w\u0142osy cz\u0119sto barwione s\u0105 na przyci\u0105gaj\u0105ce uwag\u0119 kolory, tak odzie\u017c nie powinna wychodzi\u0107 poza ramy klasyki, a najlepiej, aby by\u0142a w kolorach czerni, szaro\u015bci, granatu lub ewentualnie posiada\u0142a czerwone elementy. Stylizacj\u0119 w stylu punk mo\u017cna prze\u0142ama\u0107 barw\u0105 bia\u0142\u0105, na przyk\u0142ad przemycan\u0105 w formie nadruku na koszulce.&nbsp;<\/p>\n\n\n\n<h2 class=\"wp-block-heading\"><strong>Co wyr\u00f3\u017cnia punkow\u0105 stylizacj\u0119?<\/strong><\/h2>\n\n\n\n<p>To, co jest g\u0142\u00f3wnym wyr\u00f3\u017cnikiem punkowej stylizacji to przede wszystkim fakt, \u017ce wszystkie ubrania wygl\u0105daj\u0105 wyzywaj\u0105c\u0105, a ich zadaniem jest przyci\u0105gni\u0119cie uwagi innych. Nie bez powodu maj\u0105 wiele dziur, przetar\u0107, krzykliwych detali i kontrowersyjnych dodatk\u00f3w \u2013 w latach 70. XX wieku subkultura punk mia\u0142a za zadanie walczy\u0107 z nieprawid\u0142owo\u015bciami w systemie.&nbsp;<\/p>\n\n\n\n<p>Moda punkowa wyr\u00f3\u017cnia si\u0119 r\u00f3wnie\u017c du\u017c\u0105 ilo\u015bci\u0105 detali m.in.: metalowymi guzikami czy wyj\u0105tkowo odwa\u017cn\u0105 bi\u017cuteri\u0105, na przyk\u0142ad tak\u0105, kt\u00f3ra stworzona zosta\u0142a z \u0142a\u0144cuch\u00f3w oraz sk\u00f3ry. Kobiece stylizacje okraszone s\u0105 kr\u00f3tkimi sp\u00f3dniczkami czy dziurawymi rajstopami, kt\u00f3re dodatkowo maj\u0105 zwraca\u0107 uwag\u0119 i budzi\u0107 kontrowersje. Str\u00f3j punka cz\u0119sto jest synonimem wewn\u0119trznego krzyku \u2013 to w\u0142a\u015bnie spos\u00f3b na pokazanie &#8220;jestem tu i nie zgadzam si\u0119 z tym, jak wygl\u0105da ten \u015bwiat&#8221;.&nbsp;<\/p>\n\n\n\n<h2 class=\"wp-block-heading\"><strong>Fryzury w subkulturze punk&nbsp;<\/strong><\/h2>\n\n\n\n<p>W subkulturze punkowej fryzury by\u0142y bardzo wa\u017cnym elementem stylu i sposobu wyra\u017cania si\u0119. Pocz\u0105tkowo w latach 70. dominowa\u0142 tzw. &#8220;punkowy czubek&#8221; &#8211; kr\u00f3tkie w\u0142osy z d\u0142ug\u0105 grzywk\u0105 u g\u00f3ry g\u0142owy, kt\u00f3rej ko\u0144ce by\u0142y cz\u0119sto farbowane na jaskrawe kolory. W latach 80. pojawi\u0142y si\u0119 bardziej radykalne i ekstrawaganckie fryzury, takie jak &#8220;mohawk&#8221; &#8211; wysoka, g\u0142adka grzywka na \u015brodku g\u0142owy, kt\u00f3r\u0105 mo\u017cna by\u0142o farbowa\u0107 na r\u00f3\u017cne kolory. Nie powinno zapomina\u0107 si\u0119 o &#8220;liberty spikes&#8221;, czyli wielu d\u0142ugich, ostrzy\u017conych pasmach w\u0142os\u00f3w u\u0142o\u017conych w stercz\u0105ce na boki kolce.<\/p>\n\n\n\n<p>Ponadto, w subkulturze punkowej popularne by\u0142y r\u00f3wnie\u017c ostrzy\u017cone boki i kr\u00f3tkie, cieniowane w\u0142osy u g\u00f3ry g\u0142owy, kt\u00f3re mo\u017cna by\u0142o uk\u0142ada\u0107 na r\u00f3\u017cne sposoby, a tak\u017ce dredy, czyli zapuszczone, splecione kosmyki w\u0142os\u00f3w. Fryzury w subkulturze punkowej by\u0142y zazwyczaj bardzo ekstrawaganckie i mia\u0142y wyra\u017ca\u0107 bunt i niezale\u017cno\u015b\u0107. By\u0142y one cz\u0119sto \u0142\u0105czone z charakterystycznymi ubraniami i dodatkami, takimi jak sk\u00f3rzane kurtki, kowbojskie buty, kolczyki, naszyjniki czy \u0142a\u0144cuchy.<\/p>\n\n\n\n<p><strong>Czytaj te\u017c:<\/strong><\/p>\n\n\n\n<p><a href=\"https:\/\/www.carton.pl\/blog\/kolory-rasta-co-oznaczaja-kolory-reggae\/\">Kolory rasta \u2013 Co oznaczaj\u0105 kolory Reggae?<\/a><\/p>\n\n\n\n<p><a href=\"https:\/\/www.carton.pl\/blog\/wybierz-porzadna-koszulke-jak-rozpoznac-t-shirt-dobrej-jakosci\/\">Wybierz porz\u0105dn\u0105 koszulk\u0119! Jak rozpozna\u0107 t-shirt dobrej jako\u015bci?<\/a><\/p>\n\n\n\n<p><a href=\"https:\/\/www.carton.pl\/blog\/muzyczna-historia-polskiego-rocka-i-punka-ktore-utwory-i-wykonawcow-lubisz\/\">Muzyczna historia polskiego rocka i punka. Kt\u00f3re utwory i wykonawc\u00f3w lubisz?<\/a><\/p>\n\n\n\n<div style=\"height:50px\" aria-hidden=\"true\" class=\"wp-block-spacer\"><\/div>\n\n\n\n<p class=\"has-text-align-center\"><strong>Ogarnij nasze <a href=\"https:\/\/www.carton.pl\/produkty\/koszulki\">koszulki rockowe<\/a><\/strong><\/p>\n\n\n\n<figure class=\"wp-block-gallery has-nested-images columns-5 is-cropped wp-block-gallery-1 is-layout-flex wp-block-gallery-is-layout-flex\">\n<figure class=\"wp-block-image size-full\"><img loading=\"lazy\" decoding=\"async\" width=\"360\" height=\"539\" data-id=\"753\" src=\"https:\/\/www.carton.pl\/blog\/wp-content\/uploads\/2022\/09\/mm_1_1_K_817-01.jpg\" alt=\"\" class=\"wp-image-753\" srcset=\"https:\/\/www.carton.pl\/blog\/wp-content\/uploads\/2022\/09\/mm_1_1_K_817-01.jpg 360w, https:\/\/www.carton.pl\/blog\/wp-content\/uploads\/2022\/09\/mm_1_1_K_817-01-200x300.jpg 200w\" sizes=\"auto, (max-width: 360px) 100vw, 360px\" \/><\/figure>\n\n\n\n<figure class=\"wp-block-image size-full\"><img loading=\"lazy\" decoding=\"async\" width=\"360\" height=\"539\" data-id=\"724\" src=\"https:\/\/www.carton.pl\/blog\/wp-content\/uploads\/2022\/08\/mm_1_1_K_643-01.jpg\" alt=\"\" class=\"wp-image-724\" srcset=\"https:\/\/www.carton.pl\/blog\/wp-content\/uploads\/2022\/08\/mm_1_1_K_643-01.jpg 360w, https:\/\/www.carton.pl\/blog\/wp-content\/uploads\/2022\/08\/mm_1_1_K_643-01-200x300.jpg 200w\" sizes=\"auto, (max-width: 360px) 100vw, 360px\" \/><\/figure>\n\n\n\n<figure class=\"wp-block-image size-full\"><img loading=\"lazy\" decoding=\"async\" width=\"360\" height=\"539\" data-id=\"701\" src=\"https:\/\/www.carton.pl\/blog\/wp-content\/uploads\/2022\/08\/mm_1_1_K_759-01.jpg\" alt=\"\" class=\"wp-image-701\" srcset=\"https:\/\/www.carton.pl\/blog\/wp-content\/uploads\/2022\/08\/mm_1_1_K_759-01.jpg 360w, https:\/\/www.carton.pl\/blog\/wp-content\/uploads\/2022\/08\/mm_1_1_K_759-01-200x300.jpg 200w\" sizes=\"auto, (max-width: 360px) 100vw, 360px\" \/><\/figure>\n\n\n\n<figure class=\"wp-block-image size-full\"><img loading=\"lazy\" decoding=\"async\" width=\"360\" height=\"539\" data-id=\"674\" src=\"https:\/\/www.carton.pl\/blog\/wp-content\/uploads\/2022\/08\/mm_1_1_KD_615-01.jpg\" alt=\"\" class=\"wp-image-674\" srcset=\"https:\/\/www.carton.pl\/blog\/wp-content\/uploads\/2022\/08\/mm_1_1_KD_615-01.jpg 360w, https:\/\/www.carton.pl\/blog\/wp-content\/uploads\/2022\/08\/mm_1_1_KD_615-01-200x300.jpg 200w\" sizes=\"auto, (max-width: 360px) 100vw, 360px\" \/><\/figure>\n\n\n\n<figure class=\"wp-block-image size-full\"><img loading=\"lazy\" decoding=\"async\" width=\"360\" height=\"539\" data-id=\"421\" src=\"https:\/\/www.carton.pl\/blog\/wp-content\/uploads\/2022\/02\/mm_1_1_K_921-01.jpg\" alt=\"\" class=\"wp-image-421\" srcset=\"https:\/\/www.carton.pl\/blog\/wp-content\/uploads\/2022\/02\/mm_1_1_K_921-01.jpg 360w, https:\/\/www.carton.pl\/blog\/wp-content\/uploads\/2022\/02\/mm_1_1_K_921-01-200x300.jpg 200w\" sizes=\"auto, (max-width: 360px) 100vw, 360px\" \/><\/figure>\n<\/figure>\n\n\n\n<div style=\"height:10px\" aria-hidden=\"true\" class=\"wp-block-spacer\"><\/div>\n\n\n\n<div class=\"wp-block-buttons is-horizontal is-content-justification-center is-layout-flex wp-container-core-buttons-is-layout-499968f5 wp-block-buttons-is-layout-flex\">\n<div class=\"wp-block-button has-custom-font-size has-medium-font-size\"><a class=\"wp-block-button__link has-background wp-element-button\" href=\"https:\/\/www.carton.pl\/produkty\/koszulki\" style=\"background-color:#c20e0e\">Zobacz wszystko<\/a><\/div>\n<\/div>\n","protected":false},"excerpt":{"rendered":"<p>W latach 70. XX nikt nie spodziewa\u0142 si\u0119, \u017ce bunt przeciwko systemowi, wszelkim podzia\u0142om spo\u0142ecznym czy dyskryminacji narodzi nowy nurt w modzie. W praktyce styl punk mia\u0142 by\u0107 chwilow\u0105 odpowiedzi\u0105 na tradycyjne warto\u015bci, a z czasem sta\u0142 si\u0119 czym\u015b o wiele wi\u0119cej.&nbsp; Obecnie moda punkowa, kt\u00f3ra wyros\u0142a wok\u00f3\u0142 subkultury punk to unikalny spos\u00f3b na wyra\u017canie siebie i dzielenie si\u0119 swoimi warto\u015bciami. Je\u015bli chcesz ubiera\u0107 si\u0119 w stylu punk, to stawiaj na konkretne elementy, kt\u00f3re s\u0105 charakterystyczne w stroju punka, takie jak: dodatki ze sk\u00f3ry, jeansowe spodnie, koszulki. To oczywi\u015bcie nie wszystko. Punk rock w Polsce to szeroki temat, dlatego stworzenie stylizacji w stylu punkowym mo\u017ce by\u0107 wymagaj\u0105ce.\u00a0<\/p>\n","protected":false},"author":2,"featured_media":898,"comment_status":"closed","ping_status":"open","sticky":false,"template":"","format":"standard","meta":{"footnotes":""},"categories":[3],"tags":[],"class_list":["post-897","post","type-post","status-publish","format-standard","has-post-thumbnail","hentry","category-ciuchy"],"yoast_head":"<!-- This site is optimized with the Yoast SEO plugin v26.9 - https:\/\/yoast.com\/product\/yoast-seo-wordpress\/ -->\n<title>Styl punkowy \u2013 czym charakteryzuje si\u0119 str\u00f3j punka? | Carton.pl<\/title>\n<meta name=\"description\" content=\"Styl punk mia\u0142 za zadanie walczy\u0107 z podzia\u0142ami spo\u0142ecznymi i dyskryminacj\u0105. Zobacz, jak wygl\u0105da moda w subkulturze punkowej.\" \/>\n<meta name=\"robots\" content=\"index, follow, max-snippet:-1, max-image-preview:large, max-video-preview:-1\" \/>\n<link rel=\"canonical\" href=\"https:\/\/www.carton.pl\/blog\/jak-wyglada-stylizacja-w-stylu-punk-rock\/\" \/>\n<meta property=\"og:locale\" content=\"pl_PL\" \/>\n<meta property=\"og:type\" content=\"article\" \/>\n<meta property=\"og:title\" content=\"Styl punkowy \u2013 czym charakteryzuje si\u0119 str\u00f3j punka? | Carton.pl\" \/>\n<meta property=\"og:description\" content=\"Styl punk mia\u0142 za zadanie walczy\u0107 z podzia\u0142ami spo\u0142ecznymi i dyskryminacj\u0105. Zobacz, jak wygl\u0105da moda w subkulturze punkowej.\" \/>\n<meta property=\"og:url\" content=\"https:\/\/www.carton.pl\/blog\/jak-wyglada-stylizacja-w-stylu-punk-rock\/\" \/>\n<meta property=\"og:site_name\" content=\"BLOG carton.pl\" \/>\n<meta property=\"article:published_time\" content=\"2023-03-27T13:51:44+00:00\" \/>\n<meta property=\"article:modified_time\" content=\"2023-04-04T12:09:16+00:00\" \/>\n<meta property=\"og:image\" content=\"https:\/\/www.carton.pl\/blog\/wp-content\/uploads\/2023\/03\/PUNK-BLOG.jpg\" \/>\n\t<meta property=\"og:image:width\" content=\"900\" \/>\n\t<meta property=\"og:image:height\" content=\"600\" \/>\n\t<meta property=\"og:image:type\" content=\"image\/jpeg\" \/>\n<meta name=\"author\" content=\"Tomek\" \/>\n<meta name=\"twitter:card\" content=\"summary_large_image\" \/>\n<meta name=\"twitter:label1\" content=\"Napisane przez\" \/>\n\t<meta name=\"twitter:data1\" content=\"Tomek\" \/>\n\t<meta name=\"twitter:label2\" content=\"Szacowany czas czytania\" \/>\n\t<meta name=\"twitter:data2\" content=\"4 minuty\" \/>\n<script type=\"application\/ld+json\" class=\"yoast-schema-graph\">{\"@context\":\"https:\/\/schema.org\",\"@graph\":[{\"@type\":\"Article\",\"@id\":\"https:\/\/www.carton.pl\/blog\/jak-wyglada-stylizacja-w-stylu-punk-rock\/#article\",\"isPartOf\":{\"@id\":\"https:\/\/www.carton.pl\/blog\/jak-wyglada-stylizacja-w-stylu-punk-rock\/\"},\"author\":{\"name\":\"Tomek\",\"@id\":\"https:\/\/www.carton.pl\/blog\/#\/schema\/person\/de344cca6ded145c31c54b7017bb2d1d\"},\"headline\":\"Jak wygl\u0105da stylizacja w stylu punk rock?\",\"datePublished\":\"2023-03-27T13:51:44+00:00\",\"dateModified\":\"2023-04-04T12:09:16+00:00\",\"mainEntityOfPage\":{\"@id\":\"https:\/\/www.carton.pl\/blog\/jak-wyglada-stylizacja-w-stylu-punk-rock\/\"},\"wordCount\":716,\"publisher\":{\"@id\":\"https:\/\/www.carton.pl\/blog\/#organization\"},\"image\":{\"@id\":\"https:\/\/www.carton.pl\/blog\/jak-wyglada-stylizacja-w-stylu-punk-rock\/#primaryimage\"},\"thumbnailUrl\":\"https:\/\/www.carton.pl\/blog\/wp-content\/uploads\/2023\/03\/PUNK-BLOG.jpg\",\"articleSection\":[\"Ciuchy\"],\"inLanguage\":\"pl-PL\"},{\"@type\":\"WebPage\",\"@id\":\"https:\/\/www.carton.pl\/blog\/jak-wyglada-stylizacja-w-stylu-punk-rock\/\",\"url\":\"https:\/\/www.carton.pl\/blog\/jak-wyglada-stylizacja-w-stylu-punk-rock\/\",\"name\":\"Styl punkowy \u2013 czym charakteryzuje si\u0119 str\u00f3j punka? | Carton.pl\",\"isPartOf\":{\"@id\":\"https:\/\/www.carton.pl\/blog\/#website\"},\"primaryImageOfPage\":{\"@id\":\"https:\/\/www.carton.pl\/blog\/jak-wyglada-stylizacja-w-stylu-punk-rock\/#primaryimage\"},\"image\":{\"@id\":\"https:\/\/www.carton.pl\/blog\/jak-wyglada-stylizacja-w-stylu-punk-rock\/#primaryimage\"},\"thumbnailUrl\":\"https:\/\/www.carton.pl\/blog\/wp-content\/uploads\/2023\/03\/PUNK-BLOG.jpg\",\"datePublished\":\"2023-03-27T13:51:44+00:00\",\"dateModified\":\"2023-04-04T12:09:16+00:00\",\"description\":\"Styl punk mia\u0142 za zadanie walczy\u0107 z podzia\u0142ami spo\u0142ecznymi i dyskryminacj\u0105. Zobacz, jak wygl\u0105da moda w subkulturze punkowej.\",\"breadcrumb\":{\"@id\":\"https:\/\/www.carton.pl\/blog\/jak-wyglada-stylizacja-w-stylu-punk-rock\/#breadcrumb\"},\"inLanguage\":\"pl-PL\",\"potentialAction\":[{\"@type\":\"ReadAction\",\"target\":[\"https:\/\/www.carton.pl\/blog\/jak-wyglada-stylizacja-w-stylu-punk-rock\/\"]}]},{\"@type\":\"ImageObject\",\"inLanguage\":\"pl-PL\",\"@id\":\"https:\/\/www.carton.pl\/blog\/jak-wyglada-stylizacja-w-stylu-punk-rock\/#primaryimage\",\"url\":\"https:\/\/www.carton.pl\/blog\/wp-content\/uploads\/2023\/03\/PUNK-BLOG.jpg\",\"contentUrl\":\"https:\/\/www.carton.pl\/blog\/wp-content\/uploads\/2023\/03\/PUNK-BLOG.jpg\",\"width\":900,\"height\":600,\"caption\":\"Jak wygl\u0105da stylizacja w stylu punk rock?\"},{\"@type\":\"BreadcrumbList\",\"@id\":\"https:\/\/www.carton.pl\/blog\/jak-wyglada-stylizacja-w-stylu-punk-rock\/#breadcrumb\",\"itemListElement\":[{\"@type\":\"ListItem\",\"position\":1,\"name\":\"Strona g\u0142\u00f3wna\",\"item\":\"https:\/\/www.carton.pl\/blog\/\"},{\"@type\":\"ListItem\",\"position\":2,\"name\":\"Jak wygl\u0105da stylizacja w stylu punk rock?\"}]},{\"@type\":\"WebSite\",\"@id\":\"https:\/\/www.carton.pl\/blog\/#website\",\"url\":\"https:\/\/www.carton.pl\/blog\/\",\"name\":\"BLOG carton.pl\",\"description\":\"Zespo\u0142y, ciuchy, muzyka - o tym piszemy\",\"publisher\":{\"@id\":\"https:\/\/www.carton.pl\/blog\/#organization\"},\"potentialAction\":[{\"@type\":\"SearchAction\",\"target\":{\"@type\":\"EntryPoint\",\"urlTemplate\":\"https:\/\/www.carton.pl\/blog\/?s={search_term_string}\"},\"query-input\":{\"@type\":\"PropertyValueSpecification\",\"valueRequired\":true,\"valueName\":\"search_term_string\"}}],\"inLanguage\":\"pl-PL\"},{\"@type\":\"Organization\",\"@id\":\"https:\/\/www.carton.pl\/blog\/#organization\",\"name\":\"CARTON Tomasz Kowalski\",\"url\":\"https:\/\/www.carton.pl\/blog\/\",\"logo\":{\"@type\":\"ImageObject\",\"inLanguage\":\"pl-PL\",\"@id\":\"https:\/\/www.carton.pl\/blog\/#\/schema\/logo\/image\/\",\"url\":\"https:\/\/carton.pl\/blog\/wp-content\/uploads\/2021\/12\/carton_merch_logo.png\",\"contentUrl\":\"https:\/\/carton.pl\/blog\/wp-content\/uploads\/2021\/12\/carton_merch_logo.png\",\"width\":205,\"height\":56,\"caption\":\"CARTON Tomasz Kowalski\"},\"image\":{\"@id\":\"https:\/\/www.carton.pl\/blog\/#\/schema\/logo\/image\/\"}},{\"@type\":\"Person\",\"@id\":\"https:\/\/www.carton.pl\/blog\/#\/schema\/person\/de344cca6ded145c31c54b7017bb2d1d\",\"name\":\"Tomek\",\"image\":{\"@type\":\"ImageObject\",\"inLanguage\":\"pl-PL\",\"@id\":\"https:\/\/www.carton.pl\/blog\/#\/schema\/person\/image\/\",\"url\":\"https:\/\/secure.gravatar.com\/avatar\/c2a11a2e6f85d610387f5fc3605cf6b2b1af61f0ffb9fa4669a13a3e4c0e1281?s=96&d=mm&r=g\",\"contentUrl\":\"https:\/\/secure.gravatar.com\/avatar\/c2a11a2e6f85d610387f5fc3605cf6b2b1af61f0ffb9fa4669a13a3e4c0e1281?s=96&d=mm&r=g\",\"caption\":\"Tomek\"},\"url\":\"https:\/\/www.carton.pl\/blog\/author\/carton\/\"}]}<\/script>\n<!-- \/ Yoast SEO plugin. -->","yoast_head_json":{"title":"Styl punkowy \u2013 czym charakteryzuje si\u0119 str\u00f3j punka? | Carton.pl","description":"Styl punk mia\u0142 za zadanie walczy\u0107 z podzia\u0142ami spo\u0142ecznymi i dyskryminacj\u0105. Zobacz, jak wygl\u0105da moda w subkulturze punkowej.","robots":{"index":"index","follow":"follow","max-snippet":"max-snippet:-1","max-image-preview":"max-image-preview:large","max-video-preview":"max-video-preview:-1"},"canonical":"https:\/\/www.carton.pl\/blog\/jak-wyglada-stylizacja-w-stylu-punk-rock\/","og_locale":"pl_PL","og_type":"article","og_title":"Styl punkowy \u2013 czym charakteryzuje si\u0119 str\u00f3j punka? | Carton.pl","og_description":"Styl punk mia\u0142 za zadanie walczy\u0107 z podzia\u0142ami spo\u0142ecznymi i dyskryminacj\u0105. Zobacz, jak wygl\u0105da moda w subkulturze punkowej.","og_url":"https:\/\/www.carton.pl\/blog\/jak-wyglada-stylizacja-w-stylu-punk-rock\/","og_site_name":"BLOG carton.pl","article_published_time":"2023-03-27T13:51:44+00:00","article_modified_time":"2023-04-04T12:09:16+00:00","og_image":[{"width":900,"height":600,"url":"https:\/\/www.carton.pl\/blog\/wp-content\/uploads\/2023\/03\/PUNK-BLOG.jpg","type":"image\/jpeg"}],"author":"Tomek","twitter_card":"summary_large_image","twitter_misc":{"Napisane przez":"Tomek","Szacowany czas czytania":"4 minuty"},"schema":{"@context":"https:\/\/schema.org","@graph":[{"@type":"Article","@id":"https:\/\/www.carton.pl\/blog\/jak-wyglada-stylizacja-w-stylu-punk-rock\/#article","isPartOf":{"@id":"https:\/\/www.carton.pl\/blog\/jak-wyglada-stylizacja-w-stylu-punk-rock\/"},"author":{"name":"Tomek","@id":"https:\/\/www.carton.pl\/blog\/#\/schema\/person\/de344cca6ded145c31c54b7017bb2d1d"},"headline":"Jak wygl\u0105da stylizacja w stylu punk rock?","datePublished":"2023-03-27T13:51:44+00:00","dateModified":"2023-04-04T12:09:16+00:00","mainEntityOfPage":{"@id":"https:\/\/www.carton.pl\/blog\/jak-wyglada-stylizacja-w-stylu-punk-rock\/"},"wordCount":716,"publisher":{"@id":"https:\/\/www.carton.pl\/blog\/#organization"},"image":{"@id":"https:\/\/www.carton.pl\/blog\/jak-wyglada-stylizacja-w-stylu-punk-rock\/#primaryimage"},"thumbnailUrl":"https:\/\/www.carton.pl\/blog\/wp-content\/uploads\/2023\/03\/PUNK-BLOG.jpg","articleSection":["Ciuchy"],"inLanguage":"pl-PL"},{"@type":"WebPage","@id":"https:\/\/www.carton.pl\/blog\/jak-wyglada-stylizacja-w-stylu-punk-rock\/","url":"https:\/\/www.carton.pl\/blog\/jak-wyglada-stylizacja-w-stylu-punk-rock\/","name":"Styl punkowy \u2013 czym charakteryzuje si\u0119 str\u00f3j punka? | Carton.pl","isPartOf":{"@id":"https:\/\/www.carton.pl\/blog\/#website"},"primaryImageOfPage":{"@id":"https:\/\/www.carton.pl\/blog\/jak-wyglada-stylizacja-w-stylu-punk-rock\/#primaryimage"},"image":{"@id":"https:\/\/www.carton.pl\/blog\/jak-wyglada-stylizacja-w-stylu-punk-rock\/#primaryimage"},"thumbnailUrl":"https:\/\/www.carton.pl\/blog\/wp-content\/uploads\/2023\/03\/PUNK-BLOG.jpg","datePublished":"2023-03-27T13:51:44+00:00","dateModified":"2023-04-04T12:09:16+00:00","description":"Styl punk mia\u0142 za zadanie walczy\u0107 z podzia\u0142ami spo\u0142ecznymi i dyskryminacj\u0105. Zobacz, jak wygl\u0105da moda w subkulturze punkowej.","breadcrumb":{"@id":"https:\/\/www.carton.pl\/blog\/jak-wyglada-stylizacja-w-stylu-punk-rock\/#breadcrumb"},"inLanguage":"pl-PL","potentialAction":[{"@type":"ReadAction","target":["https:\/\/www.carton.pl\/blog\/jak-wyglada-stylizacja-w-stylu-punk-rock\/"]}]},{"@type":"ImageObject","inLanguage":"pl-PL","@id":"https:\/\/www.carton.pl\/blog\/jak-wyglada-stylizacja-w-stylu-punk-rock\/#primaryimage","url":"https:\/\/www.carton.pl\/blog\/wp-content\/uploads\/2023\/03\/PUNK-BLOG.jpg","contentUrl":"https:\/\/www.carton.pl\/blog\/wp-content\/uploads\/2023\/03\/PUNK-BLOG.jpg","width":900,"height":600,"caption":"Jak wygl\u0105da stylizacja w stylu punk rock?"},{"@type":"BreadcrumbList","@id":"https:\/\/www.carton.pl\/blog\/jak-wyglada-stylizacja-w-stylu-punk-rock\/#breadcrumb","itemListElement":[{"@type":"ListItem","position":1,"name":"Strona g\u0142\u00f3wna","item":"https:\/\/www.carton.pl\/blog\/"},{"@type":"ListItem","position":2,"name":"Jak wygl\u0105da stylizacja w stylu punk rock?"}]},{"@type":"WebSite","@id":"https:\/\/www.carton.pl\/blog\/#website","url":"https:\/\/www.carton.pl\/blog\/","name":"BLOG carton.pl","description":"Zespo\u0142y, ciuchy, muzyka - o tym piszemy","publisher":{"@id":"https:\/\/www.carton.pl\/blog\/#organization"},"potentialAction":[{"@type":"SearchAction","target":{"@type":"EntryPoint","urlTemplate":"https:\/\/www.carton.pl\/blog\/?s={search_term_string}"},"query-input":{"@type":"PropertyValueSpecification","valueRequired":true,"valueName":"search_term_string"}}],"inLanguage":"pl-PL"},{"@type":"Organization","@id":"https:\/\/www.carton.pl\/blog\/#organization","name":"CARTON Tomasz Kowalski","url":"https:\/\/www.carton.pl\/blog\/","logo":{"@type":"ImageObject","inLanguage":"pl-PL","@id":"https:\/\/www.carton.pl\/blog\/#\/schema\/logo\/image\/","url":"https:\/\/carton.pl\/blog\/wp-content\/uploads\/2021\/12\/carton_merch_logo.png","contentUrl":"https:\/\/carton.pl\/blog\/wp-content\/uploads\/2021\/12\/carton_merch_logo.png","width":205,"height":56,"caption":"CARTON Tomasz Kowalski"},"image":{"@id":"https:\/\/www.carton.pl\/blog\/#\/schema\/logo\/image\/"}},{"@type":"Person","@id":"https:\/\/www.carton.pl\/blog\/#\/schema\/person\/de344cca6ded145c31c54b7017bb2d1d","name":"Tomek","image":{"@type":"ImageObject","inLanguage":"pl-PL","@id":"https:\/\/www.carton.pl\/blog\/#\/schema\/person\/image\/","url":"https:\/\/secure.gravatar.com\/avatar\/c2a11a2e6f85d610387f5fc3605cf6b2b1af61f0ffb9fa4669a13a3e4c0e1281?s=96&d=mm&r=g","contentUrl":"https:\/\/secure.gravatar.com\/avatar\/c2a11a2e6f85d610387f5fc3605cf6b2b1af61f0ffb9fa4669a13a3e4c0e1281?s=96&d=mm&r=g","caption":"Tomek"},"url":"https:\/\/www.carton.pl\/blog\/author\/carton\/"}]}},"_links":{"self":[{"href":"https:\/\/www.carton.pl\/blog\/wp-json\/wp\/v2\/posts\/897","targetHints":{"allow":["GET"]}}],"collection":[{"href":"https:\/\/www.carton.pl\/blog\/wp-json\/wp\/v2\/posts"}],"about":[{"href":"https:\/\/www.carton.pl\/blog\/wp-json\/wp\/v2\/types\/post"}],"author":[{"embeddable":true,"href":"https:\/\/www.carton.pl\/blog\/wp-json\/wp\/v2\/users\/2"}],"replies":[{"embeddable":true,"href":"https:\/\/www.carton.pl\/blog\/wp-json\/wp\/v2\/comments?post=897"}],"version-history":[{"count":2,"href":"https:\/\/www.carton.pl\/blog\/wp-json\/wp\/v2\/posts\/897\/revisions"}],"predecessor-version":[{"id":910,"href":"https:\/\/www.carton.pl\/blog\/wp-json\/wp\/v2\/posts\/897\/revisions\/910"}],"wp:featuredmedia":[{"embeddable":true,"href":"https:\/\/www.carton.pl\/blog\/wp-json\/wp\/v2\/media\/898"}],"wp:attachment":[{"href":"https:\/\/www.carton.pl\/blog\/wp-json\/wp\/v2\/media?parent=897"}],"wp:term":[{"taxonomy":"category","embeddable":true,"href":"https:\/\/www.carton.pl\/blog\/wp-json\/wp\/v2\/categories?post=897"},{"taxonomy":"post_tag","embeddable":true,"href":"https:\/\/www.carton.pl\/blog\/wp-json\/wp\/v2\/tags?post=897"}],"curies":[{"name":"wp","href":"https:\/\/api.w.org\/{rel}","templated":true}]}}